{"id":5774,"date":"2017-04-13T16:49:41","date_gmt":"2017-04-13T19:49:41","guid":{"rendered":"http:\/\/www.jornaldaconstrucaocivil.com.br\/?p=5774"},"modified":"2017-04-13T16:49:41","modified_gmt":"2017-04-13T19:49:41","slug":"reformar-para-mudar","status":"publish","type":"post","link":"https:\/\/construcaocivil.siriusmarketingedesign.com.br\/?p=5774","title":{"rendered":"Reformar para mudar"},"content":{"rendered":"<p style=\"text-align: justify;\"><span style=\"color: #000000;\"><span style=\"color: #ff0000;\">Abril, 2017<\/span> &#8211; Sem a ado\u00e7\u00e3o de medidas concretas, o futuro das pr\u00f3ximas gera\u00e7\u00f5es estar\u00e1 comprometido.<\/span><\/p>\n<p style=\"text-align: justify;\"><span style=\"color: #000000;\">A sociedade defende mudan\u00e7as. Quer a afirma\u00e7\u00e3o de valores \u00e9ticos (na pol\u00edtica, nos neg\u00f3cios, na vida). Quer a moderniza\u00e7\u00e3o de regras e modelos; eliminar engessamentos; ter perspectivas; fluir; prosperar.<\/span><\/p>\n<p style=\"text-align: justify;\"><span style=\"color: #000000;\">Para o desencadeamento dessas mudan\u00e7as, dois caminhos que come\u00e7am a ser trilhados merecem nosso decidido apoio.<\/span><\/p>\n<p style=\"text-align: justify;\"><span style=\"color: #000000;\">A reforma da Previd\u00eancia \u00e9 um deles. A popula\u00e7\u00e3o envelhece. A taxa de natalidade cai. Pura aritm\u00e9tica: se nada for feito, em breve nossos filhos e netos n\u00e3o ter\u00e3o direito a qualquer benef\u00edcio.<\/span><\/p>\n<p style=\"text-align: justify;\"><span style=\"color: #000000;\">O outro \u00e9 o da moderniza\u00e7\u00e3o da legisla\u00e7\u00e3o trabalhista. A rela\u00e7\u00e3o capital\/trabalho amadureceu, evoluiu. Os empregados de hoje sabem se organizar, dialogar e negociar com seus empregadores.<\/span><\/p>\n<p style=\"text-align: justify;\"><span style=\"color: #000000;\">Para respeitar essa capacidade, ao inv\u00e9s de subestim\u00e1-la, \u00e9 preciso atualizar a velha CLT; adapt\u00e1-la \u00e0 realidade; romper paradigmas; garantir seguran\u00e7a jur\u00eddica ao acordado. E, assim, ampliar a oferta de empregos para n\u00f3s, nossos filhos e netos.<\/span><\/p>\n<p style=\"text-align: justify;\"><span style=\"color: #000000;\">Como entidades representativas da ind\u00fastria, com\u00e9rcio e servi\u00e7os, apoiamos a realiza\u00e7\u00e3o dessas reformas.<\/span><\/p>\n<p style=\"text-align: justify;\"><span style=\"color: #000000;\">Elas representam o in\u00edcio do processo de restaura\u00e7\u00e3o do Brasil, abrindo espa\u00e7o para que os pr\u00f3ximos governos n\u00e3o temam fazer o que \u00e9 necess\u00e1rio. Abandonem o populismo e assumam a responsabilidade de cuidar deste Pa\u00eds, protegendo seus habitantes.<\/span><\/p>\n<p style=\"text-align: justify;\"><span style=\"color: #000000;\">Basta de adiar o indispens\u00e1vel; de negar o inadi\u00e1vel.<\/span><\/p>\n<p style=\"text-align: justify;\"><span style=\"color: #000000;\">S\u00f3 com desenvolvimento econ\u00f4mico e cria\u00e7\u00e3o de empregos teremos a redu\u00e7\u00e3o da pobreza e os avan\u00e7os sociais que tanto desejamos.<\/span><\/p>\n<p style=\"text-align: justify;\"><span style=\"color: #000000;\">Coragem, brasileiros. O melhor est\u00e1 por vir!<\/span><\/p>\n<p style=\"text-align: center;\"><strong><span style=\"color: #993300;\">Porque esta Na\u00e7\u00e3o merece (e pode) ser grande<\/span><\/strong><\/p>\n<p><span style=\"color: #000000;\"><strong>Aabic <\/strong>&#8211; Associa\u00e7\u00e3o das Administradoras de Bens Im\u00f3veis e Condom\u00ednios de S\u00e3o Paulo<\/span><\/p>\n<p><span style=\"color: #000000;\"><strong>Abecip &#8211; <\/strong>Associa\u00e7\u00e3o Brasileira das Entidades de Cr\u00e9dito Imobili\u00e1rio e Poupan\u00e7a<\/span><\/p>\n<p><span style=\"color: #000000;\"><strong>Abrainc &#8211; <\/strong>Associa\u00e7\u00e3o Brasileira de Incorporadoras Imobili\u00e1rias<\/span><\/p>\n<p><span style=\"color: #000000;\"><strong>Abrasce &#8211; <\/strong>Associa\u00e7\u00e3o Brasileira de Shopping Centers<\/span><\/p>\n<p><span style=\"color: #000000;\"><strong>ACSP <\/strong>\u2013 Associa\u00e7\u00e3o Comercial de S\u00e3o Paulo<\/span><\/p>\n<p><span style=\"color: #000000;\"><strong>ADIT Brasil \u2013 <\/strong>Associa\u00e7\u00e3o para o Desenvolvimento Imobili\u00e1rio e Tur\u00edstico do Brasil<\/span><\/p>\n<p><span style=\"color: #000000;\"><strong>ADVB <\/strong>\u2013 Associa\u00e7\u00e3o dos Dirigentes de Vendas e Marketing do Brasil<\/span><\/p>\n<p><span style=\"color: #000000;\"><strong>Aelo \u2013 <\/strong>Associa\u00e7\u00e3o das Empresas de Loteamento e Desenvolvimento Urbano<\/span><\/p>\n<p><span style=\"color: #000000;\"><strong>Alshop <\/strong>&#8211; Associa\u00e7\u00e3o Brasileira de Lojistas de Shopping<\/span><\/p>\n<p><span style=\"color: #000000;\"><strong>Apeop &#8211; <\/strong>Associa\u00e7\u00e3o Paulista de Empres\u00e1rios de Obras P\u00fablicas<\/span><\/p>\n<p><span style=\"color: #000000;\"><strong>AsBea \u2013 <\/strong>Associa\u00e7\u00e3o Brasileira dos Escrit\u00f3rios de Arquitetura<\/span><\/p>\n<p><span style=\"color: #000000;\"><strong>CBIC \u2013 <\/strong>C\u00e2mara Brasileira da Ind\u00fastria da Constru\u00e7\u00e3o<\/span><\/p>\n<p><span style=\"color: #000000;\"><strong>Cofeci-Creci \u2013 <\/strong>Conselho Federal dos Corretores de Im\u00f3veis<\/span><\/p>\n<p><span style=\"color: #000000;\"><strong>Deconcic \u2013 Fiesp <\/strong>&#8211; Departamento da Ind\u00fastria da Constru\u00e7\u00e3o da Fiesp<\/span><\/p>\n<p><span style=\"color: #000000;\"><strong>Facesp <\/strong>&#8211; Federa\u00e7\u00e3o das Associa\u00e7\u00f5es Comerciais do Estado de S\u00e3o Paulo<\/span><\/p>\n<p><span style=\"color: #000000;\"><strong>Fecomercio &#8211; <\/strong>Federa\u00e7\u00e3o do Com\u00e9rcio de Bens, Servi\u00e7os e Turismo do Estado de S\u00e3o Paulo<\/span><\/p>\n<p><span style=\"color: #000000;\"><strong>Fiabci-Brasil &#8211; <\/strong>Federa\u00e7\u00e3o Internacional Imobili\u00e1ria<\/span><\/p>\n<p><span style=\"color: #000000;\"><strong>IE &#8211; <\/strong>Instituto de Engenharia<\/span><\/p>\n<p><span style=\"color: #000000;\"><strong>Sciesp &#8211; <\/strong>Sindicato dos Corretores de Im\u00f3veis do Estado de S\u00e3o Paulo<\/span><\/p>\n<p><span style=\"color: #000000;\"><b>Sinaenco<\/b> &#8211; Sindicato Nacional das Empresas de Arquitetura e Engenharia Consultiva<\/span><\/p>\n<p><span style=\"color: #000000;\"><strong>Secovi-SP \u2013 <\/strong>Sindicato das Empresas de Compra, Venda, Loca\u00e7\u00e3o e Administra\u00e7\u00e3o de Im\u00f3veis Residenciais e Comerciais de S\u00e3o Paulo<\/span><\/p>\n<p><span style=\"color: #000000;\"><strong>SindusCon-SP &#8211; <\/strong>Sindicato da Ind\u00fastria da Constru\u00e7\u00e3o Civil do Estado de S\u00e3o Paulo<\/span><\/p>\n<p><span style=\"color: #000000;\"><strong>Sobratema<\/strong> \u2013 Associa\u00e7\u00e3o Brasileira de Tecnologia para Constru\u00e7\u00e3o e Minera\u00e7\u00e3o<\/span><\/p>\n<p><span style=\"color: #993300;\">Fonte: Sinaenco<\/span><\/p>\n","protected":false},"excerpt":{"rendered":"<p>Abril, 2017 &#8211; Sem a ado\u00e7\u00e3o de medidas concretas, o futuro das pr\u00f3ximas gera\u00e7\u00f5es estar\u00e1 comprometido. A sociedade defende mudan\u00e7as. Quer a afirma\u00e7\u00e3o de valores \u00e9ticos (na pol\u00edtica, nos neg\u00f3cios, na vida). Quer a moderniza\u00e7\u00e3o de regras e modelos; eliminar engessamentos; ter perspectivas; fluir; prosperar. Para o desencadeamento dessas mudan\u00e7as, dois caminhos que come\u00e7am a [&hellip;]<\/p>\n","protected":false},"author":1,"featured_media":0,"comment_status":"open","ping_status":"open","sticky":false,"template":"","format":"standard","meta":{"_uag_custom_page_level_css":"","footnotes":""},"categories":[27],"tags":[3217,3856,7164,7806,7970,10053,10791,11104],"class_list":["post-5774","post","type-post","status-publish","format-standard","hentry","category-acontece","tag-crise-politica","tag-economia","tag-manifesto-por-mudancas","tag-modernizacao-da-legislacao-trabalhista","tag-mudancas-na-clt","tag-reforma-da-previdencia","tag-seguranca-juridica","tag-sinaenco"],"blocksy_meta":[],"spectra_blocks_featured_image_url":null,"spectra_blocks_author_info":{"display_name":"Jornal da Constru\u00e7\u00e3o Civil","avatar_url":"https:\/\/secure.gravatar.com\/avatar\/973c9774fd44ddaceb026973c4962faa70fc512bc4c9da68e8ebb40fecee6540?s=96&d=mm&r=g","author_link":"https:\/\/construcaocivil.siriusmarketingedesign.com.br\/?author=1","description":"Desde de 2013, levando muitas informa\u00e7\u00f5es, lan\u00e7amentos e produtos de qualidade para toda cadeia produtiva da constru\u00e7\u00e3o. O Futuro da constru\u00e7\u00e3o passa por aqui,"},"uagb_featured_image_src":{"full":false,"thumbnail":false,"medium":false,"medium_large":false,"large":false,"1536x1536":false,"2048x2048":false},"uagb_author_info":{"display_name":"Jornal da Constru\u00e7\u00e3o Civil","author_link":"https:\/\/construcaocivil.siriusmarketingedesign.com.br\/?author=1"},"uagb_comment_info":0,"uagb_excerpt":"Abril, 2017 &#8211; Sem a ado\u00e7\u00e3o de medidas concretas, o futuro das pr\u00f3ximas gera\u00e7\u00f5es estar\u00e1 comprometido. A sociedade defende mudan\u00e7as. Quer a afirma\u00e7\u00e3o de valores \u00e9ticos (na pol\u00edtica, nos neg\u00f3cios, na vida). Quer a moderniza\u00e7\u00e3o de regras e modelos; eliminar engessamentos; ter perspectivas; fluir; prosperar. Para o desencadeamento dessas mudan\u00e7as, dois caminhos que come\u00e7am a&hellip;","_links":{"self":[{"href":"https:\/\/construcaocivil.siriusmarketingedesign.com.br\/index.php?rest_route=\/wp\/v2\/posts\/5774","targetHints":{"allow":["GET"]}}],"collection":[{"href":"https:\/\/construcaocivil.siriusmarketingedesign.com.br\/index.php?rest_route=\/wp\/v2\/posts"}],"about":[{"href":"https:\/\/construcaocivil.siriusmarketingedesign.com.br\/index.php?rest_route=\/wp\/v2\/types\/post"}],"author":[{"embeddable":true,"href":"https:\/\/construcaocivil.siriusmarketingedesign.com.br\/index.php?rest_route=\/wp\/v2\/users\/1"}],"replies":[{"embeddable":true,"href":"https:\/\/construcaocivil.siriusmarketingedesign.com.br\/index.php?rest_route=%2Fwp%2Fv2%2Fcomments&post=5774"}],"version-history":[{"count":0,"href":"https:\/\/construcaocivil.siriusmarketingedesign.com.br\/index.php?rest_route=\/wp\/v2\/posts\/5774\/revisions"}],"wp:attachment":[{"href":"https:\/\/construcaocivil.siriusmarketingedesign.com.br\/index.php?rest_route=%2Fwp%2Fv2%2Fmedia&parent=5774"}],"wp:term":[{"taxonomy":"category","embeddable":true,"href":"https:\/\/construcaocivil.siriusmarketingedesign.com.br\/index.php?rest_route=%2Fwp%2Fv2%2Fcategories&post=5774"},{"taxonomy":"post_tag","embeddable":true,"href":"https:\/\/construcaocivil.siriusmarketingedesign.com.br\/index.php?rest_route=%2Fwp%2Fv2%2Ftags&post=5774"}],"curies":[{"name":"wp","href":"https:\/\/api.w.org\/{rel}","templated":true}]}}