{"id":579,"date":"2015-12-16T00:00:46","date_gmt":"2015-12-16T00:00:46","guid":{"rendered":"http:\/\/www.jornaldaconstrucaocivil.com.br\/?p=579"},"modified":"2015-12-16T00:00:46","modified_gmt":"2015-12-16T00:00:46","slug":"iab-lanca-concurso-para-escolher-marca-do-congresso-uia-2020-rio","status":"publish","type":"post","link":"https:\/\/construcaocivil.siriusmarketingedesign.com.br\/?p=579","title":{"rendered":"IAB lan\u00e7a concurso para escolher marca do Congresso UIA 2020 RIO"},"content":{"rendered":"<p><strong><em>Evento, um dos mais importantes do Rio p\u00f3s-ol\u00edmpico, reunir\u00e1 cerca de 15 mil profissionais para discutir o futuro das grandes cidades<\/em><\/strong><\/p>\n<p><span style=\"color: #000000;\">O Instituto de Arquitetos do Brasil (IAB) lan\u00e7a, nesta quinta-feira, o edital do concurso p\u00fablico nacional para escolher a identidade visual do UIA 2020 RIO, o 27\u00ba Congresso Mundial da Uni\u00e3o Internacional dos Arquitetos\/UIA, que ser\u00e1 realizado pela primeira vez no Brasil. A cerim\u00f4nia acontecer\u00e1 na sede do IAB-RJ, no Flamengo, \u00e0s 19h. Organizada pelo IAB-RJ e com o apoio do Conselho de Arquitetura e Urbanismo do Rio de Janeiro (CAU-RJ), a competi\u00e7\u00e3o est\u00e1 aberta a designers e arquitetos de todo o pa\u00eds, al\u00e9m de estrangeiros associados a profissionais brasileiros.<\/span><\/p>\n<p><span style=\"color: #000000;\">As inscri\u00e7\u00f5es estar\u00e3o abertas a partir do dia 18 de dezembro, e o prazo se encerra no dia 29 de janeiro de 2016.\u00a0 A divulga\u00e7\u00e3o do resultado est\u00e1 marcada para o dia 26 de fevereiro, e a premia\u00e7\u00e3o ocorrer\u00e1 no dia 15 de mar\u00e7o. O vencedor assinar\u00e1 um contrato para desenvolver a identidade visual do evento. As bases do concurso estar\u00e3o dispon\u00edveis a partir da data do lan\u00e7amento no site<span style=\"color: #0000ff;\">\u00a0<a style=\"color: #0000ff;\" href=\"http:\/\/concursouia2020rio.iabrj.org.br\/\">concursouia2020rio.iabrj.org.br<\/a><\/span>. O idioma oficial do material do congresso \u00e9 o ingl\u00eas.<\/span><\/p>\n<p><span style=\"color: #000000;\">O tema do congresso \u00e9<strong><em> \u201cTodos os Mundos. Um s\u00f3 Mundo. Arquitetura 21\u201d<\/em><\/strong>. De acordo com o coordenador do concurso, arquiteto Claudio Taulois, a capital carioca re\u00fane contrastes e acertos representativos da diversidade urbana das cidades contempor\u00e2neas. A marca do evento poder\u00e1 representar caracter\u00edsticas da cidade-sede e tamb\u00e9m o conceito do tema.<\/span><\/p>\n<p><span style=\"color: #000000;\"><em>\u201cA identidade visual do UIA 2020 RIO dever\u00e1 despertar nos arquitetos de todo o mundo o interesse em participar do evento, permitindo leitura clara e associa\u00e7\u00e3o imediata com o congresso. Ela dever\u00e1 ainda causar impacto positivo nos profissionais, nas institui\u00e7\u00f5es e nas empresas cuja ades\u00e3o ao evento \u00e9 esperada\u201d,<\/em> explicou Taulois.<\/span><\/p>\n<p><span style=\"color: #000000;\">A designer Bitiz Afflalo, consultora do concurso, esclarece alguns valores necess\u00e1rios ao sistema de identidade visual do UIA 2020 RIO:<\/span><\/p>\n<p><span style=\"color: #000000;\"><em>&#8220;A marca deve ser um elemento de aproxima\u00e7\u00e3o dos arquitetos com o p\u00fablico brasileiro e uma imagem que aproxime a arquitetura latino-americana do mundo. Al\u00e9m disso, deve refletir o esp\u00edrito da cidade em que o evento ser\u00e1 realizado, o Rio.&#8221;<\/em><\/span><\/p>\n<p><span style=\"color: #000000;\">As vers\u00f5es do sistema de identidade visual dever\u00e3o contemplar tr\u00eas forma\u00e7\u00f5es: completa, m\u00e9dia e curta. A vers\u00e3o mais completa tem como conte\u00fado a marca, a denomina\u00e7\u00e3o (27\u00ba Congresso Mundial de Arquitetos da UIA) e o tema do evento. A marca poder\u00e1 surgir em v\u00e1rias situa\u00e7\u00f5es, como no sentido horizontal ou vertical e sobre fundo claro ou escuro. Al\u00e9m disso, \u00e9 requisito fundamental que a marca tenha a capacidade de redu\u00e7\u00e3o para impress\u00e3o em objetos pequenos, como l\u00e1pis e canetas.<\/span><\/p>\n<p><span style=\"color: #000000;\">Para o presidente do IAB, S\u00e9rgio Magalh\u00e3es, a promo\u00e7\u00e3o do concurso da marca do UIA 2020 RIO \u00e9 mais um passo em busca do sucesso do congresso, que pode ajudar na requalifica\u00e7\u00e3o da profiss\u00e3o e na constru\u00e7\u00e3o de um di\u00e1logo produtivo com a sociedade brasileira: <em>\u201cO objetivo do IAB n\u00e3o \u00e9 organizar o maior evento de arquitetura do mundo, mas buscar a melhor inser\u00e7\u00e3o da atividade perante a sociedade e os poderes p\u00fablicos, reordenando as condi\u00e7\u00f5es de exerc\u00edcio profissional no pa\u00eds. Esperamos que a marca escolhida transmita a ideia de que o congresso \u00e9 um f\u00f3rum em que os participantes poder\u00e3o, al\u00e9m de confraternizar com seus pares, atualizar-se com os temas que reflitam o estado da arte da arquitetura e do urbanismo\u201d<\/em>.<\/span><\/p>\n<p><span style=\"color: #000000;\">Um dos mais importantes eventos da cidade p\u00f3s-ol\u00edmpica, o UIA 2020 RIO deve reunir cerca de 15 mil arquitetos de todo o mundo na capital carioca para discutir a atual realidade urbana, expressa atrav\u00e9s da diversidade e da multiplicidade de formas de constru\u00e7\u00e3o das cidades, al\u00e9m de promover a reinser\u00e7\u00e3o da profiss\u00e3o no meio social.<\/span><\/p>\n<p><span style=\"color: #000000;\">Segundo o presidente do CAU\/RJ, Jer\u00f4nimo de Moraes Neto, o Conselho tem orgulho em poder apoiar um evento de tamanha express\u00e3o, que contribuir\u00e1 decisivamente para a consolida\u00e7\u00e3o da arquitetura no pa\u00eds. <em>\u201cO UIA 2020 RIO ser\u00e1 um espa\u00e7o privilegiado para a congrega\u00e7\u00e3o das ideias de todas as entidades que representam a arquitetura. O congresso ser\u00e1 uma oportunidade de a gente mostrar a import\u00e2ncia do nosso trabalho para a sociedade e de reunir colegas de todo o mundo para discutir quest\u00f5es que afetam a todos.\u201d<\/em><\/span><\/p>\n<p><span style=\"color: #000000;\">O presidente do IAB-RJ, Pedro da Luz Moreira, lembra que apenas 8% da popula\u00e7\u00e3o brasileira entende o papel do arquiteto. O arquiteto alerta que a profiss\u00e3o precisa se sensibilizar por temas mais pr\u00f3ximos ao cotidiano das grandes cidades: habita\u00e7\u00e3o, mobilidade, acessibilidade e meio ambiente. <em>\u201cO congresso vai ajudar o conjunto da sociedade brasileira a entender que as a\u00e7\u00f5es de plano e de projeto s\u00e3o fundamentais para a constru\u00e7\u00e3o de espa\u00e7os f\u00edsicos melhores, capazes de promover equidade e um futuro melhor para as pr\u00f3ximas gera\u00e7\u00f5es\u201d<\/em>.<\/span><\/p>\n<p><span style=\"color: #000000;\">O UIA 2020 Rio tem o apoio do Conselho Internacional de Arquitetos de L\u00edngua Portuguesa (CIALP), da Federa\u00e7\u00e3o Pan-Americana de Associa\u00e7\u00f5es de Arquitetos (FPAA), do Conselho de Arquitetura e Urbanismo do Brasil (CAU\/BR), da Federa\u00e7\u00e3o Nacional de Arquitetos e Urbanistas (FNA), da Associa\u00e7\u00e3o Brasileira de Arquitetura Paisag\u00edstica (ABAP), da Associa\u00e7\u00e3o Brasileira de Escrit\u00f3rios de Arquitetura (AsBEA), da Associa\u00e7\u00e3o Brasileira de Ensino de Arquitetura e Urbanismo (ABEA), da Associa\u00e7\u00e3o Nacional de P\u00f3s-gradua\u00e7\u00e3o e Pesquisa em Planejamento Urbano e Regional (ANPUR) e da Associa\u00e7\u00e3o Nacional de Pesquisa e P\u00f3s-gradua\u00e7\u00e3o em Arquitetura e Urbanismo (ANPARQ).<\/span><\/p>\n<p><span style=\"color: #000000;\"><strong><u>Servi\u00e7o<\/u><\/strong><\/span><\/p>\n<p><span style=\"color: #000000;\">Lan\u00e7amento do Concurso da Marca do UIA 2020 RIO<\/span><\/p>\n<p><span style=\"color: #000000;\">Quando: 17 de dezembro, quinta-feira<\/span><\/p>\n<p><span style=\"color: #000000;\">Hor\u00e1rio: 19h<\/span><\/p>\n<p><span style=\"color: #000000;\">Loca: sede do IAB-RJ<\/span><\/p>\n<p><span style=\"color: #000000;\">Endere\u00e7o: Beco do Pinheiro, 10, Flamengo. Rio de Janeiro &#8211; RJ<\/span><\/p>\n<p><span style=\"color: #000000;\">Site da competi\u00e7\u00e3o:\u00a0<a style=\"color: #000000;\" href=\"http:\/\/concursouia2020rio.iabrj.org.br\/\">concursouia2020rio.iabrj.org.br<\/a><\/span><\/p>\n<p><span style=\"color: #000000;\">Inscri\u00e7\u00f5es: de 18 de dezembro de 2015 a 29 de janeiro de 216<\/span><\/p>\n<p><span style=\"color: #000000;\">Mais informa\u00e7\u00f5es: (21) 2557-4480<\/span><\/p>\n<p>&nbsp;<\/p>\n","protected":false},"excerpt":{"rendered":"<p>Evento, um dos mais importantes do Rio p\u00f3s-ol\u00edmpico, reunir\u00e1 cerca de 15 mil profissionais para discutir o futuro das grandes cidades O Instituto de Arquitetos do Brasil (IAB) lan\u00e7a, nesta quinta-feira, o edital do concurso p\u00fablico nacional para escolher a identidade visual do UIA 2020 RIO, o 27\u00ba Congresso Mundial da Uni\u00e3o Internacional dos Arquitetos\/UIA, [&hellip;]<\/p>\n","protected":false},"author":1,"featured_media":0,"comment_status":"open","ping_status":"open","sticky":false,"template":"","format":"quote","meta":{"_uag_custom_page_level_css":"","footnotes":""},"categories":[27,28],"tags":[2016,5833,12042],"class_list":["post-579","post","type-post","status-publish","format-quote","hentry","category-acontece","category-arquitetura","tag-cau-rj","tag-iab","tag-uia-2020-rio","post_format-post-format-quote"],"blocksy_meta":[],"spectra_blocks_featured_image_url":null,"spectra_blocks_author_info":{"display_name":"Jornal da Constru\u00e7\u00e3o Civil","avatar_url":"https:\/\/secure.gravatar.com\/avatar\/973c9774fd44ddaceb026973c4962faa70fc512bc4c9da68e8ebb40fecee6540?s=96&d=mm&r=g","author_link":"https:\/\/construcaocivil.siriusmarketingedesign.com.br\/?author=1","description":"Desde de 2013, levando muitas informa\u00e7\u00f5es, lan\u00e7amentos e produtos de qualidade para toda cadeia produtiva da constru\u00e7\u00e3o. O Futuro da constru\u00e7\u00e3o passa por aqui,"},"uagb_featured_image_src":{"full":false,"thumbnail":false,"medium":false,"medium_large":false,"large":false,"1536x1536":false,"2048x2048":false},"uagb_author_info":{"display_name":"Jornal da Constru\u00e7\u00e3o Civil","author_link":"https:\/\/construcaocivil.siriusmarketingedesign.com.br\/?author=1"},"uagb_comment_info":0,"uagb_excerpt":"Evento, um dos mais importantes do Rio p\u00f3s-ol\u00edmpico, reunir\u00e1 cerca de 15 mil profissionais para discutir o futuro das grandes cidades O Instituto de Arquitetos do Brasil (IAB) lan\u00e7a, nesta quinta-feira, o edital do concurso p\u00fablico nacional para escolher a identidade visual do UIA 2020 RIO, o 27\u00ba Congresso Mundial da Uni\u00e3o Internacional dos Arquitetos\/UIA,&hellip;","_links":{"self":[{"href":"https:\/\/construcaocivil.siriusmarketingedesign.com.br\/index.php?rest_route=\/wp\/v2\/posts\/579","targetHints":{"allow":["GET"]}}],"collection":[{"href":"https:\/\/construcaocivil.siriusmarketingedesign.com.br\/index.php?rest_route=\/wp\/v2\/posts"}],"about":[{"href":"https:\/\/construcaocivil.siriusmarketingedesign.com.br\/index.php?rest_route=\/wp\/v2\/types\/post"}],"author":[{"embeddable":true,"href":"https:\/\/construcaocivil.siriusmarketingedesign.com.br\/index.php?rest_route=\/wp\/v2\/users\/1"}],"replies":[{"embeddable":true,"href":"https:\/\/construcaocivil.siriusmarketingedesign.com.br\/index.php?rest_route=%2Fwp%2Fv2%2Fcomments&post=579"}],"version-history":[{"count":0,"href":"https:\/\/construcaocivil.siriusmarketingedesign.com.br\/index.php?rest_route=\/wp\/v2\/posts\/579\/revisions"}],"wp:attachment":[{"href":"https:\/\/construcaocivil.siriusmarketingedesign.com.br\/index.php?rest_route=%2Fwp%2Fv2%2Fmedia&parent=579"}],"wp:term":[{"taxonomy":"category","embeddable":true,"href":"https:\/\/construcaocivil.siriusmarketingedesign.com.br\/index.php?rest_route=%2Fwp%2Fv2%2Fcategories&post=579"},{"taxonomy":"post_tag","embeddable":true,"href":"https:\/\/construcaocivil.siriusmarketingedesign.com.br\/index.php?rest_route=%2Fwp%2Fv2%2Ftags&post=579"}],"curies":[{"name":"wp","href":"https:\/\/api.w.org\/{rel}","templated":true}]}}