{"id":5796,"date":"2017-04-13T18:05:16","date_gmt":"2017-04-13T21:05:16","guid":{"rendered":"http:\/\/www.jornaldaconstrucaocivil.com.br\/?p=5796"},"modified":"2017-04-13T18:05:16","modified_gmt":"2017-04-13T21:05:16","slug":"sindicato-dos-engenheiros-de-sp-realiza-17o-seminario-de-abertura-das-campanhas-salariais-na-proxima-terca-feira-184","status":"publish","type":"post","link":"https:\/\/construcaocivil.siriusmarketingedesign.com.br\/?p=5796","title":{"rendered":"Sindicato dos Engenheiros de SP realiza 17\u00ba Semin\u00e1rio de Abertura  das Campanhas Salariais na pr\u00f3xima ter\u00e7a-feira (18\/4)"},"content":{"rendered":"<p style=\"text-align: justify;\"><span style=\"color: #000080;\"><em><strong>Debate que ser\u00e1 realizado pelo Sindicato dos Engenheiros no Estado de S\u00e3o Paulo (SEESP) abre temporada de negocia\u00e7\u00f5es salariais coletivas envolvendo cerca de 100 mil engenheiros<\/strong><\/em><\/span><\/p>\n<figure id=\"attachment_5798\" aria-describedby=\"caption-attachment-5798\" style=\"width: 304px\" class=\"wp-caption alignleft\"><a href=\"http:\/\/www.jornaldaconstrucaocivil.com.br\/wp-content\/uploads\/2017\/04\/Murilo.jpg\"><img loading=\"lazy\" decoding=\"async\" class=\"wp-image-5798 \" src=\"http:\/\/www.jornaldaconstrucaocivil.com.br\/wp-content\/uploads\/2017\/04\/Murilo.jpg\" alt=\"Murilo\" width=\"304\" height=\"456\" \/><\/a><figcaption id=\"caption-attachment-5798\" class=\"wp-caption-text\"><span style=\"color: #993300;\">Murilo Pinheiro, presidente da SEESP e FNE. <span style=\"color: #000000;\">Cr\u00e9ditos: Divulga\u00e7\u00e3o<\/span><\/span><\/figcaption><\/figure>\n<p style=\"text-align: justify;\"><span style=\"color: #000000;\"><span style=\"color: #993300;\">Abril, 2017<\/span> &#8211; O Sindicato dos Engenheiros no Estado de S\u00e3o Paulo (SEESP) realiza na pr\u00f3xima ter\u00e7a-feira (18\/4) o XVII Semin\u00e1rio de Abertura das Campanhas Salariais.<\/span><\/p>\n<p style=\"text-align: justify;\"><span style=\"color: #000000;\">O prop\u00f3sito \u00e9 sedimentar o caminho do di\u00e1logo nas negocia\u00e7\u00f5es salariais, refor\u00e7ando que a melhora salarial \u00e9 essencial para o trabalhador e importante fator no debate nacional de retomada do crescimento.<\/span><\/p>\n<p style=\"text-align: justify;\"><span style=\"color: #000000;\">O semin\u00e1rio ser\u00e1 realizado \u00e0s 17 horas na sede do SEESP em evento que contar\u00e1 com a avalia\u00e7\u00e3o de especialistas sobre a conjuntura econ\u00f4mica e apresenta\u00e7\u00e3o de informa\u00e7\u00f5es sobre o mercado de trabalho.<\/span><\/p>\n<p style=\"text-align: justify;\"><span style=\"color: #000000;\">Participam do semin\u00e1rio o t\u00e9cnico do Departamento Intersindical de Estat\u00edstica e Estudos Socioecon\u00f4micos (Dieese), Clemente Ganz L\u00facio, o diretor de Documenta\u00e7\u00e3o do Departamento Intersindical de Assessoria Parlamentar (Diap), Ant\u00f4nio Augusto de Queiroz, e o consultor sindical do SEESP, Jo\u00e3o Guilherme Vargas Netto.<\/span><\/p>\n<p style=\"text-align: justify;\"><span style=\"color: #000000;\">Os representantes das empresas e entidades patronais com as quais o SEESP negocia tamb\u00e9m estar\u00e3o presentes nos debates.<\/span><\/p>\n<p style=\"text-align: justify;\"><span style=\"color: #000000;\">O Semin\u00e1rio de Abertura das Campanhas Salariais, j\u00e1 em sua 17\u00aa edi\u00e7\u00e3o, \u00e9 um evento tradicional e que representa o in\u00edcio de um amplo processo de negocia\u00e7\u00f5es coletivas entre o SEESP e diversas empresas e organiza\u00e7\u00f5es patronais de diferentes segmentos econ\u00f4micos abrangendo 100 mil engenheiros de todo o Estado.<\/span><\/p>\n<p style=\"text-align: justify;\"><span style=\"color: #000000;\">O encontro \u00e9, na avalia\u00e7\u00e3o do presidente do SEESP, Murilo Pinheiro, um importante ponto de partida para se estabelecer o di\u00e1logo na busca de conquistas para a categoria dos engenheiros. Murilo Pinheiro foi reeleito para a gest\u00e3o do sindicato entre 2018-2021 em resultado divulgado no \u00faltimo dia 10.<\/span><\/p>\n<p style=\"text-align: justify;\"><span style=\"color: #000000;\">A seguir, a avalia\u00e7\u00e3o do presidente do SEESP e tamb\u00e9m dirigente da Federa\u00e7\u00e3o Nacional dos Engenheiros (FNE) sobre o semin\u00e1rio e as negocia\u00e7\u00f5es coletivas deste ano.<\/span><\/p>\n<p style=\"text-align: justify;\"><span style=\"color: #0000ff;\">Qual \u00e9 a import\u00e2ncia do Semin\u00e1rio de Abertura das Campanhas Salariais?<\/span><\/p>\n<p style=\"text-align: justify;\"><span style=\"color: #000000;\"><span style=\"color: #993300;\">Murilo Pinheiro<\/span> \u2013 O semin\u00e1rio \u00e9 muito importante como forma de abrir o di\u00e1logo para as negocia\u00e7\u00f5es que se seguir\u00e3o, j\u00e1 que participam representantes das empresas e entidades patronais onde atua a nossa categoria. \u00c9 uma oportunidade para que o sindicato deixe clara a sua disposi\u00e7\u00e3o de chegar a um acordo ou conven\u00e7\u00e3o coletiva de trabalho \u00e0 mesa de negocia\u00e7\u00e3o. A atividade tamb\u00e9m \u00e9 um momento em que temos a chance de ter um panorama claro da conjuntura econ\u00f4mica e pol\u00edtica na qual as campanhas salariais se dar\u00e3o, pois temos a presen\u00e7a de especialistas do mundo do trabalho abordando esses temas de forma muito precisa. Ao longo desses anos, o semin\u00e1rio tem se mostrado uma \u00f3tima forma de dar a largada a esse processo de negocia\u00e7\u00f5es coletivas que, afinal, s\u00e3o a nossa fun\u00e7\u00e3o prec\u00edpua como entidade sindical.<\/span><\/p>\n<p style=\"text-align: justify;\"><span style=\"color: #0000ff;\">O que o SEESP espera das negocia\u00e7\u00f5es salariais deste ano?<\/span><\/p>\n<p style=\"text-align: justify;\"><span style=\"color: #000000;\"><span style=\"color: #993300;\">Murilo Pinheiro<\/span> \u2013 Apesar da crise econ\u00f4mica, nossa expectativa \u00e9 que possamos ter bom di\u00e1logo com os empregadores e chegar a resultados positivos tanto para os engenheiros quanto para o setor patronal. Isso porque \u00e9 obviamente do interesse das empresas poder contar com m\u00e3o de obra qualificada e comprometida com os seus objetivos e metas. E para se ter isso \u00e9 necess\u00e1rio que haja contrapartida. Assim, vamos trabalhar com uma pauta que, em linhas gerais, buscar\u00e1 a recomposi\u00e7\u00e3o da infla\u00e7\u00e3o do per\u00edodo, ganhos de produtividade e garantia de benef\u00edcios.<\/span><\/p>\n<p style=\"text-align: justify;\"><span style=\"color: #0000ff;\">Como os acordos salariais podem contribuir para a melhora da economia?<\/span><\/p>\n<p style=\"text-align: justify;\"><span style=\"color: #000000;\"><span style=\"color: #993300;\">Murilo Pinheiro<\/span> \u2013 Uma quest\u00e3o b\u00e1sica \u00e9 que, ao se recompor os sal\u00e1rios e garantir aumento real, aumenta-se o poder de compra do trabalhador e, portanto, fortalece-se o mercado interno. Isso \u00e9 fundamental para injetar dinheiro na economia e aquec\u00ea-la. E certamente \u00e9 algo de que estamos precisando nesse momento no Pa\u00eds.<\/span><\/p>\n<p style=\"text-align: justify;\"><span style=\"color: #000000;\">EVENTO<\/span><\/p>\n<p style=\"text-align: justify;\"><span style=\"color: #000000;\">XVII Semin\u00e1rio de Abertura das Campanhas Salariais<\/span><\/p>\n<p style=\"text-align: justify;\"><span style=\"color: #000000;\">Data: 18\/04\/2017<\/span><\/p>\n<p style=\"text-align: justify;\"><span style=\"color: #000000;\">Hora: 17horas<\/span><\/p>\n<p style=\"text-align: justify;\"><span style=\"color: #000000;\">Local: Sede do SEESP, rua Genebra, 25 Bela Vista, S\u00e3o Paulo<\/span><\/p>\n<p style=\"text-align: justify;\">\n","protected":false},"excerpt":{"rendered":"<p>Debate que ser\u00e1 realizado pelo Sindicato dos Engenheiros no Estado de S\u00e3o Paulo (SEESP) abre temporada de negocia\u00e7\u00f5es salariais coletivas envolvendo cerca de 100 mil engenheiros Abril, 2017 &#8211; O Sindicato dos Engenheiros no Estado de S\u00e3o Paulo (SEESP) realiza na pr\u00f3xima ter\u00e7a-feira (18\/4) o XVII Semin\u00e1rio de Abertura das Campanhas Salariais. O prop\u00f3sito \u00e9 [&hellip;]<\/p>\n","protected":false},"author":1,"featured_media":0,"comment_status":"open","ping_status":"open","sticky":false,"template":"","format":"standard","meta":{"_uag_custom_page_level_css":"","footnotes":""},"categories":[27],"tags":[1761,3202,4149,4907,10568,10850,11126],"class_list":["post-5796","post","type-post","status-publish","format-standard","hentry","category-acontece","tag-campanha-salarial","tag-crise-economica","tag-emprego","tag-federacao-nacional-dos-engenheiros-fne","tag-salario","tag-seminario-de-abertura-das-campanhas-salariais","tag-sindicato-dos-engenheiros-no-estado-de-sao-paulo-seesp"],"blocksy_meta":[],"spectra_blocks_featured_image_url":null,"spectra_blocks_author_info":{"display_name":"Jornal da Constru\u00e7\u00e3o Civil","avatar_url":"https:\/\/secure.gravatar.com\/avatar\/973c9774fd44ddaceb026973c4962faa70fc512bc4c9da68e8ebb40fecee6540?s=96&d=mm&r=g","author_link":"https:\/\/construcaocivil.siriusmarketingedesign.com.br\/?author=1","description":"Desde de 2013, levando muitas informa\u00e7\u00f5es, lan\u00e7amentos e produtos de qualidade para toda cadeia produtiva da constru\u00e7\u00e3o. O Futuro da constru\u00e7\u00e3o passa por aqui,"},"uagb_featured_image_src":{"full":false,"thumbnail":false,"medium":false,"medium_large":false,"large":false,"1536x1536":false,"2048x2048":false},"uagb_author_info":{"display_name":"Jornal da Constru\u00e7\u00e3o Civil","author_link":"https:\/\/construcaocivil.siriusmarketingedesign.com.br\/?author=1"},"uagb_comment_info":0,"uagb_excerpt":"Debate que ser\u00e1 realizado pelo Sindicato dos Engenheiros no Estado de S\u00e3o Paulo (SEESP) abre temporada de negocia\u00e7\u00f5es salariais coletivas envolvendo cerca de 100 mil engenheiros Abril, 2017 &#8211; O Sindicato dos Engenheiros no Estado de S\u00e3o Paulo (SEESP) realiza na pr\u00f3xima ter\u00e7a-feira (18\/4) o XVII Semin\u00e1rio de Abertura das Campanhas Salariais. O prop\u00f3sito \u00e9&hellip;","_links":{"self":[{"href":"https:\/\/construcaocivil.siriusmarketingedesign.com.br\/index.php?rest_route=\/wp\/v2\/posts\/5796","targetHints":{"allow":["GET"]}}],"collection":[{"href":"https:\/\/construcaocivil.siriusmarketingedesign.com.br\/index.php?rest_route=\/wp\/v2\/posts"}],"about":[{"href":"https:\/\/construcaocivil.siriusmarketingedesign.com.br\/index.php?rest_route=\/wp\/v2\/types\/post"}],"author":[{"embeddable":true,"href":"https:\/\/construcaocivil.siriusmarketingedesign.com.br\/index.php?rest_route=\/wp\/v2\/users\/1"}],"replies":[{"embeddable":true,"href":"https:\/\/construcaocivil.siriusmarketingedesign.com.br\/index.php?rest_route=%2Fwp%2Fv2%2Fcomments&post=5796"}],"version-history":[{"count":0,"href":"https:\/\/construcaocivil.siriusmarketingedesign.com.br\/index.php?rest_route=\/wp\/v2\/posts\/5796\/revisions"}],"wp:attachment":[{"href":"https:\/\/construcaocivil.siriusmarketingedesign.com.br\/index.php?rest_route=%2Fwp%2Fv2%2Fmedia&parent=5796"}],"wp:term":[{"taxonomy":"category","embeddable":true,"href":"https:\/\/construcaocivil.siriusmarketingedesign.com.br\/index.php?rest_route=%2Fwp%2Fv2%2Fcategories&post=5796"},{"taxonomy":"post_tag","embeddable":true,"href":"https:\/\/construcaocivil.siriusmarketingedesign.com.br\/index.php?rest_route=%2Fwp%2Fv2%2Ftags&post=5796"}],"curies":[{"name":"wp","href":"https:\/\/api.w.org\/{rel}","templated":true}]}}