{"id":582,"date":"2015-12-16T00:22:52","date_gmt":"2015-12-16T00:22:52","guid":{"rendered":"http:\/\/www.jornaldaconstrucaocivil.com.br\/?p=582"},"modified":"2015-12-16T00:22:52","modified_gmt":"2015-12-16T00:22:52","slug":"lancada-a-serie-de-videos-construction-climate-talks","status":"publish","type":"post","link":"https:\/\/construcaocivil.siriusmarketingedesign.com.br\/?p=582","title":{"rendered":"Lan\u00e7ada a s\u00e9rie de v\u00eddeos \u201cConstruction Climate Talks\u201d"},"content":{"rendered":"<p><span style=\"color: #000000;\"><strong>O Desafio Clim\u00e1tico da Constru\u00e7\u00e3o (Construction Climate Challenge \u2013 CCC) estreou sua nova s\u00e9rie de v\u00eddeos de depoimentos sobre as mudan\u00e7as clim\u00e1ticas com alguns dos mais destacados e influentes profissionais do setor. Chamada de \u201cConstruction Climate Talks\u201d, a sequ\u00eancia de filmes come\u00e7a com uma entrevista com Johan Rockstr\u00f6m, um dos mais respeitados defensores do desenvolvimento sustent\u00e1vel na atualidade.<\/strong><\/span><\/p>\n<p><span style=\"color: #000000;\">A CCC lan\u00e7a os v\u00eddeos sobre Clima e Constru\u00e7\u00e3o no mesmo momento em que l\u00edderes mundiais de 190 na\u00e7\u00f5es se re\u00fanem na 21\u00aa Sess\u00e3o da Confer\u00eancia das Partes (COP21) da Conven\u00e7\u00e3o sobre Mudan\u00e7as Clim\u00e1ticas da Estrutura das Na\u00e7\u00f5es Unidas (United Nations Framework Convention on Climate Change \u2013 UNFCCC) em Paris.<\/span><\/p>\n<p><a href=\"http:\/\/www.jornaldaconstrucaocivil.com.br\/wp-content\/uploads\/2015\/12\/23470769040_112c2d5868_o.jpg\"><img loading=\"lazy\" decoding=\"async\" class=\" wp-image-583 alignleft\" src=\"http:\/\/www.jornaldaconstrucaocivil.com.br\/wp-content\/uploads\/2015\/12\/23470769040_112c2d5868_o-267x300.jpg\" alt=\"23470769040_112c2d5868_o\" width=\"239\" height=\"269\" \/><\/a><\/p>\n<p><span style=\"color: #000000;\">O primeiro epis\u00f3dio \u00e9 protagonizado por Rockstr\u00f6m, pesquisador reconhecido mundialmente por seu ativismo na coopera\u00e7\u00e3o para medidas que aprimorem a sustentabilidade no setor. Palestrante principal na c\u00fapula da CCC realizada na Volvo CE na Su\u00e9cia em junho \u00faltimo, ele foi destaque na imprensa global durante a fase de preparo para as reuni\u00f5es sobre as mudan\u00e7as clim\u00e1ticas, COP21 na Fran\u00e7a. Rockstr\u00f6m tamb\u00e9m \u00e9 professor da Universidade de Estocolmo e diretor-executivo do Centro de Resili\u00eancia de Estocolmo (Stockholm Resilience Center).<\/span><\/p>\n<p><em>\u201cQueremos promover a sustentabilidade em toda a ind\u00fastria da constru\u00e7\u00e3o\u201d<\/em>, afirma Niklas Nillroth, vice-presidente de meio ambiente e sustentabilidade da Volvo CE. <em>\u201cEsperamos que nossa s\u00e9rie de v\u00eddeos contribua na conscientiza\u00e7\u00e3o das pessoas para aprimorar a colabora\u00e7\u00e3o intersetorial na ind\u00fastria da constru\u00e7\u00e3o\u201d<\/em>, diz Nillroth.<\/p>\n<p><span style=\"color: #000000;\">O Construction Climate Challenge \u00e9 uma iniciativa liderada pela Volvo Construction Equipment para promover a sustentabilidade em toda a cadeia de valor do setor de constru\u00e7\u00e3o. O objetivo \u00e9 tamb\u00e9m fomentar financiamentos para pesquisa ambiental. O CCC \u00e9 parte do compromisso assumido pela Volvo CE com o World Wild Fund for Nature (WWF) Climate Savers Program. <\/span><\/p>\n<p><span style=\"color: #000000;\">A WWF \u00e9 uma das maiores e mais respeitadas organiza\u00e7\u00f5es ambientais do planeta, que tem a vis\u00e3o de proteger o ambiente natural. O programa envolve empresas multinacionais na luta pela redu\u00e7\u00e3o das emiss\u00f5es de g\u00e1s carb\u00f4nico.<\/span><\/p>\n<p><span style=\"color: #000000;\">Veja o v\u00eddeo com Johan Rockstr\u00f6m no link: <span style=\"color: #0000ff;\"><strong><a style=\"color: #0000ff;\" href=\"http:\/\/t.lt02.net\/q\/U_5dGDVKfsgtsgQ0OpZPl5q52pYP6TmDzsXQDHk4VqZp8Y5G-XApGwlmf\">https:\/\/www.youtube.com\/watch?v=cc6WCqUwhDw<\/a>\u00a0<\/strong><\/span><\/span><\/p>\n<p><span style=\"color: #ff0000;\"><strong>Fonte: Assessoria de Imprensa Volvo<\/strong><\/span><\/p>\n","protected":false},"excerpt":{"rendered":"<p>O Desafio Clim\u00e1tico da Constru\u00e7\u00e3o (Construction Climate Challenge \u2013 CCC) estreou sua nova s\u00e9rie de v\u00eddeos de depoimentos sobre as mudan\u00e7as clim\u00e1ticas com alguns dos mais destacados e influentes profissionais do setor. Chamada de \u201cConstruction Climate Talks\u201d, a sequ\u00eancia de filmes come\u00e7a com uma entrevista com Johan Rockstr\u00f6m, um dos mais respeitados defensores do desenvolvimento [&hellip;]<\/p>\n","protected":false},"author":1,"featured_media":583,"comment_status":"open","ping_status":"open","sticky":false,"template":"","format":"standard","meta":{"_uag_custom_page_level_css":"","footnotes":""},"categories":[37],"tags":[2921,12384,12466,12541],"class_list":["post-582","post","type-post","status-publish","format-standard","has-post-thumbnail","hentry","category-sustentabilidade","tag-construction-climate-talks","tag-video","tag-volvo","tag-wwf"],"blocksy_meta":[],"spectra_blocks_featured_image_url":[],"spectra_blocks_author_info":{"display_name":"Jornal da Constru\u00e7\u00e3o Civil","avatar_url":"https:\/\/secure.gravatar.com\/avatar\/973c9774fd44ddaceb026973c4962faa70fc512bc4c9da68e8ebb40fecee6540?s=96&d=mm&r=g","author_link":"https:\/\/construcaocivil.siriusmarketingedesign.com.br\/?author=1","description":"Desde de 2013, levando muitas informa\u00e7\u00f5es, lan\u00e7amentos e produtos de qualidade para toda cadeia produtiva da constru\u00e7\u00e3o. O Futuro da constru\u00e7\u00e3o passa por aqui,"},"uagb_featured_image_src":{"full":false,"thumbnail":false,"medium":false,"medium_large":false,"large":false,"1536x1536":false,"2048x2048":false},"uagb_author_info":{"display_name":"Jornal da Constru\u00e7\u00e3o Civil","author_link":"https:\/\/construcaocivil.siriusmarketingedesign.com.br\/?author=1"},"uagb_comment_info":0,"uagb_excerpt":"O Desafio Clim\u00e1tico da Constru\u00e7\u00e3o (Construction Climate Challenge \u2013 CCC) estreou sua nova s\u00e9rie de v\u00eddeos de depoimentos sobre as mudan\u00e7as clim\u00e1ticas com alguns dos mais destacados e influentes profissionais do setor. Chamada de \u201cConstruction Climate Talks\u201d, a sequ\u00eancia de filmes come\u00e7a com uma entrevista com Johan Rockstr\u00f6m, um dos mais respeitados defensores do desenvolvimento&hellip;","_links":{"self":[{"href":"https:\/\/construcaocivil.siriusmarketingedesign.com.br\/index.php?rest_route=\/wp\/v2\/posts\/582","targetHints":{"allow":["GET"]}}],"collection":[{"href":"https:\/\/construcaocivil.siriusmarketingedesign.com.br\/index.php?rest_route=\/wp\/v2\/posts"}],"about":[{"href":"https:\/\/construcaocivil.siriusmarketingedesign.com.br\/index.php?rest_route=\/wp\/v2\/types\/post"}],"author":[{"embeddable":true,"href":"https:\/\/construcaocivil.siriusmarketingedesign.com.br\/index.php?rest_route=\/wp\/v2\/users\/1"}],"replies":[{"embeddable":true,"href":"https:\/\/construcaocivil.siriusmarketingedesign.com.br\/index.php?rest_route=%2Fwp%2Fv2%2Fcomments&post=582"}],"version-history":[{"count":0,"href":"https:\/\/construcaocivil.siriusmarketingedesign.com.br\/index.php?rest_route=\/wp\/v2\/posts\/582\/revisions"}],"wp:attachment":[{"href":"https:\/\/construcaocivil.siriusmarketingedesign.com.br\/index.php?rest_route=%2Fwp%2Fv2%2Fmedia&parent=582"}],"wp:term":[{"taxonomy":"category","embeddable":true,"href":"https:\/\/construcaocivil.siriusmarketingedesign.com.br\/index.php?rest_route=%2Fwp%2Fv2%2Fcategories&post=582"},{"taxonomy":"post_tag","embeddable":true,"href":"https:\/\/construcaocivil.siriusmarketingedesign.com.br\/index.php?rest_route=%2Fwp%2Fv2%2Ftags&post=582"}],"curies":[{"name":"wp","href":"https:\/\/api.w.org\/{rel}","templated":true}]}}