{"id":5821,"date":"2017-04-17T17:34:57","date_gmt":"2017-04-17T20:34:57","guid":{"rendered":"http:\/\/www.jornaldaconstrucaocivil.com.br\/?p=5821"},"modified":"2017-04-17T17:34:57","modified_gmt":"2017-04-17T20:34:57","slug":"fgv-energia-discute-impacto-do-clima-nos-negocios-de-energia","status":"publish","type":"post","link":"https:\/\/construcaocivil.siriusmarketingedesign.com.br\/?p=5821","title":{"rendered":"FGV Energia discute impacto do clima nos neg\u00f3cios de energia"},"content":{"rendered":"<p style=\"text-align: justify;\"><span style=\"color: #000080;\"><em><strong>Quest\u00f5es dos setores el\u00e9trico e de biocombust\u00edveis ser\u00e3o o foco dos debates<\/strong><\/em><\/span><\/p>\n<p style=\"text-align: justify;\"><span style=\"color: #000000;\"><span style=\"color: #993300;\">Abril, 2017<\/span> &#8211; Com os riscos e incertezas associados \u00e0s quest\u00f5es clim\u00e1ticas, como est\u00e3o se planejando os tomadores de decis\u00e3o nos setores el\u00e9trico e de biocombust\u00edveis? Este ser\u00e1 o gancho das discuss\u00f5es da mesa-redonda <span style=\"color: #993300;\">\u201cAs Quest\u00f5es Clim\u00e1ticas e os Impactos nos Neg\u00f3cios de Energia\u201d<\/span>. Promovido pela FGV Energia, o evento acontecer\u00e1 no dia 19 de abril, no audit\u00f3rio sede da Funda\u00e7\u00e3o Getulio Vargas (FGV). Durante o encontro, especialistas debater\u00e3o os principais fen\u00f4menos clim\u00e1ticos e os seus impactos nos recursos energ\u00e9ticos no Brasil, apontando caminhos para tomadas de decis\u00e3o e mitiga\u00e7\u00e3o dos riscos.<\/span><\/p>\n<p style=\"text-align: justify;\"><span style=\"color: #000000;\">As discuss\u00f5es come\u00e7ar\u00e3o com uma exposi\u00e7\u00e3o sobre os principais fen\u00f4menos clim\u00e1ticos mapeados de curto, m\u00e9dio e longo prazos e os seus impactos nos recursos energ\u00e9ticos no Brasil. Em seguida, haver\u00e1 uma mesa de debates sobre a tomada de decis\u00e3o diante desses impactos que abordar\u00e1 os setores el\u00e9trico e de biocombust\u00edveis.<\/span><\/p>\n<p style=\"text-align: justify;\"><span style=\"color: #000000;\">Pesquisador do FGV Energia e coordenador das atividades, Bruno Moreno salienta que os fen\u00f4menos clim\u00e1ticos podem impactar os recursos energ\u00e9ticos \u2014 como a disponibilidade h\u00eddrica, por exemplo \u2014 afetando tanto o setor el\u00e9trico quanto o setor de biocombust\u00edveis, seja por conta da escassez nos reservat\u00f3rios, seja por conta do impacto na safra dos produtos que servem de mat\u00e9ria-prima para combust\u00edveis, como o etanol.<\/span><\/p>\n<p style=\"text-align: justify;\"><span style=\"color: #000000;\"><span style=\"color: #000080;\"><em>\u201cNeste encontro, vamos discutir como podemos mitigar riscos e nos precaver de quest\u00f5es clim\u00e1ticas que acabam por comprometer a oferta de recursos energ\u00e9ticos. Como lidar com a eventual redu\u00e7\u00e3o da oferta de energia e de biocombust\u00edveis? Essas quest\u00f5es ser\u00e3o debatidas por especialistas da FGV e do setor para que possamos pensar em inserir tais vari\u00e1veis no planejamento para o segmento\u201d<\/em><\/span>, explicou Bruno Moreno.<\/span><\/p>\n<p style=\"text-align: justify;\"><span style=\"color: #000000;\">As mesas-redondas contar\u00e3o com a participa\u00e7\u00e3o de Felipe Gon\u00e7alves e Paulo Cesar Cunha, da FGV Energia, al\u00e9m de sete convidados de institui\u00e7\u00f5es de pesquisa, empresas e entidade do setor.<\/span><\/p>\n<p style=\"text-align: justify;\"><span style=\"color: #000000;\">Servi\u00e7o<\/span><\/p>\n<p><span style=\"color: #000000;\">Evento:<span style=\"color: #993300;\"> \u201cAs Quest\u00f5es Clim\u00e1ticas e os Impactos nos Neg\u00f3cios de Energia\u201d<\/span>.<\/span><\/p>\n<p><span style=\"color: #000000;\">Data: 19\/04\/2017<\/span><\/p>\n<p><span style=\"color: #000000;\">Hor\u00e1rio: das 14h \u00e0s 17h30<\/span><\/p>\n<p><span style=\"color: #000000;\">Local: Audit\u00f3rio da FGV (12\u00ba andar)<\/span><\/p>\n<p><span style=\"color: #000000;\">Informa\u00e7\u00f5es:<span style=\"text-decoration: underline;\"><span style=\"color: #0000ff; text-decoration: underline;\">http:\/\/www.fgv.br\/eventos\/?P_EVENTO=3138&amp;P_IDIOMA=0<\/span><\/span><\/span><\/p>\n","protected":false},"excerpt":{"rendered":"<p>Quest\u00f5es dos setores el\u00e9trico e de biocombust\u00edveis ser\u00e3o o foco dos debates Abril, 2017 &#8211; Com os riscos e incertezas associados \u00e0s quest\u00f5es clim\u00e1ticas, como est\u00e3o se planejando os tomadores de decis\u00e3o nos setores el\u00e9trico e de biocombust\u00edveis? Este ser\u00e1 o gancho das discuss\u00f5es da mesa-redonda \u201cAs Quest\u00f5es Clim\u00e1ticas e os Impactos nos Neg\u00f3cios de [&hellip;]<\/p>\n","protected":false},"author":1,"featured_media":0,"comment_status":"open","ping_status":"open","sticky":false,"template":"","format":"standard","meta":{"_uag_custom_page_level_css":"","footnotes":""},"categories":[33],"tags":[1415,3856,5029,7470,9868,9968,11043],"class_list":["post-5821","post","type-post","status-publish","format-standard","hentry","category-mercado","tag-biocombustiveis","tag-economia","tag-fgv-energia","tag-mercado","tag-questoes-climaticas-e-os-impactos-nos-negocios-de-energia","tag-recursos-energeticos-no-brasil","tag-setores-eletrico"],"blocksy_meta":[],"spectra_blocks_featured_image_url":null,"spectra_blocks_author_info":{"display_name":"Jornal da Constru\u00e7\u00e3o Civil","avatar_url":"https:\/\/secure.gravatar.com\/avatar\/973c9774fd44ddaceb026973c4962faa70fc512bc4c9da68e8ebb40fecee6540?s=96&d=mm&r=g","author_link":"https:\/\/construcaocivil.siriusmarketingedesign.com.br\/?author=1","description":"Desde de 2013, levando muitas informa\u00e7\u00f5es, lan\u00e7amentos e produtos de qualidade para toda cadeia produtiva da constru\u00e7\u00e3o. O Futuro da constru\u00e7\u00e3o passa por aqui,"},"uagb_featured_image_src":{"full":false,"thumbnail":false,"medium":false,"medium_large":false,"large":false,"1536x1536":false,"2048x2048":false},"uagb_author_info":{"display_name":"Jornal da Constru\u00e7\u00e3o Civil","author_link":"https:\/\/construcaocivil.siriusmarketingedesign.com.br\/?author=1"},"uagb_comment_info":0,"uagb_excerpt":"Quest\u00f5es dos setores el\u00e9trico e de biocombust\u00edveis ser\u00e3o o foco dos debates Abril, 2017 &#8211; Com os riscos e incertezas associados \u00e0s quest\u00f5es clim\u00e1ticas, como est\u00e3o se planejando os tomadores de decis\u00e3o nos setores el\u00e9trico e de biocombust\u00edveis? Este ser\u00e1 o gancho das discuss\u00f5es da mesa-redonda \u201cAs Quest\u00f5es Clim\u00e1ticas e os Impactos nos Neg\u00f3cios de&hellip;","_links":{"self":[{"href":"https:\/\/construcaocivil.siriusmarketingedesign.com.br\/index.php?rest_route=\/wp\/v2\/posts\/5821","targetHints":{"allow":["GET"]}}],"collection":[{"href":"https:\/\/construcaocivil.siriusmarketingedesign.com.br\/index.php?rest_route=\/wp\/v2\/posts"}],"about":[{"href":"https:\/\/construcaocivil.siriusmarketingedesign.com.br\/index.php?rest_route=\/wp\/v2\/types\/post"}],"author":[{"embeddable":true,"href":"https:\/\/construcaocivil.siriusmarketingedesign.com.br\/index.php?rest_route=\/wp\/v2\/users\/1"}],"replies":[{"embeddable":true,"href":"https:\/\/construcaocivil.siriusmarketingedesign.com.br\/index.php?rest_route=%2Fwp%2Fv2%2Fcomments&post=5821"}],"version-history":[{"count":0,"href":"https:\/\/construcaocivil.siriusmarketingedesign.com.br\/index.php?rest_route=\/wp\/v2\/posts\/5821\/revisions"}],"wp:attachment":[{"href":"https:\/\/construcaocivil.siriusmarketingedesign.com.br\/index.php?rest_route=%2Fwp%2Fv2%2Fmedia&parent=5821"}],"wp:term":[{"taxonomy":"category","embeddable":true,"href":"https:\/\/construcaocivil.siriusmarketingedesign.com.br\/index.php?rest_route=%2Fwp%2Fv2%2Fcategories&post=5821"},{"taxonomy":"post_tag","embeddable":true,"href":"https:\/\/construcaocivil.siriusmarketingedesign.com.br\/index.php?rest_route=%2Fwp%2Fv2%2Ftags&post=5821"}],"curies":[{"name":"wp","href":"https:\/\/api.w.org\/{rel}","templated":true}]}}