{"id":585,"date":"2015-12-16T00:27:38","date_gmt":"2015-12-16T00:27:38","guid":{"rendered":"http:\/\/www.jornaldaconstrucaocivil.com.br\/?p=585"},"modified":"2015-12-16T00:27:38","modified_gmt":"2015-12-16T00:27:38","slug":"cbicconstrucao-da-agenda-legislativa-para-2016-envie-a-sua-proposicao-a-cbic-ate-o-dia-20-de-janeiro","status":"publish","type":"post","link":"https:\/\/construcaocivil.siriusmarketingedesign.com.br\/?p=585","title":{"rendered":"CBIC:Constru\u00e7\u00e3o da Agenda Legislativa para 2016, envie a sua proposi\u00e7\u00e3o \u00e0 CBIC at\u00e9 o dia 20 de janeiro"},"content":{"rendered":"<p><span style=\"color: #000000;\">A Confedera\u00e7\u00e3o Nacional da Ind\u00fastria (CNI) iniciou processo de constru\u00e7\u00e3o da Agenda Legislativa para o ano de 2016, elaborada com a participa\u00e7\u00e3o das Federa\u00e7\u00f5es de Ind\u00fastria e Associa\u00e7\u00f5es Setoriais de \u00c2mbito Nacional. A Agenda alcan\u00e7ar\u00e1 a 21\u00aa edi\u00e7\u00e3o, registrando os conceitos, posicionamentos e os temas priorizados pelo setor industrial para respaldo das a\u00e7\u00f5es de defesa de interesses.\u00a0<\/span><\/p>\n<p><span style=\"color: #000000;\">A CBIC disponibilizou um link<strong><span style=\"color: #0000ff;\"> <a style=\"color: #0000ff;\" href=\"http:\/\/cbic.us11.list-manage.com\/track\/click?u=0a0e557e1f19bd31aef34f334&amp;id=72f69cb375&amp;e=8c553587bc\" target=\"_blank\">(clique aqui)<\/a><\/span>\u00a0<\/strong>para que as entidades associadas possam acessar os arquivos com as fichas de prioriza\u00e7\u00e3o e seus \u00edndices, que devem ser preenchidos e encaminhados<strong> at\u00e9 o dia 20 de janeiro<\/strong>, para o email\u00a0<span style=\"color: #0000ff;\">luis.cidade@cbic.org.br<\/span>.\u00a0Cabe lembrar que devem ser apreciados os conceitos relativos aos temas e subtemas inseridos na agenda, para o caso da necessidade de alguma corre\u00e7\u00e3o.\u00a0<\/span><\/p>\n<p><span style=\"color: #000000;\">\u00c9 muito importante a participa\u00e7\u00e3o de todos, indicando as proposi\u00e7\u00f5es que sejam do interesse da Ind\u00fastria da Constru\u00e7\u00e3o e do Mercado Imobili\u00e1rio.\u00a0<\/span><\/p>\n<p><strong><span style=\"color: #000000;\">Fonte: Boletim CBIC<\/span><\/strong><\/p>\n","protected":false},"excerpt":{"rendered":"<p>A Confedera\u00e7\u00e3o Nacional da Ind\u00fastria (CNI) iniciou processo de constru\u00e7\u00e3o da Agenda Legislativa para o ano de 2016, elaborada com a participa\u00e7\u00e3o das Federa\u00e7\u00f5es de Ind\u00fastria e Associa\u00e7\u00f5es Setoriais de \u00c2mbito Nacional. A Agenda alcan\u00e7ar\u00e1 a 21\u00aa edi\u00e7\u00e3o, registrando os conceitos, posicionamentos e os temas priorizados pelo setor industrial para respaldo das a\u00e7\u00f5es de defesa [&hellip;]<\/p>\n","protected":false},"author":1,"featured_media":0,"comment_status":"open","ping_status":"open","sticky":false,"template":"","format":"quote","meta":{"_uag_custom_page_level_css":"","footnotes":""},"categories":[31],"tags":[514,2029,2821,7564],"class_list":["post-585","post","type-post","status-publish","format-quote","hentry","category-infraestrutura","tag-agenda-legislativa","tag-cbic","tag-construcao","tag-mercado-imobiliario-2016","post_format-post-format-quote"],"blocksy_meta":[],"spectra_blocks_featured_image_url":null,"spectra_blocks_author_info":{"display_name":"Jornal da Constru\u00e7\u00e3o Civil","avatar_url":"https:\/\/secure.gravatar.com\/avatar\/973c9774fd44ddaceb026973c4962faa70fc512bc4c9da68e8ebb40fecee6540?s=96&d=mm&r=g","author_link":"https:\/\/construcaocivil.siriusmarketingedesign.com.br\/?author=1","description":"Desde de 2013, levando muitas informa\u00e7\u00f5es, lan\u00e7amentos e produtos de qualidade para toda cadeia produtiva da constru\u00e7\u00e3o. O Futuro da constru\u00e7\u00e3o passa por aqui,"},"uagb_featured_image_src":{"full":false,"thumbnail":false,"medium":false,"medium_large":false,"large":false,"1536x1536":false,"2048x2048":false},"uagb_author_info":{"display_name":"Jornal da Constru\u00e7\u00e3o Civil","author_link":"https:\/\/construcaocivil.siriusmarketingedesign.com.br\/?author=1"},"uagb_comment_info":0,"uagb_excerpt":"A Confedera\u00e7\u00e3o Nacional da Ind\u00fastria (CNI) iniciou processo de constru\u00e7\u00e3o da Agenda Legislativa para o ano de 2016, elaborada com a participa\u00e7\u00e3o das Federa\u00e7\u00f5es de Ind\u00fastria e Associa\u00e7\u00f5es Setoriais de \u00c2mbito Nacional. A Agenda alcan\u00e7ar\u00e1 a 21\u00aa edi\u00e7\u00e3o, registrando os conceitos, posicionamentos e os temas priorizados pelo setor industrial para respaldo das a\u00e7\u00f5es de defesa&hellip;","_links":{"self":[{"href":"https:\/\/construcaocivil.siriusmarketingedesign.com.br\/index.php?rest_route=\/wp\/v2\/posts\/585","targetHints":{"allow":["GET"]}}],"collection":[{"href":"https:\/\/construcaocivil.siriusmarketingedesign.com.br\/index.php?rest_route=\/wp\/v2\/posts"}],"about":[{"href":"https:\/\/construcaocivil.siriusmarketingedesign.com.br\/index.php?rest_route=\/wp\/v2\/types\/post"}],"author":[{"embeddable":true,"href":"https:\/\/construcaocivil.siriusmarketingedesign.com.br\/index.php?rest_route=\/wp\/v2\/users\/1"}],"replies":[{"embeddable":true,"href":"https:\/\/construcaocivil.siriusmarketingedesign.com.br\/index.php?rest_route=%2Fwp%2Fv2%2Fcomments&post=585"}],"version-history":[{"count":0,"href":"https:\/\/construcaocivil.siriusmarketingedesign.com.br\/index.php?rest_route=\/wp\/v2\/posts\/585\/revisions"}],"wp:attachment":[{"href":"https:\/\/construcaocivil.siriusmarketingedesign.com.br\/index.php?rest_route=%2Fwp%2Fv2%2Fmedia&parent=585"}],"wp:term":[{"taxonomy":"category","embeddable":true,"href":"https:\/\/construcaocivil.siriusmarketingedesign.com.br\/index.php?rest_route=%2Fwp%2Fv2%2Fcategories&post=585"},{"taxonomy":"post_tag","embeddable":true,"href":"https:\/\/construcaocivil.siriusmarketingedesign.com.br\/index.php?rest_route=%2Fwp%2Fv2%2Ftags&post=585"}],"curies":[{"name":"wp","href":"https:\/\/api.w.org\/{rel}","templated":true}]}}