{"id":5892,"date":"2017-04-25T13:33:02","date_gmt":"2017-04-25T16:33:02","guid":{"rendered":"http:\/\/www.jornaldaconstrucaocivil.com.br\/?p=5892"},"modified":"2017-04-25T13:33:02","modified_gmt":"2017-04-25T16:33:02","slug":"omissao-e-impunidade-geram-mais-um-massacre-no-campo","status":"publish","type":"post","link":"https:\/\/construcaocivil.siriusmarketingedesign.com.br\/?p=5892","title":{"rendered":"Omiss\u00e3o e impunidade geram mais um massacre no campo"},"content":{"rendered":"<p style=\"text-align: right;\" align=\"right\"><strong><span style=\"color: #000000;\">Nota P\u00fablica das Pastorais do Campo<\/span><\/strong><\/p>\n<p style=\"text-align: center;\" align=\"right\"><span style=\"color: #ff0000;\"><em><span style=\"font-size: 14pt; font-family: Arial, sans-serif;\">\u201cMas voc\u00ea n\u00e3o tem olhos nem cora\u00e7\u00e3o,<\/span><\/em><\/span><\/p>\n<p style=\"text-size-adjust: none; font-variant-ligatures: normal; font-variant-caps: normal; orphans: 2; widows: 2; -webkit-text-stroke-width: 0px; word-spacing: 0px; box-shadow: none !important; border-radius: 0px !important; text-align: center;\" align=\"right\"><span style=\"box-shadow: none !important; border-radius: 0px !important; color: #ff0000;\"><em style=\"box-shadow: none !important; border-radius: 0px !important;\"><span style=\"font-size: 14pt; font-family: Arial, sans-serif;\">a n\u00e3o ser para seu lucro,<\/span><\/em><\/span><\/p>\n<p style=\"text-size-adjust: none; font-variant-ligatures: normal; font-variant-caps: normal; orphans: 2; widows: 2; -webkit-text-stroke-width: 0px; word-spacing: 0px; box-shadow: none !important; border-radius: 0px !important; text-align: center;\" align=\"right\"><span style=\"box-shadow: none !important; border-radius: 0px !important; color: #ff0000;\"><em style=\"box-shadow: none !important; border-radius: 0px !important;\"><span style=\"font-size: 14pt; font-family: Arial, sans-serif;\">para derramar sangue inocente<\/span><\/em><\/span><\/p>\n<p style=\"text-size-adjust: none; font-variant-ligatures: normal; font-variant-caps: normal; orphans: 2; widows: 2; -webkit-text-stroke-width: 0px; word-spacing: 0px; box-shadow: none !important; border-radius: 0px !important; text-align: center;\" align=\"right\"><span style=\"box-shadow: none !important; border-radius: 0px !important; color: #ff0000;\"><em style=\"box-shadow: none !important; border-radius: 0px !important;\"><span style=\"font-size: 14pt; font-family: Arial, sans-serif;\">e para praticar a opress\u00e3o e a viol\u00eancia\u201d.<\/span><\/em><\/span><\/p>\n<p style=\"text-size-adjust: none; font-variant-ligatures: normal; font-variant-caps: normal; orphans: 2; widows: 2; -webkit-text-stroke-width: 0px; word-spacing: 0px; box-shadow: none !important; border-radius: 0px !important; text-align: center;\" align=\"right\"><span style=\"box-shadow: none !important; border-radius: 0px !important; color: #ff0000;\"><span style=\"font-size: 14pt; font-family: Arial, sans-serif;\">\u00a0(Jr 22, 16-17)<\/span><\/span><\/p>\n<p style=\"text-align: justify;\"><span style=\"color: #0000ff;\">Abril, 2017<\/span> &#8211; <span style=\"color: #000000;\">Este massacre \u00e9 mais um cap\u00edtulo de uma longa hist\u00f3ria que se iniciou em 2004, quando 185 fam\u00edlias de agricultores foram expulsas de suas posses por pretensos propriet\u00e1rios. Mesmo o juiz tendo concedido reintegra\u00e7\u00e3o de posse \u00e0s fam\u00edlias, os conflitos continuaram. Em 2007, uma dezena de agricultores foi v\u00edtima de torturas e de c\u00e1rcere privado, e meses depois tr\u00eas foram assassinados. Os suspeitos pelas viol\u00eancias eram fazendeiros em associa\u00e7\u00e3o com uma organiza\u00e7\u00e3o de extra\u00e7\u00e3o ilegal de madeira. O local da chacina fica em uma \u00e1rea de interesse para madeireiros e mineradoras. Mesmo depois da interven\u00e7\u00e3o da pol\u00edcia e pris\u00e3o de algumas pessoas, os conflitos n\u00e3o cessaram. Em 2011, mais de 700 pessoas ainda estavam acampadas na entrada da Fazenda Estrela, aguardando para retornarem \u00e0 sua terra. E agora este b\u00e1rbaro desfecho que repudiamos com veem\u00eancia.<\/span><\/p>\n<p style=\"text-align: justify;\"><span style=\"color: #000000;\">A chacina se deu com requintes de crueldade inimagin\u00e1veis. Todos os corpos apresentavam sinais de tortura. O assassinato destes companheiros n\u00e3o significa simplesmente uma viol\u00eancia contra cada um deles, mas tamb\u00e9m contra suas fam\u00edlias, contra a comunidade de Taquaru\u00e7u e contra toda a humanidade. Um ataque direto \u00e0 luta pela terra, pelos territ\u00f3rios, pela \u00e1gua, pelo trabalho, \u00e0 luta por todos os direitos e pela dignidade das comunidades e dos povos do campo.<\/span><\/p>\n<p style=\"text-align: justify;\"><span style=\"color: #000000;\">No \u00faltimo dia 17 de abril, a Comiss\u00e3o Pastoral da Terra (CPT) lan\u00e7ou, em Bras\u00edlia, sua publica\u00e7\u00e3o anual Conflitos no Campo Brasil 2016, que denuncia o aumento alarmante destes conflitos, com um n\u00famero absurdo de 61 assassinatos em 2016 \u2013 o maior n\u00famero registrado desde 2003, 11 a mais que em 2015. O ano de 2017 j\u00e1 come\u00e7ou violento, com 20 assassinatos em tr\u00eas meses e meio.<\/span><\/p>\n<p style=\"text-align: justify;\"><span style=\"color: #000000;\">Este massacre n\u00e3o \u00e9 um fato isolado. Acontece numa regi\u00e3o de fronteira agr\u00edcola e de muitos conflitos, com outras \u00e1reas em tens\u00e3o. Em 2014, o casal de agricultores Jos\u00e9 Paulino de Castro e Ireni da Silva Castro foi assassinado na regi\u00e3o de Guariba, Colniza, por conta das den\u00fancias que fizeram contra a extra\u00e7\u00e3o ilegal de madeira e v\u00e1rios outros crimes. A regi\u00e3o tem infraestrutura muito prec\u00e1ria, de dif\u00edcil acesso, as pessoas vivem inseguras, est\u00e3o sofrendo novas amea\u00e7as e por isso abandonando sua \u00e1rea.<\/span><\/p>\n<p style=\"text-align: justify;\"><span style=\"color: #000000;\">Este massacre acontece tamb\u00e9m num momento dif\u00edcil para o Brasil, com ataques cotidianos aos direitos dos trabalhadores e trabalhadoras, em espec\u00edfico os do campo, perpetrados pelo Executivo e Legislativo, com um Judici\u00e1rio omisso e, em muitas situa\u00e7\u00f5es, conivente com latifundi\u00e1rios, empres\u00e1rios e grandes corpora\u00e7\u00f5es, que est\u00e3o invadindo territ\u00f3rios de povos do campo, assassinando pessoas e aterrorizando comunidades.<\/span><\/p>\n<p style=\"text-align: justify;\"><span style=\"color: #000000;\">Se fosse somente uma pessoa assassinada j\u00e1 seria um absurdo, um fato inaceit\u00e1vel. Quanto mais 09 camponeses que est\u00e3o lutando por um direito sagrado e constitucional do acesso \u00e0 terra, essencial \u00e0 sua vida. N\u00e3o \u00e9 poss\u00edvel ficarmos calados diante desses ataques frontais \u00e0 pessoa humana e seus direitos, que atingem a todos e todas n\u00f3s.<\/span><\/p>\n<p style=\"text-align: justify;\"><span style=\"color: #000000;\">Convocamos a todas as pessoas, organiza\u00e7\u00f5es nacionais e internacionais, a denunciar esse crime hediondo, para que a Justi\u00e7a seja feita, neste pa\u00eds da impunidade. E exigimos que os poderes Executivo, Legislativo e Judici\u00e1rio cumpram a sua obriga\u00e7\u00e3o de garantir os direitos dos cidad\u00e3os e cidad\u00e3s do campo, pois sua simples omiss\u00e3o permite o avan\u00e7o da viol\u00eancia. Exigimos tamb\u00e9m que os respons\u00e1veis por este massacre sejam identificados e punidos exemplarmente. Estamos alertas para que outras vers\u00f5es do crime n\u00e3o venham\u00a0 descaracterizar o ocorrido, inclusive e, sobretudo, quanto \u00e0 responsabilidade do Estado pela omiss\u00e3o frente aos conflitos na regi\u00e3o.<\/span><\/p>\n<p style=\"text-align: justify;\"><span style=\"color: #000000;\">Reafirmamos nosso compromisso irrenunci\u00e1vel de estar ao lado dos que sofrem viol\u00eancia e rogamos ao Deus da Vida que conceda for\u00e7a \u00e0s fam\u00edlias de Taquaru\u00e7u do Norte e coragem a todas as pessoas que lutam pelos seus direitos.<\/span><\/p>\n<p style=\"text-align: justify;\"><span style=\"color: #000000;\">Fonte:\u00a0<\/span><\/p>\n<p><span style=\"color: #993300;\">Comiss\u00e3o Pastoral da Terra (CPT)<\/span><\/p>\n<p><span style=\"color: #993300;\">Conselho Pastoral dos Pescadores (CPP)<\/span><\/p>\n<p><span style=\"color: #993300;\">Conselho Indigenista Mission\u00e1rio (CIMI)<\/span><\/p>\n<p><span style=\"color: #993300;\">Servi\u00e7o Pastoral do Migrante (SPM)<\/span><\/p>\n<p><span style=\"color: #993300;\">C\u00e1ritas Brasileira\u00a0<\/span><\/p>\n","protected":false},"excerpt":{"rendered":"<p>Nota P\u00fablica das Pastorais do Campo \u201cMas voc\u00ea n\u00e3o tem olhos nem cora\u00e7\u00e3o, a n\u00e3o ser para seu lucro, para derramar sangue inocente e para praticar a opress\u00e3o e a viol\u00eancia\u201d. \u00a0(Jr 22, 16-17) Abril, 2017 &#8211; Este massacre \u00e9 mais um cap\u00edtulo de uma longa hist\u00f3ria que se iniciou em 2004, quando 185 fam\u00edlias [&hellip;]<\/p>\n","protected":false},"author":1,"featured_media":0,"comment_status":"open","ping_status":"open","sticky":false,"template":"","format":"standard","meta":{"_uag_custom_page_level_css":"","footnotes":""},"categories":[27],"tags":[527,744,1847,2500,2737,2738,2788,2802,7126,7686,8592,11732],"class_list":["post-5892","post","type-post","status-publish","format-standard","hentry","category-acontece","tag-agricultores","tag-ano-de-2017-e-o-mais-violento-no-campo","tag-caritas-brasileira","tag-comissao-pastoral-da-terra-cpt","tag-conflito-no-campo","tag-conflitos-no-campo-brasil","tag-conselho-indigenista-missionario-cimi-servico-pastoral-do-migrante-spm","tag-conselho-pastoral-dos-pescadores-cpp","tag-madeireiros","tag-mineradoras-ilegais","tag-pais-da-impunidade","tag-territorios-de-povos-do-campo"],"blocksy_meta":[],"spectra_blocks_featured_image_url":null,"spectra_blocks_author_info":{"display_name":"Jornal da Constru\u00e7\u00e3o Civil","avatar_url":"https:\/\/secure.gravatar.com\/avatar\/973c9774fd44ddaceb026973c4962faa70fc512bc4c9da68e8ebb40fecee6540?s=96&d=mm&r=g","author_link":"https:\/\/construcaocivil.siriusmarketingedesign.com.br\/?author=1","description":"Desde de 2013, levando muitas informa\u00e7\u00f5es, lan\u00e7amentos e produtos de qualidade para toda cadeia produtiva da constru\u00e7\u00e3o. O Futuro da constru\u00e7\u00e3o passa por aqui,"},"uagb_featured_image_src":{"full":false,"thumbnail":false,"medium":false,"medium_large":false,"large":false,"1536x1536":false,"2048x2048":false},"uagb_author_info":{"display_name":"Jornal da Constru\u00e7\u00e3o Civil","author_link":"https:\/\/construcaocivil.siriusmarketingedesign.com.br\/?author=1"},"uagb_comment_info":0,"uagb_excerpt":"Nota P\u00fablica das Pastorais do Campo \u201cMas voc\u00ea n\u00e3o tem olhos nem cora\u00e7\u00e3o, a n\u00e3o ser para seu lucro, para derramar sangue inocente e para praticar a opress\u00e3o e a viol\u00eancia\u201d. \u00a0(Jr 22, 16-17) Abril, 2017 &#8211; Este massacre \u00e9 mais um cap\u00edtulo de uma longa hist\u00f3ria que se iniciou em 2004, quando 185 fam\u00edlias&hellip;","_links":{"self":[{"href":"https:\/\/construcaocivil.siriusmarketingedesign.com.br\/index.php?rest_route=\/wp\/v2\/posts\/5892","targetHints":{"allow":["GET"]}}],"collection":[{"href":"https:\/\/construcaocivil.siriusmarketingedesign.com.br\/index.php?rest_route=\/wp\/v2\/posts"}],"about":[{"href":"https:\/\/construcaocivil.siriusmarketingedesign.com.br\/index.php?rest_route=\/wp\/v2\/types\/post"}],"author":[{"embeddable":true,"href":"https:\/\/construcaocivil.siriusmarketingedesign.com.br\/index.php?rest_route=\/wp\/v2\/users\/1"}],"replies":[{"embeddable":true,"href":"https:\/\/construcaocivil.siriusmarketingedesign.com.br\/index.php?rest_route=%2Fwp%2Fv2%2Fcomments&post=5892"}],"version-history":[{"count":0,"href":"https:\/\/construcaocivil.siriusmarketingedesign.com.br\/index.php?rest_route=\/wp\/v2\/posts\/5892\/revisions"}],"wp:attachment":[{"href":"https:\/\/construcaocivil.siriusmarketingedesign.com.br\/index.php?rest_route=%2Fwp%2Fv2%2Fmedia&parent=5892"}],"wp:term":[{"taxonomy":"category","embeddable":true,"href":"https:\/\/construcaocivil.siriusmarketingedesign.com.br\/index.php?rest_route=%2Fwp%2Fv2%2Fcategories&post=5892"},{"taxonomy":"post_tag","embeddable":true,"href":"https:\/\/construcaocivil.siriusmarketingedesign.com.br\/index.php?rest_route=%2Fwp%2Fv2%2Ftags&post=5892"}],"curies":[{"name":"wp","href":"https:\/\/api.w.org\/{rel}","templated":true}]}}