{"id":5899,"date":"2017-04-25T20:53:39","date_gmt":"2017-04-25T23:53:39","guid":{"rendered":"http:\/\/www.jornaldaconstrucaocivil.com.br\/?p=5899"},"modified":"2017-04-25T20:53:39","modified_gmt":"2017-04-25T23:53:39","slug":"fne-propoe-retomada-de-obras-paradas-com-acompanhamento-rigoroso","status":"publish","type":"post","link":"https:\/\/construcaocivil.siriusmarketingedesign.com.br\/?p=5899","title":{"rendered":"FNE prop\u00f5e retomada de obras paradas  com acompanhamento rigoroso"},"content":{"rendered":"<p style=\"text-align: justify;\"><span style=\"color: #000080;\"><em><strong>Frente Parlamentar da Engenharia e Comiss\u00e3o de Obras Paradas realizar\u00e3o debate sobre retomada das obras em milhares de canteiros espalhados pelo Pa\u00eds<\/strong><\/em><\/span><\/p>\n<figure id=\"attachment_5900\" aria-describedby=\"caption-attachment-5900\" style=\"width: 320px\" class=\"wp-caption alignleft\"><a href=\"http:\/\/www.jornaldaconstrucaocivil.com.br\/wp-content\/uploads\/2017\/04\/LESSA-OK.jpg\"><img loading=\"lazy\" decoding=\"async\" class=\"wp-image-5900\" src=\"http:\/\/www.jornaldaconstrucaocivil.com.br\/wp-content\/uploads\/2017\/04\/LESSA-OK.jpg\" alt=\"LESSA OK\" width=\"320\" height=\"213\" \/><\/a><figcaption id=\"caption-attachment-5900\" class=\"wp-caption-text\"><span style=\"color: #993300;\">Murilo Pinheiro(dir), presidente da FNE, durante reuni\u00e3o da Frente Parlamentar Mista da Engenharia, Infraestrutura e Desenvolvimento na C\u00e2mara dos Deputados<\/span>. Cr\u00e9dito: Federa\u00e7\u00e3o Nacional dos Engenheiros (FNE)<\/figcaption><\/figure>\n<p style=\"text-align: justify;\"><span style=\"color: #000000;\"><span style=\"color: #993300;\">Abril, 2017<\/span> &#8211; O presidente da Federa\u00e7\u00e3o Nacional dos Engenheiros (FNE), Murilo Pinheiro, defendeu nesta ter\u00e7a-feira, 25\/4, durante reuni\u00e3o da Frente Parlamentar Mista da Engenharia, Infraestrutura e Desenvolvimento na C\u00e2mara dos Deputados a realiza\u00e7\u00e3o de uma rigorosa discuss\u00e3o sobre a situa\u00e7\u00e3o das obras paradas no Pa\u00eds.<\/span><\/p>\n<p style=\"text-align: justify;\"><span style=\"color: #000000;\">Na avalia\u00e7\u00e3o de Murilo, as obras paralisadas, estimadas em 5 mil, s\u00e3o investimentos que foram iniciados e cuja interrup\u00e7\u00e3o provoca preju\u00edzos para a sociedade.<span style=\"color: #000080;\"><em> \u201cAcho fundamental que fosse realizada uma discuss\u00e3o com bastante rigor para acompanharmos as obras paradas. At\u00e9 porque enquanto engenheiros gostamos de resultados e gostar\u00edamos de acompanhar esses projetos\u201d<\/em><\/span>, afirmou o presidente da FNE.<\/span><\/p>\n<p style=\"text-align: justify;\"><span style=\"color: #000000;\">A FNE \u00e9 uma entidade que representa 500 mil engenheiros atuantes em todas as modalidades de engenharia e que tem entre pontos principais de sua agenda a retomada do desenvolvimento econ\u00f4mico e o aprimoramento da infraestrutura nacional. Nesse sentido, avalia ser fundamental concluir os projetos de infraestrutura em andamento, o que beneficiaria a popula\u00e7\u00e3o de v\u00e1rios munic\u00edpios e abriria frentes de trabalho atenuando o elevado n\u00edvel de desemprego.<\/span><\/p>\n<p style=\"text-align: justify;\"><strong><span style=\"color: #ff0000;\">Reuni\u00e3o de maio<\/span><\/strong><\/p>\n<p style=\"text-align: justify;\"><span style=\"color: #000000;\">A partir da sugest\u00e3o feita pelo dirigente da FNE, o presidente da Frente Parlamentar da Engenharia, Ronaldo Lessa (PDT\/AL), propor\u00e1 uma reuni\u00e3o conjunta com a Comiss\u00e3o de Obras Paradas para tratar do tema a ser realizada em maio.<\/span><\/p>\n<p style=\"text-align: justify;\"><span style=\"color: #000000;\">Segundo Lessa, a ideia \u00e9 convidar \u00f3rg\u00e3os como o Tribunal de Contas da Uni\u00e3o e minist\u00e9rios que possuam dados sobre a quantidade de obras paradas e a caracter\u00edstica desses empreendimentos.<em><span style=\"color: #000080;\"> \u201cVamos buscar, nessas reuni\u00f5es, os resultados mais produtivos poss\u00edveis, ou seja, a retomada dessas obras\u201d<\/span><\/em>, disse o deputado.<\/span><\/p>\n<p style=\"text-align: justify;\"><span style=\"color: #000000;\">Informa\u00e7\u00f5es preliminares de \u00f3rg\u00e3os p\u00fablicos indicam a exist\u00eancia de milhares de canteiros de obras de creches, postos de sa\u00fade, obras de saneamento e de fornecimento de \u00e1gua, e obras de infraestrutura de transporte.<\/span><\/p>\n<p style=\"text-align: justify;\"><span style=\"color: #ff0000;\"><strong>Carreira de Estado e representa\u00e7\u00e3o<\/strong><\/span><\/p>\n<p style=\"text-align: justify;\"><span style=\"color: #000000;\">Duas outras quest\u00f5es essenciais aos engenheiros tamb\u00e9m entraram na pauta da reuni\u00e3o da Frente Parlamentar desta ter\u00e7a.<\/span><\/p>\n<p style=\"text-align: justify;\"><span style=\"color: #000000;\">A primeira foi o <span style=\"color: #993300;\">Projeto de Lei da C\u00e2mara (PLC) 13\/2013<\/span> que cria a carreira de Estado para engenheiros, arquitetos e agr\u00f4nomos em todos os n\u00edveis de governo (federal, estadual e municipal). A mat\u00e9ria est\u00e1 parada no Senado aguardando vota\u00e7\u00e3o de requerimento que possibilite sua aprova\u00e7\u00e3o em plen\u00e1rio.<\/span><\/p>\n<p style=\"text-align: justify;\"><span style=\"color: #000000;\">A outra \u00e9 a proposta de altera\u00e7\u00e3o da<span style=\"color: #993300;\"> Lei 5.194\/1966<\/span> para instituir a composi\u00e7\u00e3o federativa do plen\u00e1rio do Conselho Federal de Engenharia e Agronomia (Confea), assegurando a representa\u00e7\u00e3o permanente de todos os estados e do Distrito Federal.<\/span><\/p>\n<p style=\"text-align: justify;\">Fonte: Imprensa\/FNE<\/p>\n<p style=\"text-align: justify;\">\n<p>&nbsp;<\/p>\n","protected":false},"excerpt":{"rendered":"<p>Frente Parlamentar da Engenharia e Comiss\u00e3o de Obras Paradas realizar\u00e3o debate sobre retomada das obras em milhares de canteiros espalhados pelo Pa\u00eds Abril, 2017 &#8211; O presidente da Federa\u00e7\u00e3o Nacional dos Engenheiros (FNE), Murilo Pinheiro, defendeu nesta ter\u00e7a-feira, 25\/4, durante reuni\u00e3o da Frente Parlamentar Mista da Engenharia, Infraestrutura e Desenvolvimento na C\u00e2mara dos Deputados a [&hellip;]<\/p>\n","protected":false},"author":1,"featured_media":0,"comment_status":"open","ping_status":"open","sticky":false,"template":"","format":"standard","meta":{"_uag_custom_page_level_css":"","footnotes":""},"categories":[27],"tags":[201,1574,1717,3856,5247,6105,6310,8015,8388,9309,11959],"class_list":["post-5899","post","type-post","status-publish","format-standard","hentry","category-acontece","tag-5-mil-obras-paradas","tag-brasilia-df","tag-camara-dos-deputados","tag-economia","tag-frente-parlamentar-mista-da-engenharia","tag-infraestrutura-e-desenvolvimento","tag-investimentos","tag-murilo-pinheiro-presidente-da-federacao-nacional-dos-engenheiros","tag-obras-paradas","tag-prejuizos","tag-tribunal-de-contas-da-uniao"],"blocksy_meta":[],"spectra_blocks_featured_image_url":null,"spectra_blocks_author_info":{"display_name":"Jornal da Constru\u00e7\u00e3o Civil","avatar_url":"https:\/\/secure.gravatar.com\/avatar\/973c9774fd44ddaceb026973c4962faa70fc512bc4c9da68e8ebb40fecee6540?s=96&d=mm&r=g","author_link":"https:\/\/construcaocivil.siriusmarketingedesign.com.br\/?author=1","description":"Desde de 2013, levando muitas informa\u00e7\u00f5es, lan\u00e7amentos e produtos de qualidade para toda cadeia produtiva da constru\u00e7\u00e3o. O Futuro da constru\u00e7\u00e3o passa por aqui,"},"uagb_featured_image_src":{"full":false,"thumbnail":false,"medium":false,"medium_large":false,"large":false,"1536x1536":false,"2048x2048":false},"uagb_author_info":{"display_name":"Jornal da Constru\u00e7\u00e3o Civil","author_link":"https:\/\/construcaocivil.siriusmarketingedesign.com.br\/?author=1"},"uagb_comment_info":0,"uagb_excerpt":"Frente Parlamentar da Engenharia e Comiss\u00e3o de Obras Paradas realizar\u00e3o debate sobre retomada das obras em milhares de canteiros espalhados pelo Pa\u00eds Abril, 2017 &#8211; O presidente da Federa\u00e7\u00e3o Nacional dos Engenheiros (FNE), Murilo Pinheiro, defendeu nesta ter\u00e7a-feira, 25\/4, durante reuni\u00e3o da Frente Parlamentar Mista da Engenharia, Infraestrutura e Desenvolvimento na C\u00e2mara dos Deputados a&hellip;","_links":{"self":[{"href":"https:\/\/construcaocivil.siriusmarketingedesign.com.br\/index.php?rest_route=\/wp\/v2\/posts\/5899","targetHints":{"allow":["GET"]}}],"collection":[{"href":"https:\/\/construcaocivil.siriusmarketingedesign.com.br\/index.php?rest_route=\/wp\/v2\/posts"}],"about":[{"href":"https:\/\/construcaocivil.siriusmarketingedesign.com.br\/index.php?rest_route=\/wp\/v2\/types\/post"}],"author":[{"embeddable":true,"href":"https:\/\/construcaocivil.siriusmarketingedesign.com.br\/index.php?rest_route=\/wp\/v2\/users\/1"}],"replies":[{"embeddable":true,"href":"https:\/\/construcaocivil.siriusmarketingedesign.com.br\/index.php?rest_route=%2Fwp%2Fv2%2Fcomments&post=5899"}],"version-history":[{"count":0,"href":"https:\/\/construcaocivil.siriusmarketingedesign.com.br\/index.php?rest_route=\/wp\/v2\/posts\/5899\/revisions"}],"wp:attachment":[{"href":"https:\/\/construcaocivil.siriusmarketingedesign.com.br\/index.php?rest_route=%2Fwp%2Fv2%2Fmedia&parent=5899"}],"wp:term":[{"taxonomy":"category","embeddable":true,"href":"https:\/\/construcaocivil.siriusmarketingedesign.com.br\/index.php?rest_route=%2Fwp%2Fv2%2Fcategories&post=5899"},{"taxonomy":"post_tag","embeddable":true,"href":"https:\/\/construcaocivil.siriusmarketingedesign.com.br\/index.php?rest_route=%2Fwp%2Fv2%2Ftags&post=5899"}],"curies":[{"name":"wp","href":"https:\/\/api.w.org\/{rel}","templated":true}]}}