{"id":590,"date":"2015-12-16T01:23:34","date_gmt":"2015-12-16T01:23:34","guid":{"rendered":"http:\/\/www.jornaldaconstrucaocivil.com.br\/?p=590"},"modified":"2015-12-16T01:23:34","modified_gmt":"2015-12-16T01:23:34","slug":"itaguai-maturidade-saudavel-completa-dois-anos","status":"publish","type":"post","link":"https:\/\/construcaocivil.siriusmarketingedesign.com.br\/?p=590","title":{"rendered":"Itabora\u00ed:  Maturidade Saud\u00e1vel completa dois anos"},"content":{"rendered":"<p><span style=\"color: #000000;\"><strong>O Itaprevi comemorou, nesta sexta-feira, dois anos do projeto Maturidade Saud\u00e1vel, programa que visa fornecer atividades de sa\u00fade, beleza, cultura e educa\u00e7\u00e3o aos benefici\u00e1rios. O grupo Seresteiros da Amizade comandou a festa com muito bolero, forr\u00f3 e MPB.<\/strong><\/span><\/p>\n<p><span style=\"color: #000000;\">\u201c\u00c9 a consolida\u00e7\u00e3o de um programa que vem dando certo e j\u00e1 est\u00e1 at\u00e9 virando tradi\u00e7\u00e3o. Eles v\u00eam sempre na expectativa de encontrar algo diferente e realmente encontram\u201d, destaca a presidente do Itaprevi, \u00c9rica Saraiva.\u00a0<\/span><\/p>\n<figure id=\"attachment_591\" aria-describedby=\"caption-attachment-591\" style=\"width: 225px\" class=\"wp-caption alignleft\"><a href=\"http:\/\/www.jornaldaconstrucaocivil.com.br\/wp-content\/uploads\/2015\/12\/ITAPREVI.jpg\"><img loading=\"lazy\" decoding=\"async\" class=\"wp-image-591\" src=\"http:\/\/www.jornaldaconstrucaocivil.com.br\/wp-content\/uploads\/2015\/12\/ITAPREVI-300x200.jpg\" alt=\"ITAPREVI\" width=\"225\" height=\"150\" \/><\/a><figcaption id=\"caption-attachment-591\" class=\"wp-caption-text\"><span style=\"color: #0000ff;\"> Maturidade Saud\u00e1vel completa 2 anos com festa. Foto: Sandro Giron<\/span><\/figcaption><\/figure>\n<p><span style=\"color: #000000;\">Al\u00e9m de oferecer um bolo de anivers\u00e1rio, o Itaprevi tamb\u00e9m entregou para cada um dos tr\u00eas dan\u00e7arinos mais animados um eletrodom\u00e9stico. A pensionista Regina L\u00eddia Silva dos Santos, de 55 anos, uma das vencedoras estava euf\u00f3rica.\u201cAcho de extrema valia este programa que faz a gente se sentir mais viva\u201d, comentou.<\/span><\/p>\n<p><span style=\"color: #000000;\">Em segundo lugar ficou a aposentada Aguimar Pereira dos Santos, de 77 anos. \u201cSempre que posso venho aos eventos do Itaprevi. J\u00e1 fui presidente da Associa\u00e7\u00e3o da Terceira Idade de Itabora\u00ed e sei como faz bem para o idoso este tipo de a\u00e7\u00e3o\u201d, observa a idosa.<\/span><\/p>\n<p><span style=\"color: #000000;\">Na terceira coloca\u00e7\u00e3o ficou a top\u00f3grafa aposentada Elza Natali, de 56 anos. \u201cEstou h\u00e1 apenas tr\u00eas meses aposentada e n\u00e3o sabia deste trabalho do Itaprevi. Vou vir a todos a partir da agora\u201d, afirmou.<\/span><\/p>\n<p><span style=\"color: #000000;\"><strong>Programa<\/strong><\/span><\/p>\n<p><span style=\"color: #000000;\">Lan\u00e7ado em outubro de 2013, o Programa Maturidade Saud\u00e1vel tem o objetivo de proporcionar momentos de confraterniza\u00e7\u00e3o e oferta de servi\u00e7os, promovendo melhor qualidade de vida aos aposentados e pensionistas do Itaprevi. Mensalmente, os benefici\u00e1rios se re\u00fanem na sede do Instituto para receber seus contracheques e participar de atividades ligadas ao lazer, \u00e0 sa\u00fade e ao bem-estar.\u00a0<\/span><\/p>\n<p><span style=\"color: #0000ff;\">Fonte: Ascom\/Prefeitura de Itabora\u00ed-RJ<\/span><\/p>\n","protected":false},"excerpt":{"rendered":"<p>O Itaprevi comemorou, nesta sexta-feira, dois anos do projeto Maturidade Saud\u00e1vel, programa que visa fornecer atividades de sa\u00fade, beleza, cultura e educa\u00e7\u00e3o aos benefici\u00e1rios. O grupo Seresteiros da Amizade comandou a festa com muito bolero, forr\u00f3 e MPB. \u201c\u00c9 a consolida\u00e7\u00e3o de um programa que vem dando certo e j\u00e1 est\u00e1 at\u00e9 virando tradi\u00e7\u00e3o. Eles [&hellip;]<\/p>\n","protected":false},"author":1,"featured_media":0,"comment_status":"open","ping_status":"open","sticky":false,"template":"","format":"quote","meta":{"_uag_custom_page_level_css":"","footnotes":""},"categories":[27,37],"tags":[2244,3347,6434],"class_list":["post-590","post","type-post","status-publish","format-quote","hentry","category-acontece","category-sustentabilidade","tag-cidadania","tag-danca-e-maturidade","tag-itaprevi","post_format-post-format-quote"],"blocksy_meta":[],"spectra_blocks_featured_image_url":null,"spectra_blocks_author_info":{"display_name":"Jornal da Constru\u00e7\u00e3o Civil","avatar_url":"https:\/\/secure.gravatar.com\/avatar\/973c9774fd44ddaceb026973c4962faa70fc512bc4c9da68e8ebb40fecee6540?s=96&d=mm&r=g","author_link":"https:\/\/construcaocivil.siriusmarketingedesign.com.br\/?author=1","description":"Desde de 2013, levando muitas informa\u00e7\u00f5es, lan\u00e7amentos e produtos de qualidade para toda cadeia produtiva da constru\u00e7\u00e3o. O Futuro da constru\u00e7\u00e3o passa por aqui,"},"uagb_featured_image_src":{"full":false,"thumbnail":false,"medium":false,"medium_large":false,"large":false,"1536x1536":false,"2048x2048":false},"uagb_author_info":{"display_name":"Jornal da Constru\u00e7\u00e3o Civil","author_link":"https:\/\/construcaocivil.siriusmarketingedesign.com.br\/?author=1"},"uagb_comment_info":0,"uagb_excerpt":"O Itaprevi comemorou, nesta sexta-feira, dois anos do projeto Maturidade Saud\u00e1vel, programa que visa fornecer atividades de sa\u00fade, beleza, cultura e educa\u00e7\u00e3o aos benefici\u00e1rios. O grupo Seresteiros da Amizade comandou a festa com muito bolero, forr\u00f3 e MPB. \u201c\u00c9 a consolida\u00e7\u00e3o de um programa que vem dando certo e j\u00e1 est\u00e1 at\u00e9 virando tradi\u00e7\u00e3o. Eles&hellip;","_links":{"self":[{"href":"https:\/\/construcaocivil.siriusmarketingedesign.com.br\/index.php?rest_route=\/wp\/v2\/posts\/590","targetHints":{"allow":["GET"]}}],"collection":[{"href":"https:\/\/construcaocivil.siriusmarketingedesign.com.br\/index.php?rest_route=\/wp\/v2\/posts"}],"about":[{"href":"https:\/\/construcaocivil.siriusmarketingedesign.com.br\/index.php?rest_route=\/wp\/v2\/types\/post"}],"author":[{"embeddable":true,"href":"https:\/\/construcaocivil.siriusmarketingedesign.com.br\/index.php?rest_route=\/wp\/v2\/users\/1"}],"replies":[{"embeddable":true,"href":"https:\/\/construcaocivil.siriusmarketingedesign.com.br\/index.php?rest_route=%2Fwp%2Fv2%2Fcomments&post=590"}],"version-history":[{"count":0,"href":"https:\/\/construcaocivil.siriusmarketingedesign.com.br\/index.php?rest_route=\/wp\/v2\/posts\/590\/revisions"}],"wp:attachment":[{"href":"https:\/\/construcaocivil.siriusmarketingedesign.com.br\/index.php?rest_route=%2Fwp%2Fv2%2Fmedia&parent=590"}],"wp:term":[{"taxonomy":"category","embeddable":true,"href":"https:\/\/construcaocivil.siriusmarketingedesign.com.br\/index.php?rest_route=%2Fwp%2Fv2%2Fcategories&post=590"},{"taxonomy":"post_tag","embeddable":true,"href":"https:\/\/construcaocivil.siriusmarketingedesign.com.br\/index.php?rest_route=%2Fwp%2Fv2%2Ftags&post=590"}],"curies":[{"name":"wp","href":"https:\/\/api.w.org\/{rel}","templated":true}]}}