{"id":5906,"date":"2017-04-27T20:49:31","date_gmt":"2017-04-27T23:49:31","guid":{"rendered":"http:\/\/www.jornaldaconstrucaocivil.com.br\/?p=5906"},"modified":"2017-04-27T20:49:31","modified_gmt":"2017-04-27T23:49:31","slug":"confianca-dos-empresarios-da-construcao-mineira-recua-em-abril","status":"publish","type":"post","link":"https:\/\/construcaocivil.siriusmarketingedesign.com.br\/?p=5906","title":{"rendered":"Confian\u00e7a dos empres\u00e1rios da constru\u00e7\u00e3o mineira recua em abril"},"content":{"rendered":"<p style=\"text-align: justify;\"><span style=\"color: #000000;\"><span style=\"color: #993300;\">Abril, 2017<\/span> &#8211; O \u00cdndice de Confian\u00e7a do Empres\u00e1rio da Ind\u00fastria da Constru\u00e7\u00e3o de Minas Gerais (Iceicon-MG) recuou 3,2 pontos em abril, registrando 47,1 pontos. Com esse resultado, o indicador voltou a apontar falta de confian\u00e7a dos empres\u00e1rios, ap\u00f3s romper a barreira dos 50 pontos (que separa a falta de confian\u00e7a da confian\u00e7a) em mar\u00e7o. Na compara\u00e7\u00e3o entre abril e o mesmo m\u00eas do ano passado, o \u00edndice apresentou incremento de 17,9 pontos.<\/span><\/p>\n<p style=\"text-align: justify;\"><span style=\"color: #000000;\">A queda do Iceicon-MG \u00e9 consequ\u00eancia da piora de seus dois componentes. Em abril, o \u00edndice de condi\u00e7\u00f5es atuais de neg\u00f3cio ficou em 38,8 pontos, decrescendo 4,7 pontos em rela\u00e7\u00e3o a mar\u00e7o, sinalizando um maior descontentamento dos empres\u00e1rios da Constru\u00e7\u00e3o. Na compara\u00e7\u00e3o com o mesmo per\u00edodo de 2016, o indicador registrou aumento de 21 pontos.<\/span><\/p>\n<p style=\"text-align: justify;\"><span style=\"color: #000000;\">J\u00e1 o \u00edndice de expectativas recuou 2,4 pontos em abril de 2017 frente ao m\u00eas anterior, registrando 51,3 pontos. No mesmo m\u00eas do ano passado, esse indicador estava em 35,6 pontos, uma diferen\u00e7a de 15,7 pontos. &#8220;Estamos observando uma melhora consistente neste componente do indicador nos \u00faltimos meses. Desde janeiro deste ano ele permanece acima dos 50 pontos, apontando que os empres\u00e1rios est\u00e3o com melhores perspectivas para os pr\u00f3ximos seis meses&#8221; destaca o economista e coordenador sindical do Sindicato da Ind\u00fastria da Constru\u00e7\u00e3o Civil no Estado de Minas Gerais (Sinduscon-MG), Daniel Furletti.<\/span><\/p>\n<p style=\"text-align: justify;\"><span style=\"color: #000000;\">O Iceicon-MG \u00e9 elaborado pela Federa\u00e7\u00e3o das Ind\u00fastrias do Estado de Minas Gerais (Fiemg) em conjunto com a Confedera\u00e7\u00e3o Nacional da Ind\u00fastria (CNI) e em parceria com o Sindicato da Ind\u00fastria da Constru\u00e7\u00e3o Civil no Estado de Minas Gerais (Sinduscon-MG).<\/span><\/p>\n<p style=\"text-align: justify;\"><span style=\"color: #000080;\">Fonte: Imprensa\/Sinduscon-MG<\/span><\/p>\n","protected":false},"excerpt":{"rendered":"<p>Abril, 2017 &#8211; O \u00cdndice de Confian\u00e7a do Empres\u00e1rio da Ind\u00fastria da Constru\u00e7\u00e3o de Minas Gerais (Iceicon-MG) recuou 3,2 pontos em abril, registrando 47,1 pontos. Com esse resultado, o indicador voltou a apontar falta de confian\u00e7a dos empres\u00e1rios, ap\u00f3s romper a barreira dos 50 pontos (que separa a falta de confian\u00e7a da confian\u00e7a) em mar\u00e7o. [&hellip;]<\/p>\n","protected":false},"author":1,"featured_media":0,"comment_status":"open","ping_status":"open","sticky":false,"template":"","format":"standard","meta":{"_uag_custom_page_level_css":"","footnotes":""},"categories":[27],"tags":[2715,2826,3487,4194,4902,5858,7470,7676,11157],"class_list":["post-5906","post","type-post","status-publish","format-standard","hentry","category-acontece","tag-confederacao-nacional-da-industria-cni","tag-construcao-civil","tag-desconfianca-do-setor-de-construcao","tag-empresarios-recuam-em-investimentos","tag-federacao-das-industrias-do-estado-de-minas-gerais-fiemg","tag-iceicon-mg","tag-mercado","tag-minas-gerais-bh","tag-sinduscon-mg"],"blocksy_meta":[],"spectra_blocks_featured_image_url":null,"spectra_blocks_author_info":{"display_name":"Jornal da Constru\u00e7\u00e3o Civil","avatar_url":"https:\/\/secure.gravatar.com\/avatar\/973c9774fd44ddaceb026973c4962faa70fc512bc4c9da68e8ebb40fecee6540?s=96&d=mm&r=g","author_link":"https:\/\/construcaocivil.siriusmarketingedesign.com.br\/?author=1","description":"Desde de 2013, levando muitas informa\u00e7\u00f5es, lan\u00e7amentos e produtos de qualidade para toda cadeia produtiva da constru\u00e7\u00e3o. O Futuro da constru\u00e7\u00e3o passa por aqui,"},"uagb_featured_image_src":{"full":false,"thumbnail":false,"medium":false,"medium_large":false,"large":false,"1536x1536":false,"2048x2048":false},"uagb_author_info":{"display_name":"Jornal da Constru\u00e7\u00e3o Civil","author_link":"https:\/\/construcaocivil.siriusmarketingedesign.com.br\/?author=1"},"uagb_comment_info":0,"uagb_excerpt":"Abril, 2017 &#8211; O \u00cdndice de Confian\u00e7a do Empres\u00e1rio da Ind\u00fastria da Constru\u00e7\u00e3o de Minas Gerais (Iceicon-MG) recuou 3,2 pontos em abril, registrando 47,1 pontos. Com esse resultado, o indicador voltou a apontar falta de confian\u00e7a dos empres\u00e1rios, ap\u00f3s romper a barreira dos 50 pontos (que separa a falta de confian\u00e7a da confian\u00e7a) em mar\u00e7o.&hellip;","_links":{"self":[{"href":"https:\/\/construcaocivil.siriusmarketingedesign.com.br\/index.php?rest_route=\/wp\/v2\/posts\/5906","targetHints":{"allow":["GET"]}}],"collection":[{"href":"https:\/\/construcaocivil.siriusmarketingedesign.com.br\/index.php?rest_route=\/wp\/v2\/posts"}],"about":[{"href":"https:\/\/construcaocivil.siriusmarketingedesign.com.br\/index.php?rest_route=\/wp\/v2\/types\/post"}],"author":[{"embeddable":true,"href":"https:\/\/construcaocivil.siriusmarketingedesign.com.br\/index.php?rest_route=\/wp\/v2\/users\/1"}],"replies":[{"embeddable":true,"href":"https:\/\/construcaocivil.siriusmarketingedesign.com.br\/index.php?rest_route=%2Fwp%2Fv2%2Fcomments&post=5906"}],"version-history":[{"count":0,"href":"https:\/\/construcaocivil.siriusmarketingedesign.com.br\/index.php?rest_route=\/wp\/v2\/posts\/5906\/revisions"}],"wp:attachment":[{"href":"https:\/\/construcaocivil.siriusmarketingedesign.com.br\/index.php?rest_route=%2Fwp%2Fv2%2Fmedia&parent=5906"}],"wp:term":[{"taxonomy":"category","embeddable":true,"href":"https:\/\/construcaocivil.siriusmarketingedesign.com.br\/index.php?rest_route=%2Fwp%2Fv2%2Fcategories&post=5906"},{"taxonomy":"post_tag","embeddable":true,"href":"https:\/\/construcaocivil.siriusmarketingedesign.com.br\/index.php?rest_route=%2Fwp%2Fv2%2Ftags&post=5906"}],"curies":[{"name":"wp","href":"https:\/\/api.w.org\/{rel}","templated":true}]}}