{"id":5914,"date":"2017-04-28T13:03:03","date_gmt":"2017-04-28T16:03:03","guid":{"rendered":"http:\/\/www.jornaldaconstrucaocivil.com.br\/?p=5914"},"modified":"2017-04-28T13:03:03","modified_gmt":"2017-04-28T16:03:03","slug":"tramontina-lanca-linha-de-moveis-inspirada-na-toscana","status":"publish","type":"post","link":"https:\/\/construcaocivil.siriusmarketingedesign.com.br\/?p=5914","title":{"rendered":"Tramontina lan\u00e7a linha de m\u00f3veis inspirada na Toscana"},"content":{"rendered":"<p style=\"text-align: justify;\"><a href=\"http:\/\/www.jornaldaconstrucaocivil.com.br\/wp-content\/uploads\/2017\/04\/TOSCANA-OK.png\"><img loading=\"lazy\" decoding=\"async\" class=\"wp-image-5915 alignleft\" src=\"http:\/\/www.jornaldaconstrucaocivil.com.br\/wp-content\/uploads\/2017\/04\/TOSCANA-OK.png\" alt=\"TOSCANA OK\" width=\"275\" height=\"184\" \/><\/a><\/p>\n<p style=\"text-align: justify;\"><span style=\"color: #000000;\"><span style=\"color: #993300;\">Abril, 2017<\/span> &#8211; O charme e a singularidade da Toscana, uma das principais regi\u00f5es da It\u00e1lia, serviram de inspira\u00e7\u00e3o para a nova linha de m\u00f3veis da Tramontina. Com assinatura dos designers italianos Edi &amp; Paolo Ciani, os modelos garantem beleza e funcionalidade a ambientes internos e externos da casa, como varandas e jardins.<\/span><\/p>\n<p style=\"text-align: justify;\"><span style=\"color: #000000;\">As pe\u00e7as s\u00e3o feitas de madeira Muiracatiara e recebem acabamento eco clean, que protege e valoriza as fibras da madeira. A linha Toscana re\u00fane espregui\u00e7adeiras, conjunto de mesas e cadeiras, sof\u00e1s e banco alto com encosto. Os m\u00f3veis ainda podem ser personalizados com assentos e encontos feitos de tecido imperme\u00e1vel Aquablock.<\/span><\/p>\n<p style=\"text-align: justify;\">\n","protected":false},"excerpt":{"rendered":"<p>Abril, 2017 &#8211; O charme e a singularidade da Toscana, uma das principais regi\u00f5es da It\u00e1lia, serviram de inspira\u00e7\u00e3o para a nova linha de m\u00f3veis da Tramontina. Com assinatura dos designers italianos Edi &amp; Paolo Ciani, os modelos garantem beleza e funcionalidade a ambientes internos e externos da casa, como varandas e jardins. As pe\u00e7as [&hellip;]<\/p>\n","protected":false},"author":1,"featured_media":5915,"comment_status":"open","ping_status":"open","sticky":false,"template":"","format":"standard","meta":{"_uag_custom_page_level_css":"","footnotes":""},"categories":[28],"tags":[1899,1921,1930,3392,3559,5041,6478,6921,7909,11868],"class_list":["post-5914","post","type-post","status-publish","format-standard","has-post-thumbnail","hentry","category-arquitetura","tag-casa","tag-casa-de-praia","tag-casa-e-arquitetura","tag-decoracao","tag-designers-novos","tag-fibras-de-madeiras","tag-jardins","tag-linha-toscana","tag-moveis","tag-tramontina"],"blocksy_meta":[],"spectra_blocks_featured_image_url":[],"spectra_blocks_author_info":{"display_name":"Jornal da Constru\u00e7\u00e3o Civil","avatar_url":"https:\/\/secure.gravatar.com\/avatar\/973c9774fd44ddaceb026973c4962faa70fc512bc4c9da68e8ebb40fecee6540?s=96&d=mm&r=g","author_link":"https:\/\/construcaocivil.siriusmarketingedesign.com.br\/?author=1","description":"Desde de 2013, levando muitas informa\u00e7\u00f5es, lan\u00e7amentos e produtos de qualidade para toda cadeia produtiva da constru\u00e7\u00e3o. O Futuro da constru\u00e7\u00e3o passa por aqui,"},"uagb_featured_image_src":{"full":false,"thumbnail":false,"medium":false,"medium_large":false,"large":false,"1536x1536":false,"2048x2048":false},"uagb_author_info":{"display_name":"Jornal da Constru\u00e7\u00e3o Civil","author_link":"https:\/\/construcaocivil.siriusmarketingedesign.com.br\/?author=1"},"uagb_comment_info":0,"uagb_excerpt":"Abril, 2017 &#8211; O charme e a singularidade da Toscana, uma das principais regi\u00f5es da It\u00e1lia, serviram de inspira\u00e7\u00e3o para a nova linha de m\u00f3veis da Tramontina. Com assinatura dos designers italianos Edi &amp; Paolo Ciani, os modelos garantem beleza e funcionalidade a ambientes internos e externos da casa, como varandas e jardins. As pe\u00e7as&hellip;","_links":{"self":[{"href":"https:\/\/construcaocivil.siriusmarketingedesign.com.br\/index.php?rest_route=\/wp\/v2\/posts\/5914","targetHints":{"allow":["GET"]}}],"collection":[{"href":"https:\/\/construcaocivil.siriusmarketingedesign.com.br\/index.php?rest_route=\/wp\/v2\/posts"}],"about":[{"href":"https:\/\/construcaocivil.siriusmarketingedesign.com.br\/index.php?rest_route=\/wp\/v2\/types\/post"}],"author":[{"embeddable":true,"href":"https:\/\/construcaocivil.siriusmarketingedesign.com.br\/index.php?rest_route=\/wp\/v2\/users\/1"}],"replies":[{"embeddable":true,"href":"https:\/\/construcaocivil.siriusmarketingedesign.com.br\/index.php?rest_route=%2Fwp%2Fv2%2Fcomments&post=5914"}],"version-history":[{"count":0,"href":"https:\/\/construcaocivil.siriusmarketingedesign.com.br\/index.php?rest_route=\/wp\/v2\/posts\/5914\/revisions"}],"wp:attachment":[{"href":"https:\/\/construcaocivil.siriusmarketingedesign.com.br\/index.php?rest_route=%2Fwp%2Fv2%2Fmedia&parent=5914"}],"wp:term":[{"taxonomy":"category","embeddable":true,"href":"https:\/\/construcaocivil.siriusmarketingedesign.com.br\/index.php?rest_route=%2Fwp%2Fv2%2Fcategories&post=5914"},{"taxonomy":"post_tag","embeddable":true,"href":"https:\/\/construcaocivil.siriusmarketingedesign.com.br\/index.php?rest_route=%2Fwp%2Fv2%2Ftags&post=5914"}],"curies":[{"name":"wp","href":"https:\/\/api.w.org\/{rel}","templated":true}]}}