{"id":5917,"date":"2017-04-28T13:21:23","date_gmt":"2017-04-28T16:21:23","guid":{"rendered":"http:\/\/www.jornaldaconstrucaocivil.com.br\/?p=5917"},"modified":"2017-04-28T13:21:23","modified_gmt":"2017-04-28T16:21:23","slug":"amanco-faz-homenagem-aos-personagens-ocultos-do-futebol-em-acao-na-copa-do-nordeste","status":"publish","type":"post","link":"https:\/\/construcaocivil.siriusmarketingedesign.com.br\/?p=5917","title":{"rendered":"Amanco faz homenagem aos personagens \u201cocultos\u201d do futebol em a\u00e7\u00e3o na Copa do Nordeste"},"content":{"rendered":"<p style=\"text-align: justify;\"><span style=\"color: #000080;\"><strong><em>Funcion\u00e1rias do Fortaleza e do Bahia foram destaque no intervalo da partida realizada na primeira fase do campeonato, em mar\u00e7o; a\u00e7\u00e3o foi desenvolvida pela Artplan, ag\u00eancia de publicidade da marca, e refor\u00e7a o conceito <span style=\"color: #993300;\">#AmancoFacilita<\/span><\/em><\/strong><\/span><\/p>\n<p style=\"text-align: justify;\"><span style=\"color: #ff0000;\">Abril de 2017<\/span> &#8211; Todo mundo sabe o nome do atacante artilheiro do seu time do cora\u00e7\u00e3o, ou do goleiro que fez aquela defesa na final do campeonato. Mas pouca gente sabe quem faz a hist\u00f3ria dos clubes por tr\u00e1s dos gramados. E foi pensando nestes personagens<span style=\"color: #993300;\">\u00a0&#8220;ocultos&#8221;<\/span>, que a Amanco, patrocinadora da Copa do Nordeste, realizou a a\u00e7\u00e3o &#8220;<span style=\"color: #993300;\">Facilitadores&#8221;<\/span>. A homenagem emocionante aconteceu na partida entre Bahia e Fortaleza, em mar\u00e7o, na Arena Fonte Nova.<\/p>\n<figure id=\"attachment_5918\" aria-describedby=\"caption-attachment-5918\" style=\"width: 253px\" class=\"wp-caption alignleft\"><a href=\"http:\/\/www.jornaldaconstrucaocivil.com.br\/wp-content\/uploads\/2017\/04\/Homenagem-OK.png\"><img loading=\"lazy\" decoding=\"async\" class=\"wp-image-5918\" src=\"http:\/\/www.jornaldaconstrucaocivil.com.br\/wp-content\/uploads\/2017\/04\/Homenagem-OK.png\" alt=\"Homenagem OK\" width=\"253\" height=\"142\" \/><\/a><figcaption id=\"caption-attachment-5918\" class=\"wp-caption-text\"><span style=\"color: #ff0000;\">Divulga\u00e7\u00e3o<\/span><\/figcaption><\/figure>\n<p style=\"text-align: justify;\">No intervalo do jogo, duas conhecidas personalidades dos clubes, mas desconhecidas da torcida, foram chamadas ao gramado. Toinha, Auxiliar de Nutri\u00e7\u00e3o do Fortaleza e que h\u00e1 45 anos faz com que os jogadores e equipe t\u00e9cnica tenham disposi\u00e7\u00e3o pra estar sempre dando aquele show de bola, e Cel\u00ed, Analista de RH do Bahia h\u00e1 30 anos e que demonstra, j\u00e1 no seu tempo de trabalho, o quanto valoriza o Bahia, tiveram suas hist\u00f3rias de amor e dedica\u00e7\u00e3o aos clubes reveladas.<\/p>\n<p style=\"text-align: justify;\">Ambas receberam uma placa da Amanco com t\u00edtulo de<span style=\"color: #993300;\"> \u201cFacilitadoras\u201d<\/span> da trajet\u00f3ria dos seus times do cora\u00e7\u00e3o, e foram as verdadeiras estrelas do intervalo do jogo. Confira no v\u00eddeo.<\/p>\n<p style=\"text-align: justify;\"><span style=\"color: #000080;\"><em>\u201cEste \u00e9 o segundo ano em que estamos apoiando a Copa do Nordeste e queremos mostrar que, assim como Cel\u00ed e Toinha dedicaram suas vidas em facilitar o dia a dia dos jogadores dos seus clubes de cora\u00e7\u00e3o, a Amanco inova para facilitar a vida das pessoas\u201d,<\/em><\/span> afirma Patricia Barreros, gerente de Marketing e Comunica\u00e7\u00e3o Latam da Mexichem Brasil.<\/p>\n<p style=\"text-align: justify;\"><span style=\"color: #003366;\"><em>\u201cA Artplan tem constru\u00eddo esse conceito de facilidade que a Amanco traz pra vida de quem enfrenta uma obra desde 2015, mesmo que ela n\u00e3o seja percept\u00edvel a olho nu. E a ag\u00eancia criou essa s\u00e9rie de a\u00e7\u00f5es pra tra\u00e7ar um paralelo com a marca e mostrar como pe\u00e7as importantes na estrutura de um time de futebol nem sempre ficam vis\u00edveis aos torcedores, assim como os produtos Amanco em uma obra.\u201d<\/em><\/span>, comenta Eduardo Megale, Diretor de Atendimento da Artplan em S\u00e3o Paulo.<\/p>\n<p style=\"text-align: justify;\">Al\u00e9m da homenagem, a Amanco ainda est\u00e1 presente durante a Copa do Nordeste em a\u00e7\u00f5es como a exibi\u00e7\u00e3o de estat\u00edsticas dos jogos nos tel\u00f5es dos est\u00e1dios, facilitando a interpreta\u00e7\u00e3o e acompanhamento da partida pelos torcedores, e uma vota\u00e7\u00e3o nas redes sociais sobre os jogos mais <span style=\"color: #993300;\">\u201cf\u00e1ceis\u201d<\/span> da temporada.<\/p>\n","protected":false},"excerpt":{"rendered":"<p>Funcion\u00e1rias do Fortaleza e do Bahia foram destaque no intervalo da partida realizada na primeira fase do campeonato, em mar\u00e7o; a\u00e7\u00e3o foi desenvolvida pela Artplan, ag\u00eancia de publicidade da marca, e refor\u00e7a o conceito #AmancoFacilita Abril de 2017 &#8211; Todo mundo sabe o nome do atacante artilheiro do seu time do cora\u00e7\u00e3o, ou do goleiro [&hellip;]<\/p>\n","protected":false},"author":1,"featured_media":5918,"comment_status":"open","ping_status":"open","sticky":false,"template":"","format":"standard","meta":{"_uag_custom_page_level_css":"","footnotes":""},"categories":[27],"tags":[645,1165,1746,3073,5195,5310,7362,7470,10349,11991],"class_list":["post-5917","post","type-post","status-publish","format-standard","has-post-thumbnail","hentry","category-acontece","tag-amanco","tag-bahia","tag-campanha","tag-copa-do-nordeste","tag-fortaleza","tag-futebol","tag-material-de-construcao","tag-mercado","tag-rh","tag-tubos-e-conexoes"],"blocksy_meta":[],"spectra_blocks_featured_image_url":[],"spectra_blocks_author_info":{"display_name":"Jornal da Constru\u00e7\u00e3o Civil","avatar_url":"https:\/\/secure.gravatar.com\/avatar\/973c9774fd44ddaceb026973c4962faa70fc512bc4c9da68e8ebb40fecee6540?s=96&d=mm&r=g","author_link":"https:\/\/construcaocivil.siriusmarketingedesign.com.br\/?author=1","description":"Desde de 2013, levando muitas informa\u00e7\u00f5es, lan\u00e7amentos e produtos de qualidade para toda cadeia produtiva da constru\u00e7\u00e3o. O Futuro da constru\u00e7\u00e3o passa por aqui,"},"uagb_featured_image_src":{"full":false,"thumbnail":false,"medium":false,"medium_large":false,"large":false,"1536x1536":false,"2048x2048":false},"uagb_author_info":{"display_name":"Jornal da Constru\u00e7\u00e3o Civil","author_link":"https:\/\/construcaocivil.siriusmarketingedesign.com.br\/?author=1"},"uagb_comment_info":0,"uagb_excerpt":"Funcion\u00e1rias do Fortaleza e do Bahia foram destaque no intervalo da partida realizada na primeira fase do campeonato, em mar\u00e7o; a\u00e7\u00e3o foi desenvolvida pela Artplan, ag\u00eancia de publicidade da marca, e refor\u00e7a o conceito #AmancoFacilita Abril de 2017 &#8211; Todo mundo sabe o nome do atacante artilheiro do seu time do cora\u00e7\u00e3o, ou do goleiro&hellip;","_links":{"self":[{"href":"https:\/\/construcaocivil.siriusmarketingedesign.com.br\/index.php?rest_route=\/wp\/v2\/posts\/5917","targetHints":{"allow":["GET"]}}],"collection":[{"href":"https:\/\/construcaocivil.siriusmarketingedesign.com.br\/index.php?rest_route=\/wp\/v2\/posts"}],"about":[{"href":"https:\/\/construcaocivil.siriusmarketingedesign.com.br\/index.php?rest_route=\/wp\/v2\/types\/post"}],"author":[{"embeddable":true,"href":"https:\/\/construcaocivil.siriusmarketingedesign.com.br\/index.php?rest_route=\/wp\/v2\/users\/1"}],"replies":[{"embeddable":true,"href":"https:\/\/construcaocivil.siriusmarketingedesign.com.br\/index.php?rest_route=%2Fwp%2Fv2%2Fcomments&post=5917"}],"version-history":[{"count":0,"href":"https:\/\/construcaocivil.siriusmarketingedesign.com.br\/index.php?rest_route=\/wp\/v2\/posts\/5917\/revisions"}],"wp:attachment":[{"href":"https:\/\/construcaocivil.siriusmarketingedesign.com.br\/index.php?rest_route=%2Fwp%2Fv2%2Fmedia&parent=5917"}],"wp:term":[{"taxonomy":"category","embeddable":true,"href":"https:\/\/construcaocivil.siriusmarketingedesign.com.br\/index.php?rest_route=%2Fwp%2Fv2%2Fcategories&post=5917"},{"taxonomy":"post_tag","embeddable":true,"href":"https:\/\/construcaocivil.siriusmarketingedesign.com.br\/index.php?rest_route=%2Fwp%2Fv2%2Ftags&post=5917"}],"curies":[{"name":"wp","href":"https:\/\/api.w.org\/{rel}","templated":true}]}}