{"id":5920,"date":"2017-04-28T13:33:09","date_gmt":"2017-04-28T16:33:09","guid":{"rendered":"http:\/\/www.jornaldaconstrucaocivil.com.br\/?p=5920"},"modified":"2017-04-28T13:33:09","modified_gmt":"2017-04-28T16:33:09","slug":"fabrica-da-novelis-completa-40-anos-em-pindamonhangaba","status":"publish","type":"post","link":"https:\/\/construcaocivil.siriusmarketingedesign.com.br\/?p=5920","title":{"rendered":"F\u00e1brica da Novelis completa 40 anos em Pindamonhangaba"},"content":{"rendered":"<p style=\"text-align: justify;\"><span style=\"color: #000000;\"><span style=\"color: #993300;\">Abril de 2017<\/span> \u2013 A Novelis, l\u00edder mundial em laminados e em reciclagem de alum\u00ednio, comemora neste m\u00eas os 40 anos de sua f\u00e1brica em Pindamonhangaba. Inaugurada em 19 de abril de 1977 pelo ent\u00e3o CEO da Alcan, Nathanael Davis, com a participa\u00e7\u00e3o do ent\u00e3o prefeito do munic\u00edpio, Geraldo Alckmin, a unidade \u00e9 considerada hoje o maior centro de lamina\u00e7\u00e3o e reciclagem de alum\u00ednio da Am\u00e9rica Latina.<\/span><\/p>\n<p style=\"text-align: justify;\"><span style=\"color: #000000;\">A planta, que recebeu um investimento inicial de US$ 70 milh\u00f5es, come\u00e7ou operando com uma capacidade de produ\u00e7\u00e3o de 30 mil toneladas ao ano. Em 1986, um investimento para a expans\u00e3o da f\u00e1brica permitiu a produ\u00e7\u00e3o de chapas de alum\u00ednio para latas de bebida no Brasil.<\/span><\/p>\n<p style=\"text-align: justify;\"><span style=\"color: #000000;\"><span style=\"color: #000080;\"><em>\u201cA f\u00e1brica de Pinda \u00e9 o cora\u00e7\u00e3o dos neg\u00f3cios da Novelis Am\u00e9rica do Sul. Desde 2011, foram cerca de U$ 900 milh\u00f5es investidos na expans\u00e3o e moderniza\u00e7\u00e3o da unidade, permitindo que a capacidade instalada da lamina\u00e7\u00e3o atingisse 600 mil toneladas ao ano e transformando o Brasil em um dos l\u00edderes mundiais em reciclagem de latas de alum\u00ednio. No Brasil, a receita da empresa praticamente dobrou nos \u00faltimos seis anos e atingiu mais de R$ 5 bilh\u00f5es de reais\u201d<\/em><\/span>, ressalta Tadeu Nardocci, presidente da Novelis na Am\u00e9rica do Sul.<\/span><\/p>\n<p style=\"text-align: justify;\"><span style=\"color: #000000;\">Principal opera\u00e7\u00e3o da Novelis na Am\u00e9rica do Sul, a unidade em Pindamonhangaba se destaca pela excel\u00eancia operacional e equipamentos de ponta \u2013 refer\u00eancia no mundo todo. A planta de Pinda tamb\u00e9m \u00e9 reconhecida pela gest\u00e3o eficiente dos recursos naturais, como a redu\u00e7\u00e3o de consumo de \u00e1gua no processo produtivo. Foram reduzidos 48 litros no consumo do recurso por tonelada de alum\u00ednio produzido no Brasil entre os anos fiscais de 2013 e 2016, o que representou uma diminui\u00e7\u00e3o de aproximadamente 13% no per\u00edodo.<\/span><\/p>\n<p style=\"text-align: justify;\"><span style=\"color: #000000;\">A f\u00e1brica da Novelis em Pindamonhangaba foi reconhecida em iniciativas ambientais no Pr\u00eamio FIESP por tr\u00eas vezes consecutivas. A primeira vez foi em 2015 com o case de Redu\u00e7\u00e3o do Consumo Espec\u00edfico de \u00c1gua, no Pr\u00eamio FIESP de Conserva\u00e7\u00e3o e Reuso de \u00c1gua, seguida pelo projeto de gest\u00e3o de energia e efici\u00eancia energ\u00e9tica realizado na unidade, recebido em 2016, no Pr\u00eamio FIESP de M\u00e9rito Ambiental. Na \u00faltima edi\u00e7\u00e3o, em 2017, o projeto de redu\u00e7\u00e3o do consumo da \u00e1gua na f\u00e1brica recebeu men\u00e7\u00e3o honrosa pelo pr\u00eamio.<\/span><\/p>\n<p style=\"text-align: justify;\"><span style=\"color: #000000;\">Por meio do Novelis Comunidade, programa global de responsabilidade social, a empresa desenvolve projetos sociais norteados pelos pilares de reciclagem e meio ambiente, educa\u00e7\u00e3o e cultura, seguran\u00e7a e cidadania. Um dos destaques \u00e9 o Sociedade do Amanh\u00e3 (PASA), projeto realizado h\u00e1 mais de 15 anos, que foca na conscientiza\u00e7\u00e3o de estudantes, familiares e professores para a preserva\u00e7\u00e3o do meio ambiente. A Novelis apoia a educa\u00e7\u00e3o por meio do Her\u00f3is em A\u00e7\u00e3o, Nau dos Mestres e, em parceria com o Instituto Esporte &amp; Educa\u00e7\u00e3o (IEE), capacita 100 educadores da rede p\u00fablica sobre pr\u00e1ticas e atividades que visam a melhoria da qualidade do ensino de educa\u00e7\u00e3o f\u00edsica no munic\u00edpio.<\/span><\/p>\n<p style=\"text-align: justify;\"><span style=\"color: #000000;\">O quarenten\u00e1rio da f\u00e1brica tamb\u00e9m ser\u00e1 comemorado com a exposi\u00e7\u00e3o Reciclalata, mostra art\u00edstica que re\u00fane latas de alum\u00ednio gigantes personalizadas por artistas. Com o objetivo de conscientizar para os temas de reciclagem e sustentabilidade, a exposi\u00e7\u00e3o j\u00e1 passou por cidades como S\u00e3o Paulo, Belo Horizonte e Rio de Janeiro e termina sua itiner\u00e2ncia em Pindamonhangaba, onde ser\u00e1 exposta na Pra\u00e7a Monsenhor Marcondes e no Shopping P\u00e1tio Pinda.<\/span><\/p>\n<p style=\"text-align: justify;\">\n<p>&nbsp;<\/p>\n","protected":false},"excerpt":{"rendered":"<p>Abril de 2017 \u2013 A Novelis, l\u00edder mundial em laminados e em reciclagem de alum\u00ednio, comemora neste m\u00eas os 40 anos de sua f\u00e1brica em Pindamonhangaba. Inaugurada em 19 de abril de 1977 pelo ent\u00e3o CEO da Alcan, Nathanael Davis, com a participa\u00e7\u00e3o do ent\u00e3o prefeito do munic\u00edpio, Geraldo Alckmin, a unidade \u00e9 considerada hoje [&hellip;]<\/p>\n","protected":false},"author":1,"featured_media":0,"comment_status":"open","ping_status":"open","sticky":false,"template":"","format":"standard","meta":{"_uag_custom_page_level_css":"","footnotes":""},"categories":[12591],"tags":[2191,2450,4791,5151,5466,7486,8238,8907],"class_list":["post-5920","post","type-post","status-publish","format-standard","hentry","category-produtos","tag-chapas-de-aluminio","tag-comemoracao-de-40-anos","tag-fabrica-de-laminados-e-reciclados","tag-folhas-de-aluminio","tag-gestao-eficiente-dos-recursos-naturais","tag-mercado-de-chapas-de-aluminio","tag-novelis","tag-pindamonhangaba-sp"],"blocksy_meta":[],"spectra_blocks_featured_image_url":null,"spectra_blocks_author_info":{"display_name":"Jornal da Constru\u00e7\u00e3o Civil","avatar_url":"https:\/\/secure.gravatar.com\/avatar\/973c9774fd44ddaceb026973c4962faa70fc512bc4c9da68e8ebb40fecee6540?s=96&d=mm&r=g","author_link":"https:\/\/construcaocivil.siriusmarketingedesign.com.br\/?author=1","description":"Desde de 2013, levando muitas informa\u00e7\u00f5es, lan\u00e7amentos e produtos de qualidade para toda cadeia produtiva da constru\u00e7\u00e3o. O Futuro da constru\u00e7\u00e3o passa por aqui,"},"uagb_featured_image_src":{"full":false,"thumbnail":false,"medium":false,"medium_large":false,"large":false,"1536x1536":false,"2048x2048":false},"uagb_author_info":{"display_name":"Jornal da Constru\u00e7\u00e3o Civil","author_link":"https:\/\/construcaocivil.siriusmarketingedesign.com.br\/?author=1"},"uagb_comment_info":0,"uagb_excerpt":"Abril de 2017 \u2013 A Novelis, l\u00edder mundial em laminados e em reciclagem de alum\u00ednio, comemora neste m\u00eas os 40 anos de sua f\u00e1brica em Pindamonhangaba. Inaugurada em 19 de abril de 1977 pelo ent\u00e3o CEO da Alcan, Nathanael Davis, com a participa\u00e7\u00e3o do ent\u00e3o prefeito do munic\u00edpio, Geraldo Alckmin, a unidade \u00e9 considerada hoje&hellip;","_links":{"self":[{"href":"https:\/\/construcaocivil.siriusmarketingedesign.com.br\/index.php?rest_route=\/wp\/v2\/posts\/5920","targetHints":{"allow":["GET"]}}],"collection":[{"href":"https:\/\/construcaocivil.siriusmarketingedesign.com.br\/index.php?rest_route=\/wp\/v2\/posts"}],"about":[{"href":"https:\/\/construcaocivil.siriusmarketingedesign.com.br\/index.php?rest_route=\/wp\/v2\/types\/post"}],"author":[{"embeddable":true,"href":"https:\/\/construcaocivil.siriusmarketingedesign.com.br\/index.php?rest_route=\/wp\/v2\/users\/1"}],"replies":[{"embeddable":true,"href":"https:\/\/construcaocivil.siriusmarketingedesign.com.br\/index.php?rest_route=%2Fwp%2Fv2%2Fcomments&post=5920"}],"version-history":[{"count":0,"href":"https:\/\/construcaocivil.siriusmarketingedesign.com.br\/index.php?rest_route=\/wp\/v2\/posts\/5920\/revisions"}],"wp:attachment":[{"href":"https:\/\/construcaocivil.siriusmarketingedesign.com.br\/index.php?rest_route=%2Fwp%2Fv2%2Fmedia&parent=5920"}],"wp:term":[{"taxonomy":"category","embeddable":true,"href":"https:\/\/construcaocivil.siriusmarketingedesign.com.br\/index.php?rest_route=%2Fwp%2Fv2%2Fcategories&post=5920"},{"taxonomy":"post_tag","embeddable":true,"href":"https:\/\/construcaocivil.siriusmarketingedesign.com.br\/index.php?rest_route=%2Fwp%2Fv2%2Ftags&post=5920"}],"curies":[{"name":"wp","href":"https:\/\/api.w.org\/{rel}","templated":true}]}}