{"id":5922,"date":"2017-04-28T14:20:28","date_gmt":"2017-04-28T17:20:28","guid":{"rendered":"http:\/\/www.jornaldaconstrucaocivil.com.br\/?p=5922"},"modified":"2017-04-28T14:20:28","modified_gmt":"2017-04-28T17:20:28","slug":"desemprego-bate-recorde-historico-no-pais-sao-142-milhoes-de-desempregados","status":"publish","type":"post","link":"https:\/\/construcaocivil.siriusmarketingedesign.com.br\/?p=5922","title":{"rendered":"Desemprego bate recorde hist\u00f3rico no pa\u00eds, s\u00e3o 14,2 milh\u00f5es de desempregados"},"content":{"rendered":"<p style=\"text-align: justify;\"><em>Da Reda\u00e7\u00e3o\u00a0<\/em><\/p>\n<p style=\"text-align: justify;\"><span style=\"color: #000080;\"><em><strong>Crise pol\u00edtica, m\u00e1 gest\u00e3o, corrup\u00e7\u00e3o, al\u00e9m da baixa popularidade do governo Temer tem ajudado o pa\u00eds a permanecer num clima de instabilidade econ\u00f4mica. \u00a0<\/strong><\/em><\/span><\/p>\n<p style=\"text-align: justify;\"><a href=\"http:\/\/www.jornaldaconstrucaocivil.com.br\/wp-content\/uploads\/2017\/04\/TRABALHADORES-COMPERJ.jpg\"><img loading=\"lazy\" decoding=\"async\" class=\"alignnone size-full wp-image-5923\" src=\"http:\/\/www.jornaldaconstrucaocivil.com.br\/wp-content\/uploads\/2017\/04\/TRABALHADORES-COMPERJ.jpg\" alt=\"TRABALHADORES-COMPERJ\" width=\"800\" height=\"600\" \/><\/a><\/p>\n<p style=\"text-align: justify;\"><span style=\"color: #000000;\"><span style=\"color: #993300;\">Abril, 2017<\/span> &#8211; Se h\u00e1 uma luz no final do t\u00fanel por enquanto essa luz, n\u00e3o chegou ao Brasil. De acordo com os \u00faltimos dados divulgados do IBGE, o desemprego no pa\u00eds passou para 14,2 milh\u00f5es. S\u00e3o milhares de pessoas sem empregos, a economia est\u00e1 estagnada. O mercado analisa com cautela a economia nacional.<\/span><\/p>\n<p style=\"text-align: justify;\"><span style=\"color: #000000;\">Para hoje, centrais sindicais de todo o pa\u00eds decretaram greve geral, contra medidas austeridade adotada pelo governo federal, como mudan\u00e7as na CLT, Corte de investimentos, mudan\u00e7as na aposentadoria, quebra do conte\u00fado local, e por fim, uma<span style=\"color: #993300;\"> \u201cquase\u201d<\/span> tentativa de aumentos de impostos.<\/span><\/p>\n<p style=\"text-align: justify;\"><span style=\"color: #000000;\">Temer, que j\u00e1 foi para TV comemorar os bons n\u00fameros de cria\u00e7\u00e3o de empregos de janeiro\/17, dessa vez ter\u00e1 que explicar o que aconteceu? Em n\u00fameros espec\u00edficos do IBGE, podemos dizer que alguns setores ainda sofrem com a crise, como constru\u00e7\u00e3o civil e servi\u00e7os.<\/span><\/p>\n<p style=\"text-align: justify;\"><span style=\"color: #000000;\">Segue a an\u00e1lise detalhada do IBGE, divulgada ontem (27) sobre o contingente dos grupamentos de atividade de desempregados, do trimestre janeiro \/ mar\u00e7o de 2017, em rela\u00e7\u00e3o ao trimestre outubro \/ dezembro de 2016, mostrou queda na Agricultura, Pecu\u00e1ria, Produ\u00e7\u00e3o Florestal, Pesca e Agricultura temos menos 240 mil pessoas, na constru\u00e7\u00e3o civil s\u00e3o 242 mil pessoas sem trabalho (carteira assinada), Com\u00e9rcio, Repara\u00e7\u00e3o de Ve\u00edculos Automotores e Motocicletas, com 438 mil pessoas desempregadas \u00a0e Administra\u00e7\u00e3o p\u00fablica, defesa, seguridade social, educa\u00e7\u00e3o, sa\u00fade humana e servi\u00e7os sociais, temos 484 mil pessoas fora do mercado de trabalho.<\/span><\/p>\n<p style=\"text-align: justify;\"><span style=\"color: #000000;\">Em rela\u00e7\u00e3o ao trimestre janeiro \/ mar\u00e7o de 2016 houve redu\u00e7\u00e3o no contingente dos seguintes grupamentos: Constru\u00e7\u00e3o Civil com menos 719 mil pessoas, Agricultura, Pecu\u00e1ria, Produ\u00e7\u00e3o Florestal, Pesca e Agricultura com redu\u00e7\u00e3o de 758 mil pessoas, Ind\u00fastria Geral \u00a0342 mil pessoas sem trabalho e Servi\u00e7os dom\u00e9sticos 184 mil pessoas demitidas.<\/span><\/p>\n<p style=\"text-align: justify;\"><span style=\"color: #000000;\">Em resumo, enquanto a paralisia geral toma conta do Brasil. O governo federal tenta acelerar medidas in\u00f3cuas para melhorar a economia do pa\u00eds.<\/span><\/p>\n","protected":false},"excerpt":{"rendered":"<p>Da Reda\u00e7\u00e3o\u00a0 Crise pol\u00edtica, m\u00e1 gest\u00e3o, corrup\u00e7\u00e3o, al\u00e9m da baixa popularidade do governo Temer tem ajudado o pa\u00eds a permanecer num clima de instabilidade econ\u00f4mica. \u00a0 Abril, 2017 &#8211; Se h\u00e1 uma luz no final do t\u00fanel por enquanto essa luz, n\u00e3o chegou ao Brasil. De acordo com os \u00faltimos dados divulgados do IBGE, o [&hellip;]<\/p>\n","protected":false},"author":1,"featured_media":5923,"comment_status":"open","ping_status":"open","sticky":false,"template":"","format":"standard","meta":{"_uag_custom_page_level_css":"","footnotes":""},"categories":[27],"tags":[2826,3202,3856,5573,5642,5846,7576,9954,10075,11844],"class_list":["post-5922","post","type-post","status-publish","format-standard","has-post-thumbnail","hentry","category-acontece","tag-construcao-civil","tag-crise-economica","tag-economia","tag-governo-temer-com-baixa-popularidade","tag-greve-geral","tag-ibge","tag-mercado-instavel","tag-recorde-de-desempregados","tag-reformas-trabalhistas","tag-trabalhadores"],"blocksy_meta":[],"spectra_blocks_featured_image_url":[],"spectra_blocks_author_info":{"display_name":"Jornal da Constru\u00e7\u00e3o Civil","avatar_url":"https:\/\/secure.gravatar.com\/avatar\/973c9774fd44ddaceb026973c4962faa70fc512bc4c9da68e8ebb40fecee6540?s=96&d=mm&r=g","author_link":"https:\/\/construcaocivil.siriusmarketingedesign.com.br\/?author=1","description":"Desde de 2013, levando muitas informa\u00e7\u00f5es, lan\u00e7amentos e produtos de qualidade para toda cadeia produtiva da constru\u00e7\u00e3o. O Futuro da constru\u00e7\u00e3o passa por aqui,"},"uagb_featured_image_src":{"full":false,"thumbnail":false,"medium":false,"medium_large":false,"large":false,"1536x1536":false,"2048x2048":false},"uagb_author_info":{"display_name":"Jornal da Constru\u00e7\u00e3o Civil","author_link":"https:\/\/construcaocivil.siriusmarketingedesign.com.br\/?author=1"},"uagb_comment_info":0,"uagb_excerpt":"Da Reda\u00e7\u00e3o\u00a0 Crise pol\u00edtica, m\u00e1 gest\u00e3o, corrup\u00e7\u00e3o, al\u00e9m da baixa popularidade do governo Temer tem ajudado o pa\u00eds a permanecer num clima de instabilidade econ\u00f4mica. \u00a0 Abril, 2017 &#8211; Se h\u00e1 uma luz no final do t\u00fanel por enquanto essa luz, n\u00e3o chegou ao Brasil. De acordo com os \u00faltimos dados divulgados do IBGE, o&hellip;","_links":{"self":[{"href":"https:\/\/construcaocivil.siriusmarketingedesign.com.br\/index.php?rest_route=\/wp\/v2\/posts\/5922","targetHints":{"allow":["GET"]}}],"collection":[{"href":"https:\/\/construcaocivil.siriusmarketingedesign.com.br\/index.php?rest_route=\/wp\/v2\/posts"}],"about":[{"href":"https:\/\/construcaocivil.siriusmarketingedesign.com.br\/index.php?rest_route=\/wp\/v2\/types\/post"}],"author":[{"embeddable":true,"href":"https:\/\/construcaocivil.siriusmarketingedesign.com.br\/index.php?rest_route=\/wp\/v2\/users\/1"}],"replies":[{"embeddable":true,"href":"https:\/\/construcaocivil.siriusmarketingedesign.com.br\/index.php?rest_route=%2Fwp%2Fv2%2Fcomments&post=5922"}],"version-history":[{"count":0,"href":"https:\/\/construcaocivil.siriusmarketingedesign.com.br\/index.php?rest_route=\/wp\/v2\/posts\/5922\/revisions"}],"wp:attachment":[{"href":"https:\/\/construcaocivil.siriusmarketingedesign.com.br\/index.php?rest_route=%2Fwp%2Fv2%2Fmedia&parent=5922"}],"wp:term":[{"taxonomy":"category","embeddable":true,"href":"https:\/\/construcaocivil.siriusmarketingedesign.com.br\/index.php?rest_route=%2Fwp%2Fv2%2Fcategories&post=5922"},{"taxonomy":"post_tag","embeddable":true,"href":"https:\/\/construcaocivil.siriusmarketingedesign.com.br\/index.php?rest_route=%2Fwp%2Fv2%2Ftags&post=5922"}],"curies":[{"name":"wp","href":"https:\/\/api.w.org\/{rel}","templated":true}]}}