{"id":5941,"date":"2017-05-02T20:42:54","date_gmt":"2017-05-02T23:42:54","guid":{"rendered":"http:\/\/www.jornaldaconstrucaocivil.com.br\/?p=5941"},"modified":"2017-05-02T20:42:54","modified_gmt":"2017-05-02T23:42:54","slug":"nota-cpt-maranhao-povo-gamela-sofre-ataque-premeditado-de-fazendeiros-contra-suas-vidas-e-lutas","status":"publish","type":"post","link":"https:\/\/construcaocivil.siriusmarketingedesign.com.br\/?p=5941","title":{"rendered":"Nota CPT Maranh\u00e3o: Povo Gamela sofre ataque premeditado de fazendeiros contra suas vidas e lutas"},"content":{"rendered":"<p style=\"text-align: justify;\"><span style=\"color: #000000;\"><span style=\"color: #993300;\">Maio, 2017<\/span> &#8211; A Comiss\u00e3o Pastoral da Terra Regional Maranh\u00e3o (CPT-MA) vem a p\u00fablico denunciar mais um ato brutal de viol\u00eancia contra a vida dos povos da terra, que desta vez atinge os ind\u00edgenas Gamela, organizado em seu territ\u00f3rio no Povoado de Bahias, munic\u00edpio de Viana, Maranh\u00e3o.<\/span><\/p>\n<p style=\"text-align: justify;\"><span style=\"color: #000000;\">Na tarde de domingo, 30 de abril, o povo Gamela sofreu um grave ataque contra suas vidas e sua luta em defesa de seu Territ\u00f3rio. Nesta a\u00e7\u00e3o, mais de 10 ind\u00edgenas foram feridos, entre quais, tr\u00eas est\u00e3o internados em estado grave em Hospital de S\u00e3o Lu\u00eds. Aldeli Ribeiro Gamela foi atingido por um tiro na costela e um na coluna, e teve m\u00e3os decepadas e joelhos cortados. O irm\u00e3o dele, Jos\u00e9 Ribeiro Gamela, levou um tiro no peito. O terceiro foi o ind\u00edgena e agente da CPT\/MA Inaldo Gamela, atingido com tiros na cabe\u00e7a, no rosto e no ombro.<\/span><\/p>\n<p style=\"text-align: justify;\"><span style=\"color: #000000;\">Essa violenta a\u00e7\u00e3o aconteceu quando os ind\u00edgenas decidiram sair de uma \u00e1rea tradicional retomada, prevendo a viol\u00eancia iminente. Dezenas de pistoleiros armados com fac\u00f5es, armas de fogo, e peda\u00e7os de madeira atacaram os Gamela no momento em que deixavam o Territ\u00f3rio. Para se protegerem, muitas pessoas correram e se esconderam na mata.<\/span><\/p>\n<p style=\"text-align: justify;\"><span style=\"color: #000000;\">N\u00e3o mais suportando a violenta invas\u00e3o ao seu Territ\u00f3rio, os ind\u00edgenas intensificaram sua luta e decidiram por retomar seu Territ\u00f3rio sagrado. Todavia, em contrapartida, a empreitada criminosa dos que querem ver os ind\u00edgenas extintos vem tomando for\u00e7a e ficando cada vez mais expl\u00edcita. Denunciamos, neste contexto, que a a\u00e7\u00e3o criminosa e violenta ocorrida neste domingo foi planejada e articulada por fazendeiros e pistoleiros da regi\u00e3o, que, atrav\u00e9s de um texto no Whatsapp, convocavam pessoas para o ataque contra os ind\u00edgenas.<\/span><\/p>\n<p style=\"text-align: justify;\"><span style=\"color: #000000;\">O governo do maranh\u00e3o j\u00e1 havia sido avisado da situa\u00e7\u00e3o conflituosa na regi\u00e3o e do risco de acontecer um massacre, mas, ao que consta at\u00e9 o momento, nem a pol\u00edcia havia sido deslocada at\u00e9 a \u00e1rea para tomar as medidas cab\u00edveis. Indigna-nos os discursos de incita\u00e7\u00e3o ao \u00f3dio, racismo e a viol\u00eancia sistem\u00e1tica contra os povos ind\u00edgenas, o que foi feito pelo deputado federal Alo\u00edsio Guimar\u00e3es Mendes Filho (PTN\/MA) ao conceder entrevista em r\u00e1dio local ap\u00f3s a retomada feita pelos Gamela no dia 28.<\/span><\/p>\n<p style=\"text-align: justify;\"><span style=\"color: #000000;\">Preocupa-nos ainda o alto \u00edndice de viol\u00eancia contra os povos e comunidade tradicionais do Maranh\u00e3o. Atualmente, h\u00e1 cerca de 360 conflitos no campo no estado, destes, somente em 2016 foram registradas 196 ocorr\u00eancias de viol\u00eancia contra os povos do campo. 13 pessoas foram assassinadas e 72 est\u00e3o amea\u00e7adas de morte.<\/span><\/p>\n<p style=\"text-align: justify;\"><span style=\"color: #000000;\">Denunciamos mais esta viol\u00eancia e a imin\u00eancia de novos ataques!<\/span><\/p>\n<p style=\"text-align: justify;\"><span style=\"color: #000000;\">Exigimos do governo do estado que fa\u00e7a a seguran\u00e7a da comunidade ind\u00edgena que segue amea\u00e7ada!<\/span><\/p>\n<p style=\"text-align: justify;\"><span style=\"color: #000000;\">Exigimos o reconhecimento imediato do Territ\u00f3rio ind\u00edgena Gamela!<\/span><\/p>\n<p style=\"text-align: justify;\"><span style=\"color: #000000;\">Enquanto houver viol\u00eancia aos filhos e as filhas desta terra, n\u00e3o descansaremos. Seguimos lutando!<\/span><\/p>\n<p style=\"text-align: justify;\"><span style=\"color: #000000;\">Comiss\u00e3o Pastoral da Terra do Maranh\u00e3o (CPT-MA)<\/span><\/p>\n<p><span style=\"color: #000000;\">1\u00ba de maio de 2017.<\/span><\/p>\n","protected":false},"excerpt":{"rendered":"<p>Maio, 2017 &#8211; A Comiss\u00e3o Pastoral da Terra Regional Maranh\u00e3o (CPT-MA) vem a p\u00fablico denunciar mais um ato brutal de viol\u00eancia contra a vida dos povos da terra, que desta vez atinge os ind\u00edgenas Gamela, organizado em seu territ\u00f3rio no Povoado de Bahias, munic\u00edpio de Viana, Maranh\u00e3o. Na tarde de domingo, 30 de abril, o [&hellip;]<\/p>\n","protected":false},"author":1,"featured_media":0,"comment_status":"open","ping_status":"open","sticky":false,"template":"","format":"standard","meta":{"_uag_custom_page_level_css":"","footnotes":""},"categories":[27],"tags":[2501,3464,5550,5554,7328,9183,9880,11730,12421],"class_list":["post-5941","post","type-post","status-publish","format-standard","hentry","category-acontece","tag-comissao-pastoral-da-terra-do-maranhao-cpt-ma","tag-deputado-federal-aloisio-guimaraes-mendes-filho-ptnma","tag-governo-do-maranhao","tag-governo-federal","tag-massacre","tag-povos-indigenas","tag-racismo","tag-territorio-indigena-gamela","tag-violencia"],"blocksy_meta":[],"spectra_blocks_featured_image_url":null,"spectra_blocks_author_info":{"display_name":"Jornal da Constru\u00e7\u00e3o Civil","avatar_url":"https:\/\/secure.gravatar.com\/avatar\/973c9774fd44ddaceb026973c4962faa70fc512bc4c9da68e8ebb40fecee6540?s=96&d=mm&r=g","author_link":"https:\/\/construcaocivil.siriusmarketingedesign.com.br\/?author=1","description":"Desde de 2013, levando muitas informa\u00e7\u00f5es, lan\u00e7amentos e produtos de qualidade para toda cadeia produtiva da constru\u00e7\u00e3o. O Futuro da constru\u00e7\u00e3o passa por aqui,"},"uagb_featured_image_src":{"full":false,"thumbnail":false,"medium":false,"medium_large":false,"large":false,"1536x1536":false,"2048x2048":false},"uagb_author_info":{"display_name":"Jornal da Constru\u00e7\u00e3o Civil","author_link":"https:\/\/construcaocivil.siriusmarketingedesign.com.br\/?author=1"},"uagb_comment_info":0,"uagb_excerpt":"Maio, 2017 &#8211; A Comiss\u00e3o Pastoral da Terra Regional Maranh\u00e3o (CPT-MA) vem a p\u00fablico denunciar mais um ato brutal de viol\u00eancia contra a vida dos povos da terra, que desta vez atinge os ind\u00edgenas Gamela, organizado em seu territ\u00f3rio no Povoado de Bahias, munic\u00edpio de Viana, Maranh\u00e3o. Na tarde de domingo, 30 de abril, o&hellip;","_links":{"self":[{"href":"https:\/\/construcaocivil.siriusmarketingedesign.com.br\/index.php?rest_route=\/wp\/v2\/posts\/5941","targetHints":{"allow":["GET"]}}],"collection":[{"href":"https:\/\/construcaocivil.siriusmarketingedesign.com.br\/index.php?rest_route=\/wp\/v2\/posts"}],"about":[{"href":"https:\/\/construcaocivil.siriusmarketingedesign.com.br\/index.php?rest_route=\/wp\/v2\/types\/post"}],"author":[{"embeddable":true,"href":"https:\/\/construcaocivil.siriusmarketingedesign.com.br\/index.php?rest_route=\/wp\/v2\/users\/1"}],"replies":[{"embeddable":true,"href":"https:\/\/construcaocivil.siriusmarketingedesign.com.br\/index.php?rest_route=%2Fwp%2Fv2%2Fcomments&post=5941"}],"version-history":[{"count":0,"href":"https:\/\/construcaocivil.siriusmarketingedesign.com.br\/index.php?rest_route=\/wp\/v2\/posts\/5941\/revisions"}],"wp:attachment":[{"href":"https:\/\/construcaocivil.siriusmarketingedesign.com.br\/index.php?rest_route=%2Fwp%2Fv2%2Fmedia&parent=5941"}],"wp:term":[{"taxonomy":"category","embeddable":true,"href":"https:\/\/construcaocivil.siriusmarketingedesign.com.br\/index.php?rest_route=%2Fwp%2Fv2%2Fcategories&post=5941"},{"taxonomy":"post_tag","embeddable":true,"href":"https:\/\/construcaocivil.siriusmarketingedesign.com.br\/index.php?rest_route=%2Fwp%2Fv2%2Ftags&post=5941"}],"curies":[{"name":"wp","href":"https:\/\/api.w.org\/{rel}","templated":true}]}}