{"id":5948,"date":"2017-05-03T14:20:38","date_gmt":"2017-05-03T17:20:38","guid":{"rendered":"http:\/\/www.jornaldaconstrucaocivil.com.br\/?p=5948"},"modified":"2017-05-03T14:20:38","modified_gmt":"2017-05-03T17:20:38","slug":"1o-seminario-tributacao-setorial-imobiliario-acontece-no-rio-de-janeiro-em-maio","status":"publish","type":"post","link":"https:\/\/construcaocivil.siriusmarketingedesign.com.br\/?p=5948","title":{"rendered":"1\u00ba Semin\u00e1rio Tributa\u00e7\u00e3o Setorial \u2013 Imobili\u00e1rio acontece no Rio de Janeiro, em maio"},"content":{"rendered":"<p style=\"text-align: justify;\"><span style=\"color: #000000;\"><span style=\"color: #993300;\">Maio, 2017<\/span> &#8211; No dia 11 de maio de 2017 (quinta-feira), o Grupo de Debates Tribut\u00e1rios (GDT), com a Coordena\u00e7\u00e3o Acad\u00eamica de Janssen Murayama e Leticia Perrone Campos Mello, realiza o 1\u00ba Semin\u00e1rio Tributa\u00e7\u00e3o Setorial \u2013 Imobili\u00e1rio, das 9h \u00e0s 13h, no Centro de Conven\u00e7\u00f5es RB1 na, Pra\u00e7a Mau\u00e1, Centro do Rio de Janeiro.<\/span><\/p>\n<p style=\"text-align: justify;\"><span style=\"color: #000000;\">O evento conta com o apoio da Associa\u00e7\u00e3o de Dirigentes de Empresas do Mercado Imobili\u00e1rio (ADEMI-RJ), da Associa\u00e7\u00e3o Brasileira de Incorporadoras Imobili\u00e1rias (ABRAINC) e da Federa\u00e7\u00e3o Internacional Imobili\u00e1ria (FIABCI Rio).<\/span><\/p>\n<p style=\"text-align: justify;\"><span style=\"color: #000000;\">Entre os palestrantes, est\u00e3o especialistas do setor, como Marcelo Terra (S\u00f3cio Fundador do escrit\u00f3rio Duarte Garcia Caselli Guimar\u00e3es e Terra Advogados e Membro do Conselho Jur\u00eddico do Secovi-SP), vindo de S\u00e3o Paulo, a pr\u00f3pria Leticia Perrone Campos Mello (s\u00f3cia fundadora do Perrone Campos Mello Advogados), Claudio Hermolin (Presidente da ADEMI-RJ) e Jaime Andrade (s\u00f3cio da PWC \u2013 PricewaterhouseCoopers).<\/span><\/p>\n<p><span style=\"color: #000000;\">O evento \u00e9 gratuito e as vagas s\u00e3o limitada com inscri\u00e7\u00f5es atrav\u00e9s do e-mail:<span style=\"text-decoration: underline;\"><span style=\"color: #0000ff; text-decoration: underline;\">diretoriagdt@yahoo.com.br<\/span><\/span><\/span><\/p>\n<p><span style=\"color: #000000;\">Servi\u00e7o:<\/span><\/p>\n<p><span style=\"color: #000000;\">Evento: 1\u00ba Semin\u00e1rio Tributa\u00e7\u00e3o Setorial Imobili\u00e1rio<\/span><\/p>\n<p><span style=\"color: #000000;\">Data: 11 de maio de 2017 (quinta-feira), das 9h \u00e0s 13h<\/span><\/p>\n<p><span style=\"color: #000000;\">Local: Centro de Conven\u00e7\u00f5es RB1. Av. Rio Branco, 01 &#8211; andar PC, Pra\u00e7a Mau\u00e1, Centro, Rio de Janeiro &#8211; RJ. Acesso pelo elevador Panor\u00e2mico \u2013 Sala Guanabara.<\/span><\/p>\n<p><span style=\"color: #000000;\">Inscri\u00e7\u00f5es gratuitas por e-mail: <span style=\"text-decoration: underline;\"><span style=\"color: #0000ff; text-decoration: underline;\">diretoriagdt@yahoo.com.br<\/span><\/span><\/span><\/p>\n","protected":false},"excerpt":{"rendered":"<p>Maio, 2017 &#8211; No dia 11 de maio de 2017 (quinta-feira), o Grupo de Debates Tribut\u00e1rios (GDT), com a Coordena\u00e7\u00e3o Acad\u00eamica de Janssen Murayama e Leticia Perrone Campos Mello, realiza o 1\u00ba Semin\u00e1rio Tributa\u00e7\u00e3o Setorial \u2013 Imobili\u00e1rio, das 9h \u00e0s 13h, no Centro de Conven\u00e7\u00f5es RB1 na, Pra\u00e7a Mau\u00e1, Centro do Rio de Janeiro. O [&hellip;]<\/p>\n","protected":false},"author":1,"featured_media":0,"comment_status":"open","ping_status":"open","sticky":false,"template":"","format":"standard","meta":{"_uag_custom_page_level_css":"","footnotes":""},"categories":[27],"tags":[119,446,1007,9827,11023],"class_list":["post-5948","post","type-post","status-publish","format-standard","hentry","category-acontece","tag-1o-seminario-tributacao-setorial-imobiliario","tag-ademi-rj","tag-associacao-brasileira-de-incorporadoras-imobiliarias-abrainc","tag-pwc-pricewaterhousecoopers","tag-setor-imobiliario"],"blocksy_meta":[],"spectra_blocks_featured_image_url":null,"spectra_blocks_author_info":{"display_name":"Jornal da Constru\u00e7\u00e3o Civil","avatar_url":"https:\/\/secure.gravatar.com\/avatar\/973c9774fd44ddaceb026973c4962faa70fc512bc4c9da68e8ebb40fecee6540?s=96&d=mm&r=g","author_link":"https:\/\/construcaocivil.siriusmarketingedesign.com.br\/?author=1","description":"Desde de 2013, levando muitas informa\u00e7\u00f5es, lan\u00e7amentos e produtos de qualidade para toda cadeia produtiva da constru\u00e7\u00e3o. O Futuro da constru\u00e7\u00e3o passa por aqui,"},"uagb_featured_image_src":{"full":false,"thumbnail":false,"medium":false,"medium_large":false,"large":false,"1536x1536":false,"2048x2048":false},"uagb_author_info":{"display_name":"Jornal da Constru\u00e7\u00e3o Civil","author_link":"https:\/\/construcaocivil.siriusmarketingedesign.com.br\/?author=1"},"uagb_comment_info":0,"uagb_excerpt":"Maio, 2017 &#8211; No dia 11 de maio de 2017 (quinta-feira), o Grupo de Debates Tribut\u00e1rios (GDT), com a Coordena\u00e7\u00e3o Acad\u00eamica de Janssen Murayama e Leticia Perrone Campos Mello, realiza o 1\u00ba Semin\u00e1rio Tributa\u00e7\u00e3o Setorial \u2013 Imobili\u00e1rio, das 9h \u00e0s 13h, no Centro de Conven\u00e7\u00f5es RB1 na, Pra\u00e7a Mau\u00e1, Centro do Rio de Janeiro. O&hellip;","_links":{"self":[{"href":"https:\/\/construcaocivil.siriusmarketingedesign.com.br\/index.php?rest_route=\/wp\/v2\/posts\/5948","targetHints":{"allow":["GET"]}}],"collection":[{"href":"https:\/\/construcaocivil.siriusmarketingedesign.com.br\/index.php?rest_route=\/wp\/v2\/posts"}],"about":[{"href":"https:\/\/construcaocivil.siriusmarketingedesign.com.br\/index.php?rest_route=\/wp\/v2\/types\/post"}],"author":[{"embeddable":true,"href":"https:\/\/construcaocivil.siriusmarketingedesign.com.br\/index.php?rest_route=\/wp\/v2\/users\/1"}],"replies":[{"embeddable":true,"href":"https:\/\/construcaocivil.siriusmarketingedesign.com.br\/index.php?rest_route=%2Fwp%2Fv2%2Fcomments&post=5948"}],"version-history":[{"count":0,"href":"https:\/\/construcaocivil.siriusmarketingedesign.com.br\/index.php?rest_route=\/wp\/v2\/posts\/5948\/revisions"}],"wp:attachment":[{"href":"https:\/\/construcaocivil.siriusmarketingedesign.com.br\/index.php?rest_route=%2Fwp%2Fv2%2Fmedia&parent=5948"}],"wp:term":[{"taxonomy":"category","embeddable":true,"href":"https:\/\/construcaocivil.siriusmarketingedesign.com.br\/index.php?rest_route=%2Fwp%2Fv2%2Fcategories&post=5948"},{"taxonomy":"post_tag","embeddable":true,"href":"https:\/\/construcaocivil.siriusmarketingedesign.com.br\/index.php?rest_route=%2Fwp%2Fv2%2Ftags&post=5948"}],"curies":[{"name":"wp","href":"https:\/\/api.w.org\/{rel}","templated":true}]}}