{"id":5953,"date":"2017-05-03T14:41:55","date_gmt":"2017-05-03T17:41:55","guid":{"rendered":"http:\/\/www.jornaldaconstrucaocivil.com.br\/?p=5953"},"modified":"2017-05-03T14:41:55","modified_gmt":"2017-05-03T17:41:55","slug":"trevo-drywall-marca-presenca-no-1o-encontro-regional-de-construcao-a-seco-lsf","status":"publish","type":"post","link":"https:\/\/construcaocivil.siriusmarketingedesign.com.br\/?p=5953","title":{"rendered":"Trevo Drywall marca presen\u00e7a no 1\u00ba Encontro Regional de Constru\u00e7\u00e3o a Seco (LSF)"},"content":{"rendered":"<p style=\"text-align: justify;\"><span style=\"color: #000000;\"><span style=\"color: #993300;\">Maio, 2017<\/span> &#8211; \u00danica fabricante 100% brasileira de drywall e uma das maiores fornecedoras de mat\u00e9rias-primas para constru\u00e7\u00e3o a seco do pa\u00eds, a Trevo Drywall \u00e9 presen\u00e7a garantida no 1\u00ba Encontro Regional de Constru\u00e7\u00e3o a Seco \u2013 Light Steel Frame (LSF), evento agendado para os dias 10 e 11\/05, em Recife (PE). A participa\u00e7\u00e3o da empresa acontecer\u00e1 em conjunto com fabricante de placas ciment\u00edcias PlacLux \u2013 seus produtos s\u00e3o distribu\u00eddos nas Regi\u00f5es Norte e Nordeste pela Trevo Drywall.<\/span><\/p>\n<figure id=\"attachment_5954\" aria-describedby=\"caption-attachment-5954\" style=\"width: 256px\" class=\"wp-caption alignleft\"><a href=\"http:\/\/www.jornaldaconstrucaocivil.com.br\/wp-content\/uploads\/2017\/05\/Pricila-Correali-OK.jpg\"><img loading=\"lazy\" decoding=\"async\" class=\"wp-image-5954\" src=\"http:\/\/www.jornaldaconstrucaocivil.com.br\/wp-content\/uploads\/2017\/05\/Pricila-Correali-OK.jpg\" alt=\"Pricila Correali OK\" width=\"256\" height=\"331\" \/><\/a><figcaption id=\"caption-attachment-5954\" class=\"wp-caption-text\">Pricila Correali, diretora comercial da Trevo Drywall.<\/figcaption><\/figure>\n<p style=\"text-align: justify;\"><span style=\"color: #000000;\"><em><span style=\"color: #000080;\">\u201cMostraremos o nosso portf\u00f3lio completo de chapas de drywall, inclusive os rec\u00e9m-lan\u00e7ados modelos de 15 mm de espessura, que conferem ainda mais resist\u00eancia mec\u00e2nica e ao fogo, al\u00e9m de maior conforto termoac\u00fastico\u201d<\/span><\/em>, detalha Pricila Correali, diretora comercial da Trevo Drywall. Desde 2008, a empresa opera em Juazeiro do Norte (CE) uma f\u00e1brica dedicada \u00e0 produ\u00e7\u00e3o de chapas de drywall standard e resistentes \u00e0 umidade e ao fogo.<\/span><\/p>\n<p style=\"text-align: justify;\"><span style=\"color: #000000;\">Em rela\u00e7\u00e3o aos produtos da PlacLux, Pricila informa que ser\u00e3o apresentadas no evento as placas Profort ds de 12,5 mm, largamente utilizadas como fechamentos entre vigas e pilares estruturais de constru\u00e7\u00f5es em LSF. <span style=\"color: #000080;\"><em>\u201cSeus diferenciais s\u00e3o a redu\u00e7\u00e3o da carga aliada ao aumento da resist\u00eancia da constru\u00e7\u00e3o e \u00e0 diminui\u00e7\u00e3o do tempo de obra\u201d.<\/em><\/span><\/span><\/p>\n<p style=\"text-align: justify;\"><span style=\"color: #000000;\">Sistema relativamente novo no Brasil, o LSF vem ganhando cada vez mais espa\u00e7o entre as construtoras gra\u00e7as a caracter\u00edsticas como racionaliza\u00e7\u00e3o da m\u00e3o de obra, rapidez na execu\u00e7\u00e3o e retorno mais r\u00e1pido do investimento. <span style=\"color: #000080;\"><em>\u201cTamb\u00e9m \u00e9 o m\u00e9todo mais sustent\u00e1vel que existe, pois gera m\u00ednima quantidade de entulho, quase n\u00e3o consome \u00e1gua e s\u00f3 trabalha com materiais totalmente recicl\u00e1veis\u201d<\/em><\/span>, salienta a diretora comercial da Trevo Drywall.<\/span><\/p>\n<p style=\"text-align: justify;\"><span style=\"color: #000000;\">Depois de Recife, est\u00e3o programadas mais duas edi\u00e7\u00f5es do Encontro Regional de Constru\u00e7\u00e3o a Seco, uma em Bras\u00edlia (10\/08) e outra em Porto Alegre (09\/11). <\/span><\/p>\n<p style=\"text-align: justify;\"><span style=\"color: #000000;\">As inscri\u00e7\u00f5es devem ser feitas pelo site <span style=\"text-decoration: underline;\"><span style=\"color: #0000ff; text-decoration: underline;\">www.construcaoasecolsf.com.br<\/span><\/span>.<\/span><\/p>\n<p style=\"text-align: justify;\"><span style=\"color: #000000;\">Investida pelo fundo Rio Bravo Nordeste, a Trevo Drywall tamb\u00e9m distribui mezaninos, OSB, massas, perfis e diversos tipos de acess\u00f3rios para a constru\u00e7\u00e3o a seco. <\/span><\/p>\n<p style=\"text-align: justify;\"><span style=\"color: #000000;\">Mais informa\u00e7\u00f5es em <span style=\"text-decoration: underline;\"><span style=\"color: #0000ff; text-decoration: underline;\">www.trevobrasil.com.br<\/span><\/span>.<\/span><\/p>\n","protected":false},"excerpt":{"rendered":"<p>Maio, 2017 &#8211; \u00danica fabricante 100% brasileira de drywall e uma das maiores fornecedoras de mat\u00e9rias-primas para constru\u00e7\u00e3o a seco do pa\u00eds, a Trevo Drywall \u00e9 presen\u00e7a garantida no 1\u00ba Encontro Regional de Constru\u00e7\u00e3o a Seco \u2013 Light Steel Frame (LSF), evento agendado para os dias 10 e 11\/05, em Recife (PE). A participa\u00e7\u00e3o da [&hellip;]<\/p>\n","protected":false},"author":1,"featured_media":0,"comment_status":"open","ping_status":"open","sticky":false,"template":"","format":"standard","meta":{"_uag_custom_page_level_css":"","footnotes":""},"categories":[33],"tags":[1574,2193,2823,2826,3823,4273,6580,9134,11954],"class_list":["post-5953","post","type-post","status-publish","format-standard","hentry","category-mercado","tag-brasilia-df","tag-chapas-de-drywall-standard","tag-construcao-a-seco","tag-construcao-civil","tag-drywall","tag-encontro-regional-de-construcao-a-seco","tag-juazeiro-do-norte-ce","tag-porto-alegre-rs","tag-trevo-brasil"],"blocksy_meta":[],"spectra_blocks_featured_image_url":null,"spectra_blocks_author_info":{"display_name":"Jornal da Constru\u00e7\u00e3o Civil","avatar_url":"https:\/\/secure.gravatar.com\/avatar\/973c9774fd44ddaceb026973c4962faa70fc512bc4c9da68e8ebb40fecee6540?s=96&d=mm&r=g","author_link":"https:\/\/construcaocivil.siriusmarketingedesign.com.br\/?author=1","description":"Desde de 2013, levando muitas informa\u00e7\u00f5es, lan\u00e7amentos e produtos de qualidade para toda cadeia produtiva da constru\u00e7\u00e3o. O Futuro da constru\u00e7\u00e3o passa por aqui,"},"uagb_featured_image_src":{"full":false,"thumbnail":false,"medium":false,"medium_large":false,"large":false,"1536x1536":false,"2048x2048":false},"uagb_author_info":{"display_name":"Jornal da Constru\u00e7\u00e3o Civil","author_link":"https:\/\/construcaocivil.siriusmarketingedesign.com.br\/?author=1"},"uagb_comment_info":0,"uagb_excerpt":"Maio, 2017 &#8211; \u00danica fabricante 100% brasileira de drywall e uma das maiores fornecedoras de mat\u00e9rias-primas para constru\u00e7\u00e3o a seco do pa\u00eds, a Trevo Drywall \u00e9 presen\u00e7a garantida no 1\u00ba Encontro Regional de Constru\u00e7\u00e3o a Seco \u2013 Light Steel Frame (LSF), evento agendado para os dias 10 e 11\/05, em Recife (PE). A participa\u00e7\u00e3o da&hellip;","_links":{"self":[{"href":"https:\/\/construcaocivil.siriusmarketingedesign.com.br\/index.php?rest_route=\/wp\/v2\/posts\/5953","targetHints":{"allow":["GET"]}}],"collection":[{"href":"https:\/\/construcaocivil.siriusmarketingedesign.com.br\/index.php?rest_route=\/wp\/v2\/posts"}],"about":[{"href":"https:\/\/construcaocivil.siriusmarketingedesign.com.br\/index.php?rest_route=\/wp\/v2\/types\/post"}],"author":[{"embeddable":true,"href":"https:\/\/construcaocivil.siriusmarketingedesign.com.br\/index.php?rest_route=\/wp\/v2\/users\/1"}],"replies":[{"embeddable":true,"href":"https:\/\/construcaocivil.siriusmarketingedesign.com.br\/index.php?rest_route=%2Fwp%2Fv2%2Fcomments&post=5953"}],"version-history":[{"count":0,"href":"https:\/\/construcaocivil.siriusmarketingedesign.com.br\/index.php?rest_route=\/wp\/v2\/posts\/5953\/revisions"}],"wp:attachment":[{"href":"https:\/\/construcaocivil.siriusmarketingedesign.com.br\/index.php?rest_route=%2Fwp%2Fv2%2Fmedia&parent=5953"}],"wp:term":[{"taxonomy":"category","embeddable":true,"href":"https:\/\/construcaocivil.siriusmarketingedesign.com.br\/index.php?rest_route=%2Fwp%2Fv2%2Fcategories&post=5953"},{"taxonomy":"post_tag","embeddable":true,"href":"https:\/\/construcaocivil.siriusmarketingedesign.com.br\/index.php?rest_route=%2Fwp%2Fv2%2Ftags&post=5953"}],"curies":[{"name":"wp","href":"https:\/\/api.w.org\/{rel}","templated":true}]}}