{"id":5962,"date":"2017-05-03T15:37:51","date_gmt":"2017-05-03T18:37:51","guid":{"rendered":"http:\/\/www.jornaldaconstrucaocivil.com.br\/?p=5962"},"modified":"2017-05-03T15:37:51","modified_gmt":"2017-05-03T18:37:51","slug":"senado-aprova-acordo-sobre-o-sistema-aquifero-guarani","status":"publish","type":"post","link":"https:\/\/construcaocivil.siriusmarketingedesign.com.br\/?p=5962","title":{"rendered":"Senado aprova acordo sobre o Sistema Aqu\u00edfero Guarani"},"content":{"rendered":"<p style=\"text-align: justify;\"><span style=\"color: #000000;\"><span style=\"color: #993300;\">Maio, 2017<\/span> &#8211; Foi aprovado em Plen\u00e1rio ontem, ter\u00e7a-feira (2) o Projeto de Decreto Legislativo (PDS) 24\/2017, que confirma o Acordo sobre o Sistema Aqu\u00edfero Guarani (SAG), assinado em San Juan, Argentina, em 2 de agosto de 2010. A mat\u00e9ria segue para promulga\u00e7\u00e3o.<\/span><\/p>\n<p style=\"text-align: justify;\"><a href=\"http:\/\/www.jornaldaconstrucaocivil.com.br\/wp-content\/uploads\/2017\/05\/AQUFER-OK.jpg\"><img loading=\"lazy\" decoding=\"async\" class=\"wp-image-5963 alignleft\" src=\"http:\/\/www.jornaldaconstrucaocivil.com.br\/wp-content\/uploads\/2017\/05\/AQUFER-OK.jpg\" alt=\"AQUFER-OK\" width=\"287\" height=\"244\" \/><\/a><\/p>\n<p style=\"text-align: justify;\"><span style=\"color: #000000;\">O texto, proveniente da Representa\u00e7\u00e3o Brasileira no Parlamento do Mercosul, define o Sistema Aqu\u00edfero Guarani como um recurso h\u00eddrico que ultrapassa fronteiras geogr\u00e1ficas, integrando o dom\u00ednio territorial soberano do Brasil, Argentina, Paraguai e Uruguai. E determina que a utiliza\u00e7\u00e3o desse recurso deve se basear em <span style=\"color: #0000ff;\">\u201ccrit\u00e9rios de uso racional e sustent\u00e1vel\u201d<\/span> e respeitar a obriga\u00e7\u00e3o de n\u00e3o causar preju\u00edzo aos demais pa\u00edses nem ao meio ambiente.<\/span><\/p>\n<p style=\"text-align: justify;\"><span style=\"color: #000000;\">O documento institui um conjunto de normas para o desenvolvimento de a\u00e7\u00f5es de conserva\u00e7\u00e3o e aproveitamento sustent\u00e1vel dos recursos h\u00eddricos do SAG, respeitando o dom\u00ednio territorial de cada parte sobre as por\u00e7\u00f5es do aqu\u00edfero.<\/span><\/p>\n<p style=\"text-align: justify;\"><span style=\"color: #993300;\"><strong>Transpar\u00eancia<\/strong><\/span><\/p>\n<p style=\"text-align: justify;\"><span style=\"color: #000000;\">Uma das obriga\u00e7\u00f5es previstas no texto \u00e9 o dever de transpar\u00eancia e a facilita\u00e7\u00e3o da troca de informa\u00e7\u00f5es. Dessa forma, um pa\u00eds deve repassar os dados t\u00e9cnicos dispon\u00edveis e os resultados de avalia\u00e7\u00e3o dos impactos ambientais de toda atividade ou obra a se desenvolver no territ\u00f3rio de um outro pa\u00eds, de maneira que todos possam avaliar seus poss\u00edveis efeitos com antecipa\u00e7\u00e3o.<\/span><\/p>\n<p style=\"text-align: justify;\"><span style=\"color: #000000;\">Caso o pa\u00eds afetado avalie que a execu\u00e7\u00e3o da atividade ou obras projetadas pode causar-lhe preju\u00edzo sens\u00edvel, poder\u00e1 indicar suas conclus\u00f5es ao respons\u00e1vel pela atividade, com uma exposi\u00e7\u00e3o documentada das raz\u00f5es que a fundamentam, iniciando, assim, o processo de solu\u00e7\u00e3o de controv\u00e9rsias pela fase de negocia\u00e7\u00f5es diretas para que a quest\u00e3o seja definida de comum acordo.<\/span><\/p>\n<p style=\"text-align: justify;\"><span style=\"color: #000000;\">O projeto recebeu parecer favor\u00e1vel na Comiss\u00e3o de Rela\u00e7\u00f5es Exteriores e Defesa Nacional (CRE), relatado pela senadora Ana Am\u00e9lia (PP-RS).<\/span><\/p>\n<p style=\"text-align: justify;\"><span style=\"color: #993300;\"><strong>Estrutura administrativa<\/strong><\/span><\/p>\n<p style=\"text-align: justify;\"><span style=\"color: #000000;\">O Plen\u00e1rio aprovou tamb\u00e9m o Projeto de Resolu\u00e7\u00e3o (PRS) 12\/2017, que consolida as altera\u00e7\u00f5es promovidas na estrutura administrativa do Senado Federal em 2016. Com texto, ficam revogadas mais de 50 resolu\u00e7\u00f5es anteriores da Casa.<\/span><\/p>\n<p style=\"text-align: justify;\"><span style=\"color: #000000;\">De acordo com a Comiss\u00e3o Diretora, ao longo do \u00faltimo ano o Senado editou v\u00e1rios atos respons\u00e1veis por continuar a racionaliza\u00e7\u00e3o da estrutura administrativa da Casa, para redu\u00e7\u00e3o de custos e efici\u00eancia da presta\u00e7\u00e3o dos servi\u00e7os que o Senado oferece \u00e0 sociedade. O projeto em quest\u00e3o incorpora essas medidas ao Regimento Administrativo da Casa.<\/span><\/p>\n<p style=\"text-align: justify;\">Fonte: Ag\u00eancia Senado<\/p>\n","protected":false},"excerpt":{"rendered":"<p>Maio, 2017 &#8211; Foi aprovado em Plen\u00e1rio ontem, ter\u00e7a-feira (2) o Projeto de Decreto Legislativo (PDS) 24\/2017, que confirma o Acordo sobre o Sistema Aqu\u00edfero Guarani (SAG), assinado em San Juan, Argentina, em 2 de agosto de 2010. A mat\u00e9ria segue para promulga\u00e7\u00e3o. O texto, proveniente da Representa\u00e7\u00e3o Brasileira no Parlamento do Mercosul, define o [&hellip;]<\/p>\n","protected":false},"author":1,"featured_media":5963,"comment_status":"open","ping_status":"open","sticky":false,"template":"","format":"standard","meta":{"_uag_custom_page_level_css":"","footnotes":""},"categories":[31],"tags":[693,831,2493,3525,5940,9677,9693,9971,10867],"class_list":["post-5962","post","type-post","status-publish","format-standard","has-post-thumbnail","hentry","category-infraestrutura","tag-ana-amelia-pp-rs","tag-aquifero-guarani","tag-comissao-de-relacoes-exteriores-e-defesa-nacional-cre","tag-desenvolvimento-economico-e-sustentavel","tag-impactos-ambientais","tag-projeto-de-decreto-legislativo-pds-242017","tag-projeto-de-resolucao-prs-122017","tag-recursos-hidricos","tag-senado-federal"],"blocksy_meta":[],"spectra_blocks_featured_image_url":[],"spectra_blocks_author_info":{"display_name":"Jornal da Constru\u00e7\u00e3o Civil","avatar_url":"https:\/\/secure.gravatar.com\/avatar\/973c9774fd44ddaceb026973c4962faa70fc512bc4c9da68e8ebb40fecee6540?s=96&d=mm&r=g","author_link":"https:\/\/construcaocivil.siriusmarketingedesign.com.br\/?author=1","description":"Desde de 2013, levando muitas informa\u00e7\u00f5es, lan\u00e7amentos e produtos de qualidade para toda cadeia produtiva da constru\u00e7\u00e3o. O Futuro da constru\u00e7\u00e3o passa por aqui,"},"uagb_featured_image_src":{"full":false,"thumbnail":false,"medium":false,"medium_large":false,"large":false,"1536x1536":false,"2048x2048":false},"uagb_author_info":{"display_name":"Jornal da Constru\u00e7\u00e3o Civil","author_link":"https:\/\/construcaocivil.siriusmarketingedesign.com.br\/?author=1"},"uagb_comment_info":0,"uagb_excerpt":"Maio, 2017 &#8211; Foi aprovado em Plen\u00e1rio ontem, ter\u00e7a-feira (2) o Projeto de Decreto Legislativo (PDS) 24\/2017, que confirma o Acordo sobre o Sistema Aqu\u00edfero Guarani (SAG), assinado em San Juan, Argentina, em 2 de agosto de 2010. A mat\u00e9ria segue para promulga\u00e7\u00e3o. O texto, proveniente da Representa\u00e7\u00e3o Brasileira no Parlamento do Mercosul, define o&hellip;","_links":{"self":[{"href":"https:\/\/construcaocivil.siriusmarketingedesign.com.br\/index.php?rest_route=\/wp\/v2\/posts\/5962","targetHints":{"allow":["GET"]}}],"collection":[{"href":"https:\/\/construcaocivil.siriusmarketingedesign.com.br\/index.php?rest_route=\/wp\/v2\/posts"}],"about":[{"href":"https:\/\/construcaocivil.siriusmarketingedesign.com.br\/index.php?rest_route=\/wp\/v2\/types\/post"}],"author":[{"embeddable":true,"href":"https:\/\/construcaocivil.siriusmarketingedesign.com.br\/index.php?rest_route=\/wp\/v2\/users\/1"}],"replies":[{"embeddable":true,"href":"https:\/\/construcaocivil.siriusmarketingedesign.com.br\/index.php?rest_route=%2Fwp%2Fv2%2Fcomments&post=5962"}],"version-history":[{"count":0,"href":"https:\/\/construcaocivil.siriusmarketingedesign.com.br\/index.php?rest_route=\/wp\/v2\/posts\/5962\/revisions"}],"wp:attachment":[{"href":"https:\/\/construcaocivil.siriusmarketingedesign.com.br\/index.php?rest_route=%2Fwp%2Fv2%2Fmedia&parent=5962"}],"wp:term":[{"taxonomy":"category","embeddable":true,"href":"https:\/\/construcaocivil.siriusmarketingedesign.com.br\/index.php?rest_route=%2Fwp%2Fv2%2Fcategories&post=5962"},{"taxonomy":"post_tag","embeddable":true,"href":"https:\/\/construcaocivil.siriusmarketingedesign.com.br\/index.php?rest_route=%2Fwp%2Fv2%2Ftags&post=5962"}],"curies":[{"name":"wp","href":"https:\/\/api.w.org\/{rel}","templated":true}]}}