{"id":5980,"date":"2017-05-04T16:02:58","date_gmt":"2017-05-04T19:02:58","guid":{"rendered":"http:\/\/www.jornaldaconstrucaocivil.com.br\/?p=5980"},"modified":"2017-05-04T16:02:58","modified_gmt":"2017-05-04T19:02:58","slug":"contra-reformas-da-previdencia-e-trabalhista-a-insatisfacao-popular","status":"publish","type":"post","link":"https:\/\/construcaocivil.siriusmarketingedesign.com.br\/?p=5980","title":{"rendered":"Contra reformas da previd\u00eancia e trabalhista: a insatisfa\u00e7\u00e3o popular"},"content":{"rendered":"<p style=\"text-align: justify;\"><span style=\"color: #000080;\">Da reda\u00e7\u00e3o\u00a0<\/span><\/p>\n<p style=\"text-align: justify;\"><span style=\"color: #000000;\">A insatisfa\u00e7\u00e3o e rejei\u00e7\u00e3o ao atual governo federal s\u00e3o tamanhas que o pa\u00eds n\u00e3o consegue caminhar livre de erros econ\u00f4micos e pol\u00edticos. Segundo avalia\u00e7\u00e3o da \u00faltima pesquisa CNT\/Sensus, Temer est\u00e1 com 5% de reprova\u00e7\u00e3o.<\/span><\/p>\n<figure id=\"attachment_5982\" aria-describedby=\"caption-attachment-5982\" style=\"width: 291px\" class=\"wp-caption alignleft\"><a href=\"http:\/\/www.jornaldaconstrucaocivil.com.br\/wp-content\/uploads\/2017\/05\/OK-ALUSA-ENGENHARIA.jpg\"><img loading=\"lazy\" decoding=\"async\" class=\"wp-image-5982\" src=\"http:\/\/www.jornaldaconstrucaocivil.com.br\/wp-content\/uploads\/2017\/05\/OK-ALUSA-ENGENHARIA.jpg\" alt=\"OK ALUSA ENGENHARIA\" width=\"291\" height=\"218\" \/><\/a><figcaption id=\"caption-attachment-5982\" class=\"wp-caption-text\"><span style=\"color: #000080;\">Trabalhadores protestam contra demiss\u00f5es no Rio.<\/span> Cr\u00e9ditos: Arquivo JCC<\/figcaption><\/figure>\n<p style=\"text-align: justify;\"><span style=\"color: #000000;\">Maio, 2017 &#8211; Na \u00faltima sexta-feira (28\/04), milhares de manifestantes sa\u00edram \u00e0s ruas de todo o Brasil com o grito de Fora Temer, na luta contra medidas de reformas nas aposentadorias, mudan\u00e7as na CLT, flexibiliza\u00e7\u00e3o das Leis Trabalhistas, aumentos de impostos e corte de gastos em v\u00e1rios setores, tais como, educa\u00e7\u00e3o, ci\u00eancia e tecnologia, sa\u00fade e infra-estrutura. \u00a0<\/span><\/p>\n<p style=\"text-align: justify;\"><span style=\"color: #000000;\">De acordo com o Ministro da Fazenda, Henrique Meirelles, essas medidas s\u00e3o amargas, por\u00e9m necess\u00e1rias para diminuir os gastos p\u00fablicos, que est\u00e3o acima do teto fiscal. Na contra m\u00e3o dessas a\u00e7\u00f5es de austeridade aplicadas pelo governo federal, centrais sindicais do pa\u00eds todo, como: CUT, For\u00e7a Sindical, CTB, UGT, em conjunto com diversos movimentos sociais organizados, promoveram Greve Geral.<\/span><\/p>\n<p style=\"text-align: justify;\"><span style=\"color: #000000;\">O Senador Lindberg Farias-PT-RJ que \u00e9 contra o governo Temer, cr\u00edtica a quebra do Conte\u00fado Nacional, que acabou prejudicando setores importantes da ind\u00fastria brasileira, <span style=\"color: #000080;\"><em>\u201cEles acabaram com o Conte\u00fado Nacional em benef\u00edcio das multinacionais estrangeiras. A pol\u00edtica de Conte\u00fado Nacional trouxe para o pa\u00eds constru\u00e7\u00f5es de navios sondas, plataformas, beneficiando o setor de \u00f3leo e g\u00e1s, assim como tamb\u00e9m os setores de tecnologia e defesa nacional. Portanto, acabar com o essa pol\u00edtica no momento de depress\u00e3o econ\u00f4mica que o pa\u00eds est\u00e1, \u00e9 um esc\u00e2ndalo\u201d. \u00a0\u00a0<\/em><\/span><\/span><\/p>\n<figure id=\"attachment_5983\" aria-describedby=\"caption-attachment-5983\" style=\"width: 334px\" class=\"wp-caption alignright\"><a href=\"http:\/\/www.jornaldaconstrucaocivil.com.br\/wp-content\/uploads\/2017\/05\/LINDBERG.jpg\"><img loading=\"lazy\" decoding=\"async\" class=\"wp-image-5983\" src=\"http:\/\/www.jornaldaconstrucaocivil.com.br\/wp-content\/uploads\/2017\/05\/LINDBERG.jpg\" alt=\"LINDBERG\" width=\"334\" height=\"250\" \/><\/a><figcaption id=\"caption-attachment-5983\" class=\"wp-caption-text\"><span style=\"color: #0000ff;\">Senador Lindberg Farias &#8211; PT-RJ, cr\u00edtico da quebra do conte\u00fado nacional adotada pelo governo Temer que prejudicou setores da ind\u00fastria nacional, como, \u00d3leo e G\u00e1s, Tecnologia e Defesa Naciona<\/span>l. Cr\u00e9ditos: JCC<\/figcaption><\/figure>\n<p style=\"text-align: justify;\"><span style=\"color: #000000;\">Em S\u00e3o Paulo, na cidade de Santos, logo cedo, trabalhadores protestaram na porta do Porto de Santos (maior do pa\u00eds), l\u00e1 pela 10h, a PM-SP, dispersou o movimento com bombas e balas de borracha, gerando muita confus\u00e3o e correria no entorno do Porto de Santos. J\u00e1 em Porto Alegre (RS), apesar da repress\u00e3o da pol\u00edcia, o protesto teve ades\u00e3o de mais de 60 mil pessoas. \u00a0<\/span><\/p>\n<p style=\"text-align: justify;\"><span style=\"color: #000000;\">Em Recife, o centro da cidade ficou lotado, com gritos de Fora Temer por diversos grupos de trabalhadores e movimentos sociais se revezou no palanque fazendo duras cr\u00edticas ao governo federal. As pautas foram as mais adversas. A redu\u00e7\u00e3o de verbas na educa\u00e7\u00e3o e ci\u00eancia de tecnologia. J\u00e1 em Salvador (Ba), outro ponto importante centro do pais, milhares de manifestantes se deslocaram at\u00e9 o pelourinho no final da tarde, para atos contra terceiriza\u00e7\u00e3o do mercado de trabalho, mudan\u00e7as na leis da aposentadoria do trabalhador e pedirem retoma urgente dos investimentos na economia.<\/span><\/p>\n<p style=\"text-align: justify;\"><span style=\"color: #000000;\">No Rio, entre 5h da manh\u00e3 e 7h, diversas categorias de trabalhadores, como aerovi\u00e1rios, rodovi\u00e1rios e aquavi\u00e1rios j\u00e1 estavam protestando nas \u00e1reas de trabalho. Em Niter\u00f3i, tanto na Ponte \u2013 Rio x Niter\u00f3i, que ficou fechada at\u00e9 a chegada da PRF e, na entrada das barcas, a tens\u00e3o foi grande.\u00a0 A confus\u00e3o foi generalizada, manifestantes e policiais n\u00e3o se entendiam e o resultado foi a\u00e7\u00e3o por parte da PM-RJ, acabou com o protesto a base de balas de borracha e bomba de efeito moral. Na parte da tarde, na frente da Alerj, manifestantes, grupos de trabalhadores e centrais sindicais, protestavam quando novamente a PM-Rj, acabou com o protesto. Na Cinel\u00e2ndia milhares de trabalhadores gritavam Fora Temer, Fora Pez\u00e3o, pris\u00e3o para todos os corruptos, contra cortes de gastos e quando de novo, a PM-RJ fez outra a\u00e7\u00e3o errada.<\/span><\/p>\n<p style=\"text-align: justify;\"><span style=\"color: #000000;\">Fl\u00e1vio Serafini, Dep. Estadual \u2013 Psol quase foi alvejado por uma bomba de g\u00e1s lan\u00e7ada em sua dire\u00e7\u00e3o, no palco montado na Cinel\u00e2ndia, durante a Greve Geral:<\/span><\/p>\n<p>https:\/\/www.youtube.com\/watch?v=HPIK1nMxV3w<\/p>\n<p style=\"text-align: justify;\"><span style=\"color: #000000;\"><em><span style=\"color: #000080;\">\u00a0<\/span><span style=\"color: #000080;\">\u201cN\u00f3s est\u00e1vamos manifestando de forma pacifica e a pol\u00edcia come\u00e7ou a atirar bombas pr\u00f3ximas do palco. Peguei o microfone e pedir que a PM-RJ parasse de jogar bombas nos manifestantes j\u00e1 que o ato era pac\u00edfico. Depois, todos juntos, cantamos o hino nacional como de costume em todos os atos pol\u00edticos e infelizmente tive que retornar ao palco pedindo paz, j\u00e1 que as bombas continuavam. Foi quando jogaram uma bomba em minha dire\u00e7\u00e3o, quase acerta minha cabe\u00e7a. Ap\u00f3s esse epis\u00f3dio encerramos o ato. De certo \u00e9 que, algu\u00e9m intencionado, fez isso para impedir o direito de livre manifesta\u00e7\u00e3o e por isso, n\u00f3s vamos tomar todas as atitudes legais\u00a0 de mobiliza\u00e7\u00e3o para coibir a\u00e7\u00f5es como esta\u201d-<\/span> diz o Deputado. \u00a0\u00a0<\/em><\/span><\/p>\n<p style=\"text-align: justify;\"><span style=\"color: #000000;\">Durante os protestos no Rio, muitas pessoas foram v\u00edtimas de balas de borracha e bombas de g\u00e1s, disparadas pela pol\u00edcia. Em Goi\u00e1s, o estudante de Ci\u00eancias Sociais, Mateus Ferreira, recebeu uma violenta pancada no rosto desferido por um PM-GO, durante protesto na cidade de Goi\u00e2nia. \u00a0O estudante est\u00e1 internado numa UTI, em estado grave.<\/span><\/p>\n<p>&nbsp;<\/p>\n","protected":false},"excerpt":{"rendered":"<p>Da reda\u00e7\u00e3o\u00a0 A insatisfa\u00e7\u00e3o e rejei\u00e7\u00e3o ao atual governo federal s\u00e3o tamanhas que o pa\u00eds n\u00e3o consegue caminhar livre de erros econ\u00f4micos e pol\u00edticos. Segundo avalia\u00e7\u00e3o da \u00faltima pesquisa CNT\/Sensus, Temer est\u00e1 com 5% de reprova\u00e7\u00e3o. Maio, 2017 &#8211; Na \u00faltima sexta-feira (28\/04), milhares de manifestantes sa\u00edram \u00e0s ruas de todo o Brasil com o [&hellip;]<\/p>\n","protected":false},"author":1,"featured_media":5982,"comment_status":"open","ping_status":"open","sticky":false,"template":"","format":"standard","meta":{"_uag_custom_page_level_css":"","footnotes":""},"categories":[27],"tags":[2074,3450,3498,5570,5642,7970,9105,10053,10868,11844,12421],"class_list":["post-5980","post","type-post","status-publish","format-standard","has-post-thumbnail","hentry","category-acontece","tag-centrais-sindicais","tag-dep-estadual-flavio-serafim","tag-desempego-alto","tag-governo-temer","tag-greve-geral","tag-mudancas-na-clt","tag-populacao-reprova-governo-temer","tag-reforma-da-previdencia","tag-senador-lindberg-farias","tag-trabalhadores","tag-violencia"],"blocksy_meta":[],"spectra_blocks_featured_image_url":[],"spectra_blocks_author_info":{"display_name":"Jornal da Constru\u00e7\u00e3o Civil","avatar_url":"https:\/\/secure.gravatar.com\/avatar\/973c9774fd44ddaceb026973c4962faa70fc512bc4c9da68e8ebb40fecee6540?s=96&d=mm&r=g","author_link":"https:\/\/construcaocivil.siriusmarketingedesign.com.br\/?author=1","description":"Desde de 2013, levando muitas informa\u00e7\u00f5es, lan\u00e7amentos e produtos de qualidade para toda cadeia produtiva da constru\u00e7\u00e3o. O Futuro da constru\u00e7\u00e3o passa por aqui,"},"uagb_featured_image_src":{"full":false,"thumbnail":false,"medium":false,"medium_large":false,"large":false,"1536x1536":false,"2048x2048":false},"uagb_author_info":{"display_name":"Jornal da Constru\u00e7\u00e3o Civil","author_link":"https:\/\/construcaocivil.siriusmarketingedesign.com.br\/?author=1"},"uagb_comment_info":0,"uagb_excerpt":"Da reda\u00e7\u00e3o\u00a0 A insatisfa\u00e7\u00e3o e rejei\u00e7\u00e3o ao atual governo federal s\u00e3o tamanhas que o pa\u00eds n\u00e3o consegue caminhar livre de erros econ\u00f4micos e pol\u00edticos. Segundo avalia\u00e7\u00e3o da \u00faltima pesquisa CNT\/Sensus, Temer est\u00e1 com 5% de reprova\u00e7\u00e3o. Maio, 2017 &#8211; Na \u00faltima sexta-feira (28\/04), milhares de manifestantes sa\u00edram \u00e0s ruas de todo o Brasil com o&hellip;","_links":{"self":[{"href":"https:\/\/construcaocivil.siriusmarketingedesign.com.br\/index.php?rest_route=\/wp\/v2\/posts\/5980","targetHints":{"allow":["GET"]}}],"collection":[{"href":"https:\/\/construcaocivil.siriusmarketingedesign.com.br\/index.php?rest_route=\/wp\/v2\/posts"}],"about":[{"href":"https:\/\/construcaocivil.siriusmarketingedesign.com.br\/index.php?rest_route=\/wp\/v2\/types\/post"}],"author":[{"embeddable":true,"href":"https:\/\/construcaocivil.siriusmarketingedesign.com.br\/index.php?rest_route=\/wp\/v2\/users\/1"}],"replies":[{"embeddable":true,"href":"https:\/\/construcaocivil.siriusmarketingedesign.com.br\/index.php?rest_route=%2Fwp%2Fv2%2Fcomments&post=5980"}],"version-history":[{"count":0,"href":"https:\/\/construcaocivil.siriusmarketingedesign.com.br\/index.php?rest_route=\/wp\/v2\/posts\/5980\/revisions"}],"wp:attachment":[{"href":"https:\/\/construcaocivil.siriusmarketingedesign.com.br\/index.php?rest_route=%2Fwp%2Fv2%2Fmedia&parent=5980"}],"wp:term":[{"taxonomy":"category","embeddable":true,"href":"https:\/\/construcaocivil.siriusmarketingedesign.com.br\/index.php?rest_route=%2Fwp%2Fv2%2Fcategories&post=5980"},{"taxonomy":"post_tag","embeddable":true,"href":"https:\/\/construcaocivil.siriusmarketingedesign.com.br\/index.php?rest_route=%2Fwp%2Fv2%2Ftags&post=5980"}],"curies":[{"name":"wp","href":"https:\/\/api.w.org\/{rel}","templated":true}]}}