{"id":6004,"date":"2017-05-05T16:16:38","date_gmt":"2017-05-05T19:16:38","guid":{"rendered":"http:\/\/www.jornaldaconstrucaocivil.com.br\/?p=6004"},"modified":"2017-05-05T16:16:38","modified_gmt":"2017-05-05T19:16:38","slug":"campanha-detecta-1-600-armadilhas-para-pedestres-em-cidades-de-todo-o-pais","status":"publish","type":"post","link":"https:\/\/construcaocivil.siriusmarketingedesign.com.br\/?p=6004","title":{"rendered":"Campanha detecta 1.600 &#8220;armadilhas&#8221; para pedestres em cidades de todo o pa\u00eds"},"content":{"rendered":"<p style=\"text-align: justify;\"><span style=\"color: #000000;\"><span style=\"color: #993300;\">Maio, 2017<\/span> &#8211; Em apenas 28 dias, Cal\u00e7ada Cilada consegue reunir informa\u00e7\u00f5es e imagens de falhas, buracos, obst\u00e1culos ou simplesmente aus\u00eancia de cal\u00e7adas em cidades de cinco regi\u00f5es do Brasil. Dados foram registrados no app Colab e ser\u00e3o entregues a prefeitos de cada localidade mapeada. Participe com a hashtag #cilada<\/span><\/p>\n<figure id=\"attachment_6005\" aria-describedby=\"caption-attachment-6005\" style=\"width: 363px\" class=\"wp-caption alignleft\"><a href=\"http:\/\/www.jornaldaconstrucaocivil.com.br\/wp-content\/uploads\/2017\/05\/CAAL\u00c7ADA-OK.jpg\"><img loading=\"lazy\" decoding=\"async\" class=\"wp-image-6005\" src=\"http:\/\/www.jornaldaconstrucaocivil.com.br\/wp-content\/uploads\/2017\/05\/CAAL\u00c7ADA-OK.jpg\" alt=\"CAAL\u00c7ADA OK\" width=\"363\" height=\"273\" \/><\/a><figcaption id=\"caption-attachment-6005\" class=\"wp-caption-text\">Campanha detecta 1.600<span style=\"color: #993300;\"> &#8220;armadilhas&#8221;<\/span>para pedestres em cidades de todo o pa\u00eds.<\/figcaption><\/figure>\n<p style=\"text-align: justify;\"><span style=\"color: #000000;\">Cal\u00e7ada \u00e9 uma infraestrutura simples, barata e fundamental para a circula\u00e7\u00e3o das pessoas em qualquer cidade civilizada. No Brasil, apesar de v\u00e1rias campanhas e iniciativas para melhorar esses passeios, a situa\u00e7\u00e3o continua muito ruim, segundo os resultados da Campanha Cal\u00e7ada Cilada 2017.<\/span><\/p>\n<p style=\"text-align: justify;\"><span style=\"color: #000000;\">Encerrada no \u00faltimo final de semana, a Campanha Cal\u00e7ada Cilada 2017 chega \u00e0 sua quarta edi\u00e7\u00e3o com um resultado que revela o descompromisso dos gestores p\u00fablicos para com o pedestre. A a\u00e7\u00e3o foi idealizada pelo Instituto Corrida Amiga com o objetivo central de engajar a popula\u00e7\u00e3o em favor de cidades caminh\u00e1veis e acess\u00edveis a pedestres de todas as idades, mesmo aqueles que tenham alguma restri\u00e7\u00e3o f\u00edsica.<\/span><\/p>\n<p style=\"text-align: justify;\"><span style=\"color: #000000;\">Durante todo o m\u00eas as pessoas foram chamadas a fiscalizar as cal\u00e7adas de suas cidades, com prioridade aos locais com grande fluxo de pedestres, perto de escolas, hospitais, terminais de transportes e outros pontos de interesse.<\/span><\/p>\n<p style=\"text-align: justify;\"><strong><span style=\"color: #000000;\">Resultados<\/span><\/strong><\/p>\n<p style=\"text-align: justify;\"><span style=\"color: #000000;\">Em apenas quatro semanas foram realizados 30 eventos de mobiliza\u00e7\u00e3o em v\u00e1rias cidades do Brasil, levando a campanha \u00e0s ruas. Com isso, foi poss\u00edvel fiscalizar quase 1.600 pontos de cal\u00e7adas irregulares, inexistentes, obstru\u00eddas ou inacess\u00edveis.<em><span style=\"color: #993300;\"> \u201cMobilizamos v\u00e1rias cidades nas cinco regi\u00f5es do pa\u00eds com destaque para o Distrito Federal, os estados de S\u00e3o Paulo, Rio de Janeiro, Minas Gerais, Cear\u00e1, Paran\u00e1 e Goi\u00e1s. Os principais apontamentos, em todas as regi\u00f5es foram: cal\u00e7ada irregular, falta de acessibilidade e cal\u00e7ada inexistente\u201d<\/span><\/em>,\u00a0 explica S\u00edlvia Stuchi, do Corrida Amiga.<\/span><\/p>\n<p style=\"text-align: justify;\"><strong><span style=\"color: #000000;\">O in\u00edcio, em 2014<\/span><\/strong><\/p>\n<p style=\"text-align: justify;\"><span style=\"color: #000000;\">A campanha Cal\u00e7ada Cilada acontece desde 2014.<em><span style=\"color: #993300;\"> \u201cO processo come\u00e7ou com 33 imagens de pessoas fazendo careta numa cilada em cal\u00e7adas e postando nas redes sociais\u201d<\/span><\/em>, lembra S\u00edlvia.<em><span style=\"color: #0000ff;\"> \u201cEm 2015 e 2016, passamos a reportar as m\u00e1s condi\u00e7\u00f5es dos pavimentos utilizando o aplicativo e a plataforma online\u00a0 Cidadera. Agora em 2017 fechamos a parceria com o app Colab.re, o que nos permitiu fortalecer a ponte <span style=\"color: #993300;\">\u2018prefeitura-sociedade\u2019<\/span> e encaminhar muitas das fiscaliza\u00e7\u00f5es diretamente ao poder p\u00fablico\u201d<\/span><\/em>, completa.<\/span><\/p>\n<p style=\"text-align: justify;\"><span style=\"color: #000000;\">Para\u00a0 ela \u00e9 necess\u00e1rio jogar luz e destacar permanentemente os problemas com as cal\u00e7adas <span style=\"color: #0000ff;\"><em>\u201cpara que tenhamos cidades mais humanas, que garantam o direito de acesso a quem caminha, a integra\u00e7\u00e3o, a acessibilidade e a seguran\u00e7a para todos, cidad\u00e3s e cidad\u00e3os<\/em>\u201d<\/span>.\u00a0 Ela avalia que o mapeamento de dados, a mobiliza\u00e7\u00e3o e sensibiliza\u00e7\u00e3o da comunidade, bem como o encaminhamento das fiscaliza\u00e7\u00f5es ao poder p\u00fablico podem causar impactos e gerar transforma\u00e7\u00f5es reais.<\/span><\/p>\n<p style=\"text-align: justify;\"><span style=\"color: #993300;\"><strong>Cases Positivos [p\u00f3s-campanha]<\/strong><\/span><\/p>\n<p style=\"text-align: justify;\"><strong><span style=\"color: #000000;\">Goi\u00e2nia<\/span><\/strong><\/p>\n<p style=\"text-align: justify;\"><span style=\"color: #000000;\">A campanha foi apresentada na Secretaria de Tr\u00e2nsito, Transportes e Mobilidade. A Secretaria de Planejamento Urbano vai incorporar todas as fiscaliza\u00e7\u00f5es realizadas em seu sistema oficial. Durante a campanha, um conjunto de faixas de pedestres\u00a0 foi implantado ap\u00f3s a fiscaliza\u00e7\u00e3o feita por uma articuladora goianiense.<\/span><\/p>\n<p style=\"text-align: justify;\"><strong><span style=\"color: #000000;\">S\u00e3o Carlos<\/span><\/strong><\/p>\n<p style=\"text-align: justify;\"><span style=\"color: #000000;\">Ap\u00f3s mat\u00e9ria de divulga\u00e7\u00e3o na m\u00eddia, a prefeitura declarou que aguarda os dados da campanha para que as provid\u00eancias sejam tomadas. Articuladores locais protocolar\u00e3o o documento com todas as fiscaliza\u00e7\u00f5es na cidade.<\/span><\/p>\n<p style=\"text-align: justify;\"><strong><span style=\"color: #000000;\">S\u00e3o Paulo<\/span><\/strong><\/p>\n<p style=\"text-align: justify;\"><span style=\"color: #000000;\">Foram realizadas apresenta\u00e7\u00f5es da campanha e dos dados preliminares para o vice-prefeito da cidade, Secretaria da Pessoa com Defici\u00eancia, Secretaria das Prefeituras Regionais, Secretaria de Transportes e Mobilidade e Prefeitura Regional de Pinheiros.<\/span><\/p>\n<p style=\"text-align: justify;\"><span style=\"color: #000000;\">A Campanha Cal\u00e7ada Cilada tem como parceiros as organiza\u00e7\u00f5es: ANTP, Bike Anjo, Bras\u00edlia para Pessoas, Mobilize Brasil, P\u00e9 de Igualdade, Solu\u00e7\u00f5es para Cidades\/ABCP, UCB, Colab, CaminhaRio, Giro Inclusivo\/Biomob; Giro Urbano, Genos, CidadeAP\u00e9, Grupo de Estudos em Transportes\/UFPR; Desvelocidades;\u00a0 BH em Ciclo; Milal\u00e1; MobiRio; Casa fluminense; aPezito; Articula\u00e7\u00e3o Goi\u00e2nia; Articula\u00e7\u00e3o Juazeiro do Norte; Canto Cidad\u00e3o; programa EVV UEG.<\/span><\/p>\n<p style=\"text-align: justify;\"><span style=\"color: #000000;\">Mais informa\u00e7\u00f5es:<\/span><\/p>\n<p style=\"text-align: justify;\"><span style=\"color: #0000ff;\">Corrida Amiga &#8211; promovendo o transporte a p\u00e9 <span style=\"color: #993300;\"><a style=\"color: #993300;\" href=\"https:\/\/app.workr.com.br\/LinkOpen.aspx?mid=7e50c050-7dc9-4c4a-a19e-af7d0aaa39d9&amp;lid=JLE97UImncvQb6fBH8\/k4g==\" target=\"_blank\" rel=\"noreferrer\">Facebook<\/a> <a style=\"color: #993300;\" href=\"https:\/\/app.workr.com.br\/LinkOpen.aspx?mid=7e50c050-7dc9-4c4a-a19e-af7d0aaa39d9&amp;lid=l8mO4xP4je8FLC0Z0TaSGQ==\" target=\"_blank\" rel=\"noreferrer\">Instagram<\/a><\/span>\u00a0E-mail: contato@corridaamiga.org \/\u00a0<\/span><\/p>\n<p style=\"text-align: justify;\"><span style=\"color: #0000ff;\">Site: corridaamiga.org\u00a0 Telefone: (11) 94155-5993 (Silvia Stuchi) \/ (11) 99255-2510 (Andrew Oliveira)<\/span><\/p>\n","protected":false},"excerpt":{"rendered":"<p>Maio, 2017 &#8211; Em apenas 28 dias, Cal\u00e7ada Cilada consegue reunir informa\u00e7\u00f5es e imagens de falhas, buracos, obst\u00e1culos ou simplesmente aus\u00eancia de cal\u00e7adas em cidades de cinco regi\u00f5es do Brasil. Dados foram registrados no app Colab e ser\u00e3o entregues a prefeitos de cada localidade mapeada. Participe com a hashtag #cilada Cal\u00e7ada \u00e9 uma infraestrutura simples, [&hellip;]<\/p>\n","protected":false},"author":1,"featured_media":6005,"comment_status":"open","ping_status":"open","sticky":false,"template":"","format":"standard","meta":{"_uag_custom_page_level_css":"","footnotes":""},"categories":[31],"tags":[387,1574,1696,1697,1751,2046,2278,3096,3342,4843,5514,7672,10379,10523,10641,10679],"class_list":["post-6004","post","type-post","status-publish","format-standard","has-post-thumbnail","hentry","category-infraestrutura","tag-acidentes-com-pedestres","tag-brasilia-df","tag-calcada-inexistente","tag-calcada-irregular","tag-campanha-calcada-cilada","tag-ceara","tag-cidades-sustentaveis","tag-corrida-amiga-promovendo-o-transporte-a-pe","tag-dados-de-mapeamento","tag-falta-de-acessibilidade","tag-goiania-go","tag-minas-gerais","tag-rio-de-janeiro-rj","tag-ruas-esburacadas","tag-sao-carlos-sp","tag-sao-paulo-sp"],"blocksy_meta":[],"spectra_blocks_featured_image_url":[],"spectra_blocks_author_info":{"display_name":"Jornal da Constru\u00e7\u00e3o Civil","avatar_url":"https:\/\/secure.gravatar.com\/avatar\/973c9774fd44ddaceb026973c4962faa70fc512bc4c9da68e8ebb40fecee6540?s=96&d=mm&r=g","author_link":"https:\/\/construcaocivil.siriusmarketingedesign.com.br\/?author=1","description":"Desde de 2013, levando muitas informa\u00e7\u00f5es, lan\u00e7amentos e produtos de qualidade para toda cadeia produtiva da constru\u00e7\u00e3o. O Futuro da constru\u00e7\u00e3o passa por aqui,"},"uagb_featured_image_src":{"full":false,"thumbnail":false,"medium":false,"medium_large":false,"large":false,"1536x1536":false,"2048x2048":false},"uagb_author_info":{"display_name":"Jornal da Constru\u00e7\u00e3o Civil","author_link":"https:\/\/construcaocivil.siriusmarketingedesign.com.br\/?author=1"},"uagb_comment_info":0,"uagb_excerpt":"Maio, 2017 &#8211; Em apenas 28 dias, Cal\u00e7ada Cilada consegue reunir informa\u00e7\u00f5es e imagens de falhas, buracos, obst\u00e1culos ou simplesmente aus\u00eancia de cal\u00e7adas em cidades de cinco regi\u00f5es do Brasil. Dados foram registrados no app Colab e ser\u00e3o entregues a prefeitos de cada localidade mapeada. Participe com a hashtag #cilada Cal\u00e7ada \u00e9 uma infraestrutura simples,&hellip;","_links":{"self":[{"href":"https:\/\/construcaocivil.siriusmarketingedesign.com.br\/index.php?rest_route=\/wp\/v2\/posts\/6004","targetHints":{"allow":["GET"]}}],"collection":[{"href":"https:\/\/construcaocivil.siriusmarketingedesign.com.br\/index.php?rest_route=\/wp\/v2\/posts"}],"about":[{"href":"https:\/\/construcaocivil.siriusmarketingedesign.com.br\/index.php?rest_route=\/wp\/v2\/types\/post"}],"author":[{"embeddable":true,"href":"https:\/\/construcaocivil.siriusmarketingedesign.com.br\/index.php?rest_route=\/wp\/v2\/users\/1"}],"replies":[{"embeddable":true,"href":"https:\/\/construcaocivil.siriusmarketingedesign.com.br\/index.php?rest_route=%2Fwp%2Fv2%2Fcomments&post=6004"}],"version-history":[{"count":0,"href":"https:\/\/construcaocivil.siriusmarketingedesign.com.br\/index.php?rest_route=\/wp\/v2\/posts\/6004\/revisions"}],"wp:attachment":[{"href":"https:\/\/construcaocivil.siriusmarketingedesign.com.br\/index.php?rest_route=%2Fwp%2Fv2%2Fmedia&parent=6004"}],"wp:term":[{"taxonomy":"category","embeddable":true,"href":"https:\/\/construcaocivil.siriusmarketingedesign.com.br\/index.php?rest_route=%2Fwp%2Fv2%2Fcategories&post=6004"},{"taxonomy":"post_tag","embeddable":true,"href":"https:\/\/construcaocivil.siriusmarketingedesign.com.br\/index.php?rest_route=%2Fwp%2Fv2%2Ftags&post=6004"}],"curies":[{"name":"wp","href":"https:\/\/api.w.org\/{rel}","templated":true}]}}