{"id":6007,"date":"2017-05-05T16:25:57","date_gmt":"2017-05-05T19:25:57","guid":{"rendered":"http:\/\/www.jornaldaconstrucaocivil.com.br\/?p=6007"},"modified":"2017-05-05T16:25:57","modified_gmt":"2017-05-05T19:25:57","slug":"empreendimento-empresarial-de-suape-espera-ganhar-20-de-eficiencia-energetica","status":"publish","type":"post","link":"https:\/\/construcaocivil.siriusmarketingedesign.com.br\/?p=6007","title":{"rendered":"Empreendimento empresarial de Suape espera ganhar 20% de efici\u00eancia energ\u00e9tica"},"content":{"rendered":"<p style=\"text-align: justify;\"><strong><span style=\"color: #000080;\"><em>Certificado com o selo Leed Gold, o Empresarial Porto de Suape adotou conversores de frequ\u00eancia VLT HVAC, soft starters MCD 201 e v\u00e1lvulas de balanceamento AB-QM da Danfoss<\/em><\/span><\/strong><\/p>\n<p style=\"text-align: justify;\"><span style=\"color: #000000;\"><span style=\"color: #993300;\">Maio, 2017<\/span> &#8211; Localizado em Ipojuca, litoral Sul de Pernambuco, o Complexo Industrial Portu\u00e1rio de Suape ocupa \u00e1rea total de 13,5 mil hectares. Instalado em local estrat\u00e9gico do Complexo, o empreendimento Empresarial Porto de Suape &#8211; Governador Eduardo Campos \u00e9 o primeiro edif\u00edcio da Zona Central de Servi\u00e7os erguido na regi\u00e3o e que abriga o Centro Administrativo de Suape. Inaugurado em novembro de 2015, o edif\u00edcio \u00e9 o \u00fanico da regi\u00e3o Norte\/Nordeste certificado com o selo Leed Gold e constru\u00eddo de acordo com r\u00edgidos padr\u00f5es de qualidade.<\/span><\/p>\n<p style=\"text-align: justify;\"><span style=\"color: #000000;\">O empreendimento conta com 6.100 m\u00b2 de \u00e1rea climatizada por meio de um sistema de \u00e1gua gelada. Para atender a demanda de criar uma instala\u00e7\u00e3o moderna e eficiente para ser certificada no LEED, a Arclima, respons\u00e1vel pela instala\u00e7\u00e3o do sistema de refrigera\u00e7\u00e3o do empreendimento, recorreu \u00e0 Danfoss.<\/span><\/p>\n<p style=\"text-align: justify;\"><span style=\"color: #000000;\">O edif\u00edcio adotou os conversores de frequ\u00eancia VLT HVAC, os soft starters MCD 201 e as v\u00e1lvulas de balanceamento AB-QM da multinacional dinamarquesa. Os conversores e os soft starters foram instalados no sistema de bombeamento e nas torres de resfriamento, visando otimizar o ponto de funcionamento dos equipamentos e evitar a sobrecarga de partida. As v\u00e1lvulas de balanceamento foram aplicadas nos fancoils e fancoletes para garantir e otimizar a vaz\u00e3o de projeto, independente da flutua\u00e7\u00e3o de equipamentos em opera\u00e7\u00e3o no sistema.<\/span><\/p>\n<p style=\"text-align: justify;\"><span style=\"color: #000000;\"><span style=\"color: #000080;\"><em>\u201cO sistema composto com essa linha de equipamentos gera ao cliente uma efici\u00eancia energ\u00e9tica na sua opera\u00e7\u00e3o, al\u00e9m de aumentar o n\u00edvel de confiabilidade. Com as v\u00e1lvulas de balanceamento, o sistema fica com suas caracter\u00edsticas de projeto configuradas, independentemente do incremento ou diminui\u00e7\u00e3o de equipamentos no sistema, proporcionando uma instala\u00e7\u00e3o flex\u00edvel e confi\u00e1vel. Com essa configura\u00e7\u00e3o, o sistema consegue uma efici\u00eancia energ\u00e9tica de 20% a mais se comparado com os convencionais<\/em><\/span>\u201d, explica Breno Ferreira, engenheiro da Arclima.<\/span><\/p>\n<p style=\"text-align: justify;\"><span style=\"color: #000000;\">Francisco Mota, gerente do empreendimento Empresarial Porto de Suape, acrescenta que o sistema HVAC instalado atende a diversos conceitos para o selo Leed, entre eles a economia de energia.<span style=\"color: #000080;\"><em> \u201cO sistema \u00e9 inteligente, podendo desativar um ou dois compressores caso a temperatura de 21\u00b0 C tenha sido atingida. O custo operacional do HVAC, pela sua efici\u00eancia, \u00e9 mais econ\u00f4mico do que se instal\u00e1ssemos os sistemas comuns (split, self contained entre outros)\u201d<\/em><\/span>, finaliza Mota.<\/span><\/p>\n<p style=\"text-align: justify;\"><span style=\"color: #000000;\">Pr\u00eamio de Destaque do Ano da SMACNA de 2015 &#8211; A Arclima recebeu o Pr\u00eamio de Destaque do Ano da SMACNA de 2015, na categoria implementa\u00e7\u00e3o dos sistemas de climatiza\u00e7\u00e3o\/tratamento de ar, pelo trabalho desenvolvido no novo centro administrativo de Suape.<\/span><\/p>\n<p>&nbsp;<\/p>\n<p>&nbsp;<\/p>\n","protected":false},"excerpt":{"rendered":"<p>Certificado com o selo Leed Gold, o Empresarial Porto de Suape adotou conversores de frequ\u00eancia VLT HVAC, soft starters MCD 201 e v\u00e1lvulas de balanceamento AB-QM da Danfoss Maio, 2017 &#8211; Localizado em Ipojuca, litoral Sul de Pernambuco, o Complexo Industrial Portu\u00e1rio de Suape ocupa \u00e1rea total de 13,5 mil hectares. Instalado em local estrat\u00e9gico [&hellip;]<\/p>\n","protected":false},"author":1,"featured_media":0,"comment_status":"open","ping_status":"open","sticky":false,"template":"","format":"standard","meta":{"_uag_custom_page_level_css":"","footnotes":""},"categories":[29],"tags":[853,2161,2348,3350,3986,4126,6394,8144,9144,11918],"class_list":["post-6007","post","type-post","status-publish","format-standard","hentry","category-energia","tag-arclima-engenharia","tag-certificacao-leed-gold","tag-climatizacao","tag-danfoss","tag-eficiencia-energetica","tag-empreendimento-empresarial","tag-ipojuca-pe","tag-nordeste","tag-porto-de-suape","tag-tratamento-do-ar"],"blocksy_meta":[],"spectra_blocks_featured_image_url":null,"spectra_blocks_author_info":{"display_name":"Jornal da Constru\u00e7\u00e3o Civil","avatar_url":"https:\/\/secure.gravatar.com\/avatar\/973c9774fd44ddaceb026973c4962faa70fc512bc4c9da68e8ebb40fecee6540?s=96&d=mm&r=g","author_link":"https:\/\/construcaocivil.siriusmarketingedesign.com.br\/?author=1","description":"Desde de 2013, levando muitas informa\u00e7\u00f5es, lan\u00e7amentos e produtos de qualidade para toda cadeia produtiva da constru\u00e7\u00e3o. O Futuro da constru\u00e7\u00e3o passa por aqui,"},"uagb_featured_image_src":{"full":false,"thumbnail":false,"medium":false,"medium_large":false,"large":false,"1536x1536":false,"2048x2048":false},"uagb_author_info":{"display_name":"Jornal da Constru\u00e7\u00e3o Civil","author_link":"https:\/\/construcaocivil.siriusmarketingedesign.com.br\/?author=1"},"uagb_comment_info":0,"uagb_excerpt":"Certificado com o selo Leed Gold, o Empresarial Porto de Suape adotou conversores de frequ\u00eancia VLT HVAC, soft starters MCD 201 e v\u00e1lvulas de balanceamento AB-QM da Danfoss Maio, 2017 &#8211; Localizado em Ipojuca, litoral Sul de Pernambuco, o Complexo Industrial Portu\u00e1rio de Suape ocupa \u00e1rea total de 13,5 mil hectares. Instalado em local estrat\u00e9gico&hellip;","_links":{"self":[{"href":"https:\/\/construcaocivil.siriusmarketingedesign.com.br\/index.php?rest_route=\/wp\/v2\/posts\/6007","targetHints":{"allow":["GET"]}}],"collection":[{"href":"https:\/\/construcaocivil.siriusmarketingedesign.com.br\/index.php?rest_route=\/wp\/v2\/posts"}],"about":[{"href":"https:\/\/construcaocivil.siriusmarketingedesign.com.br\/index.php?rest_route=\/wp\/v2\/types\/post"}],"author":[{"embeddable":true,"href":"https:\/\/construcaocivil.siriusmarketingedesign.com.br\/index.php?rest_route=\/wp\/v2\/users\/1"}],"replies":[{"embeddable":true,"href":"https:\/\/construcaocivil.siriusmarketingedesign.com.br\/index.php?rest_route=%2Fwp%2Fv2%2Fcomments&post=6007"}],"version-history":[{"count":0,"href":"https:\/\/construcaocivil.siriusmarketingedesign.com.br\/index.php?rest_route=\/wp\/v2\/posts\/6007\/revisions"}],"wp:attachment":[{"href":"https:\/\/construcaocivil.siriusmarketingedesign.com.br\/index.php?rest_route=%2Fwp%2Fv2%2Fmedia&parent=6007"}],"wp:term":[{"taxonomy":"category","embeddable":true,"href":"https:\/\/construcaocivil.siriusmarketingedesign.com.br\/index.php?rest_route=%2Fwp%2Fv2%2Fcategories&post=6007"},{"taxonomy":"post_tag","embeddable":true,"href":"https:\/\/construcaocivil.siriusmarketingedesign.com.br\/index.php?rest_route=%2Fwp%2Fv2%2Ftags&post=6007"}],"curies":[{"name":"wp","href":"https:\/\/api.w.org\/{rel}","templated":true}]}}