{"id":604,"date":"2015-12-21T03:10:02","date_gmt":"2015-12-21T03:10:02","guid":{"rendered":"http:\/\/www.jornaldaconstrucaocivil.com.br\/?p=604"},"modified":"2015-12-21T03:10:02","modified_gmt":"2015-12-21T03:10:02","slug":"mariana-fenam-finaliza-coleta-de-amostras-do-desastre-ambiental-no-rio-doce","status":"publish","type":"post","link":"https:\/\/construcaocivil.siriusmarketingedesign.com.br\/?p=604","title":{"rendered":"Mariana: FENAM finaliza coleta de amostras do desastre ambiental no Rio Doce"},"content":{"rendered":"<p><strong><span style=\"color: #000000;\"><i>M\u00e9dicos suspeitam que o contato com a \u00e1gua, mesmo tratada, pode provocar o aparecimento de doen\u00e7as, em longo prazo<\/i><\/span><\/strong><\/p>\n<p><span style=\"color: #000000;\">Cercado de incertezas sobre a qualidade da \u00e1gua fornecida \u00e0 popula\u00e7\u00e3o ap\u00f3s o rompimento da barragem da Samarco, a Federa\u00e7\u00e3o Nacional dos M\u00e9dicos (FENAM) finalizou nesta sexta-feira (18), em Governador Valadares (MG), a coleta de amostras da \u00e1gua e do solo do Rio Doce, atingido pelos rejeitos de min\u00e9rio.<\/span><\/p>\n<figure id=\"attachment_605\" aria-describedby=\"caption-attachment-605\" style=\"width: 251px\" class=\"wp-caption alignleft\"><a href=\"http:\/\/www.jornaldaconstrucaocivil.com.br\/wp-content\/uploads\/2015\/12\/FENAM-I-23185185014_587c478ed5_o.jpg\"><img loading=\"lazy\" decoding=\"async\" class=\"wp-image-605\" src=\"http:\/\/www.jornaldaconstrucaocivil.com.br\/wp-content\/uploads\/2015\/12\/FENAM-I-23185185014_587c478ed5_o-300x200.jpg\" alt=\"FENAM I 23185185014_587c478ed5_o\" width=\"251\" height=\"167\" \/><\/a><figcaption id=\"caption-attachment-605\" class=\"wp-caption-text\"><span style=\"color: #ff0000;\">M\u00e9dicos da FENAM acompanharam o trabalho dos bi\u00f3logos no munic\u00edpio de Governador Valadares(MG), na sexta-feira(18). Cr\u00e9ditos: FENAM<\/span><\/figcaption><\/figure>\n<p><span style=\"color: #000000;\">Os m\u00e9dicos da FENAM acompanharam o trabalho dos bi\u00f3logos no munic\u00edpio e alertou \u00e0 popula\u00e7\u00e3o que o contato com a \u00e1gua do Rio Doce pode provocar, em longo prazo, o aparecimento de doen\u00e7as neurol\u00f3gicas, na pele, no aparelho digestivo e intestinal, c\u00e2ncer, m\u00e1 forma\u00e7\u00e3o de beb\u00eas, entre outras. A suspeita \u00e9 que mesmo ap\u00f3s o tratamento da \u00e1gua, ela continue a oferecer riscos por conta do excesso de min\u00e9rios.<\/span><\/p>\n<p><span style=\"color: #000000;\">As 10 amostras foram coletas durante tr\u00eas dias de acordo com normas internacionais e nacionais pelo laborat\u00f3rio independente \u00c1gua Terra. Um dos pontos de coleta foi no local onde \u00e9 feita a capta\u00e7\u00e3o da \u00e1gua pela companhia de abastecimento da cidade, e em escolas onde o fornecimento da \u00e1gua j\u00e1 foi restabelecido. A abrang\u00eancia da a\u00e7\u00e3o \u00e9 1.424 quil\u00f4metros.<\/span><\/p>\n<p><span style=\"color: #000000;\">Durante a visita ao leito do Rio, o presidente da FENAM, Otto Baptista, destacou que a popula\u00e7\u00e3o est\u00e1 sendo colocada em risco devido a alta concentra\u00e7\u00e3o de min\u00e9rios na \u00e1gua.<em> \u201cVisitei o Bairro Vit\u00f3ria em Governador Valadares. Muitos moradores relataram alergia na pele ap\u00f3s tomar banho com a \u00e1gua <strong>\u201ctratada\u201d,<\/strong> feridas na pele, diarreia, aumento na press\u00e3o arterial, entre outros problemas de sa\u00fade. A popula\u00e7\u00e3o est\u00e1 com medo e \u00e9 preocupante o consumo desta \u00e1gua\u201d<\/em>, alertou.<\/span><\/p>\n<p><span style=\"color: #000000;\">O relat\u00f3rio final com os dados sobre a composi\u00e7\u00e3o da \u00e1gua e o impacto na sa\u00fade pelo contato e ingest\u00e3o ser\u00e1 divulgado em 90 dias.<\/span><\/p>\n<p><span style=\"color: #0000ff;\">Fonte: Assessoria de Imprensa\u00a0Federa\u00e7\u00e3o Nacional dos M\u00e9dicos (FENAM)<\/span><\/p>\n","protected":false},"excerpt":{"rendered":"<p>M\u00e9dicos suspeitam que o contato com a \u00e1gua, mesmo tratada, pode provocar o aparecimento de doen\u00e7as, em longo prazo Cercado de incertezas sobre a qualidade da \u00e1gua fornecida \u00e0 popula\u00e7\u00e3o ap\u00f3s o rompimento da barragem da Samarco, a Federa\u00e7\u00e3o Nacional dos M\u00e9dicos (FENAM) finalizou nesta sexta-feira (18), em Governador Valadares (MG), a coleta de amostras [&hellip;]<\/p>\n","protected":false},"author":1,"featured_media":605,"comment_status":"open","ping_status":"open","sticky":false,"template":"","format":"standard","meta":{"_uag_custom_page_level_css":"","footnotes":""},"categories":[27],"tags":[547,3017,4956,5531,10382,10587],"class_list":["post-604","post","type-post","status-publish","format-standard","has-post-thumbnail","hentry","category-acontece","tag-agua","tag-contaminacao","tag-fenam","tag-governador-valadaresmg","tag-rio-doce","tag-samarco"],"blocksy_meta":[],"spectra_blocks_featured_image_url":[],"spectra_blocks_author_info":{"display_name":"Jornal da Constru\u00e7\u00e3o Civil","avatar_url":"https:\/\/secure.gravatar.com\/avatar\/973c9774fd44ddaceb026973c4962faa70fc512bc4c9da68e8ebb40fecee6540?s=96&d=mm&r=g","author_link":"https:\/\/construcaocivil.siriusmarketingedesign.com.br\/?author=1","description":"Desde de 2013, levando muitas informa\u00e7\u00f5es, lan\u00e7amentos e produtos de qualidade para toda cadeia produtiva da constru\u00e7\u00e3o. O Futuro da constru\u00e7\u00e3o passa por aqui,"},"uagb_featured_image_src":{"full":false,"thumbnail":false,"medium":false,"medium_large":false,"large":false,"1536x1536":false,"2048x2048":false},"uagb_author_info":{"display_name":"Jornal da Constru\u00e7\u00e3o Civil","author_link":"https:\/\/construcaocivil.siriusmarketingedesign.com.br\/?author=1"},"uagb_comment_info":0,"uagb_excerpt":"M\u00e9dicos suspeitam que o contato com a \u00e1gua, mesmo tratada, pode provocar o aparecimento de doen\u00e7as, em longo prazo Cercado de incertezas sobre a qualidade da \u00e1gua fornecida \u00e0 popula\u00e7\u00e3o ap\u00f3s o rompimento da barragem da Samarco, a Federa\u00e7\u00e3o Nacional dos M\u00e9dicos (FENAM) finalizou nesta sexta-feira (18), em Governador Valadares (MG), a coleta de amostras&hellip;","_links":{"self":[{"href":"https:\/\/construcaocivil.siriusmarketingedesign.com.br\/index.php?rest_route=\/wp\/v2\/posts\/604","targetHints":{"allow":["GET"]}}],"collection":[{"href":"https:\/\/construcaocivil.siriusmarketingedesign.com.br\/index.php?rest_route=\/wp\/v2\/posts"}],"about":[{"href":"https:\/\/construcaocivil.siriusmarketingedesign.com.br\/index.php?rest_route=\/wp\/v2\/types\/post"}],"author":[{"embeddable":true,"href":"https:\/\/construcaocivil.siriusmarketingedesign.com.br\/index.php?rest_route=\/wp\/v2\/users\/1"}],"replies":[{"embeddable":true,"href":"https:\/\/construcaocivil.siriusmarketingedesign.com.br\/index.php?rest_route=%2Fwp%2Fv2%2Fcomments&post=604"}],"version-history":[{"count":0,"href":"https:\/\/construcaocivil.siriusmarketingedesign.com.br\/index.php?rest_route=\/wp\/v2\/posts\/604\/revisions"}],"wp:attachment":[{"href":"https:\/\/construcaocivil.siriusmarketingedesign.com.br\/index.php?rest_route=%2Fwp%2Fv2%2Fmedia&parent=604"}],"wp:term":[{"taxonomy":"category","embeddable":true,"href":"https:\/\/construcaocivil.siriusmarketingedesign.com.br\/index.php?rest_route=%2Fwp%2Fv2%2Fcategories&post=604"},{"taxonomy":"post_tag","embeddable":true,"href":"https:\/\/construcaocivil.siriusmarketingedesign.com.br\/index.php?rest_route=%2Fwp%2Fv2%2Ftags&post=604"}],"curies":[{"name":"wp","href":"https:\/\/api.w.org\/{rel}","templated":true}]}}