{"id":6049,"date":"2017-05-11T13:45:07","date_gmt":"2017-05-11T16:45:07","guid":{"rendered":"http:\/\/www.jornaldaconstrucaocivil.com.br\/?p=6049"},"modified":"2017-05-11T13:45:07","modified_gmt":"2017-05-11T16:45:07","slug":"cba-e-destaque-no-19o-premio-de-excelencia-da-industria-minero-metalurgica-brasileira","status":"publish","type":"post","link":"https:\/\/construcaocivil.siriusmarketingedesign.com.br\/?p=6049","title":{"rendered":"CBA \u00e9 destaque no 19\u00ba Pr\u00eamio de Excel\u00eancia da Ind\u00fastria Minero-metal\u00fargica Brasileira"},"content":{"rendered":"<p style=\"text-align: justify;\"><span style=\"color: #000080;\"><em><strong>Premia\u00e7\u00e3o da revista Min\u00e9rios &amp; Minerales elegeu os melhores da ind\u00fastria em diversas categorias<\/strong><\/em><\/span><\/p>\n<p style=\"text-align: justify;\"><span style=\"color: #000000;\"><span style=\"color: #993300;\">S\u00e3o Paulo, maio de 2017<\/span> \u2013 A Companhia Brasileira de Alum\u00ednio (CBA), a mais tradicional e a primeira ind\u00fastria nacional fabricante de alum\u00ednio do Pa\u00eds, foi premiada\u00a0\u00a0 na categoria Preserva\u00e7\u00e3o Ambiental no 19\u00ba Pr\u00eamio de Excel\u00eancia da Ind\u00fastria Minero-metal\u00fargica Brasileira. O evento de premia\u00e7\u00e3o aconteceu no \u00faltimo dia 9, em Belo Horizonte.<\/span><\/p>\n<p style=\"text-align: justify;\"><span style=\"color: #000000;\">O projeto premiado retrata as a\u00e7\u00f5es de restaura\u00e7\u00e3o ambiental adotadas pela CBA nas \u00e1reas de minera\u00e7\u00e3o de bauxita que t\u00eam possibilitado a r\u00e1pida recupera\u00e7\u00e3o da cobertura florestal nativa e o enriquecimento natural das \u00e1reas mineradas ao longo do tempo. Estes experimentos t\u00eam como principal meta a redu\u00e7\u00e3o dos custos com a restaura\u00e7\u00e3o de \u00e1reas mineradas e a sustentabilidade das florestas restauradas.<\/span><\/p>\n<p style=\"text-align: justify;\"><span style=\"color: #000000;\">Para o projeto, a CBA firmou um conv\u00eanio de pesquisa, desenvolvimento e assessoria com o Laborat\u00f3rio de Restaura\u00e7\u00e3o Florestal (LARF) da Universidade Federal de Vi\u00e7osa para a aplica\u00e7\u00e3o de bioindicadores para avaliar e monitorar \u00e1reas em restaura\u00e7\u00e3o pela empresa na Zona da Mata mineira. Atrav\u00e9s da aplica\u00e7\u00e3o destes bioindicadores <span style=\"color: #000080;\">&#8211; banco de sementes do solo, regenera\u00e7\u00e3o natural, mortalidade de mudas, abertura do dossel com fotografias hemisf\u00e9ricas, produ\u00e7\u00e3o e decomposi\u00e7\u00e3o de serapilheira &#8211;<\/span> \u00e9 poss\u00edvel avaliar o n\u00edvel de sucesso de um determinado projeto de restaura\u00e7\u00e3o implantado em uma \u00e1rea que foi diretamente minerada ou em outra \u00e1rea que foi destinada \u00e0 compensa\u00e7\u00e3o ambiental, bem como corrigir eventuais desvios de rota considerando as metas propostas.<\/span><\/p>\n<p style=\"text-align: justify;\"><span style=\"color: #000000;\"><em><span style=\"color: #000080;\">\u201cEste pr\u00eamio consolida o trabalho da CBA em parceria com a Universidade Federal de Vi\u00e7osa, al\u00e9m de refor\u00e7ar o compromisso da empresa com o desenvolvimento sustent\u00e1vel. Tivemos resultados fant\u00e1sticos ao longo destes 6 anos de projeto\u201d<\/span><\/em>, aponta Ricardo Vinhal, gerente geral de Minera\u00e7\u00e3o e Alumina.<\/span><\/p>\n<p style=\"text-align: justify;\"><span style=\"color: #000000;\">Dentro do projeto foram implantados v\u00e1rios experimentos de restaura\u00e7\u00e3o de \u00e1reas mineradas, como de solo, plantio consorciado de mudas e gr\u00e3os, plantio de mudas em tubetes e sacos pl\u00e1sticos e experimento com poleiros, gerando, inclusive, teses de mestrado e doutorado dentro da universidade. Para execu\u00e7\u00e3o do projeto foram envolvidos funcion\u00e1rios ligados diretamente \u00e0 empresa, como engenheiros, analistas ambientais e funcion\u00e1rios do setor terceirizado, al\u00e9m de estudantes de gradua\u00e7\u00e3o, mestrado e doutorado da Universidade Federal de Vi\u00e7osa.<\/span><\/p>\n<p style=\"text-align: justify;\"><span style=\"color: #000000;\"><em><span style=\"color: #000080;\">\u201cA a\u00e7\u00e3o de avalia\u00e7\u00e3o e monitoramento de \u00e1reas restauradas atrav\u00e9s dos bioindicadores utilizados \u00e9 inovadora no setor de minera\u00e7\u00e3o. Poucos estudos desta natureza envolvem um conjunto t\u00e3o grande de bioindicadores, o que \u00e9 extremamente importante para tra\u00e7ar o perfil real da trajet\u00f3ria das \u00e1reas restauradas\u201d<\/span><\/em>, aponta Sebasti\u00e3o Ven\u00e2ncio Martins, professor titular do Departamento de Engenharia Florestal da Universidade Federal de Vi\u00e7osa.<\/span><\/p>\n<p style=\"text-align: justify;\"><span style=\"color: #000000;\">A avalia\u00e7\u00e3o de \u00e1reas implantadas em tempos diferentes e com diferentes metodologias possibilita definir novas estrat\u00e9gias de restaura\u00e7\u00e3o e selecionar esp\u00e9cies mais adequadas para condi\u00e7\u00f5es ambientais especificas de cada regi\u00e3o, como altitude, microclima etc. Desta forma, aumentam-se as chances de sucesso dos novos projetos, reduzindo os custos da atividade de minera\u00e7\u00e3o como um todo. Com o avan\u00e7o das metodologias de restaura\u00e7\u00e3o outros recursos ambientais passam a ser protegidos, como os cursos d\u2019\u00e1gua e nascentes, com impactos ambientais e sociais. <em><span style=\"color: #000080;\">\u201cOlhando para o futuro, as metas para continuidade do projeto s\u00e3o a avalia\u00e7\u00e3o e monitoramento de novas \u00e1reas em restaura\u00e7\u00e3o, a inclus\u00e3o de novos indicadores de forte apelo ambiental e a implanta\u00e7\u00e3o de novos experimentos de restaura\u00e7\u00e3o com novos tratamentos que visem \u00e0 redu\u00e7\u00e3o dos custos e o atingimento da sustentabilidade das \u00e1reas restauradas em um tempo mais curto que o conseguido atualmente\u201d<\/span><\/em>, conclui Christian Fonseca de Andrade, gerente das Unidades Zona da Mata da CBA.<\/span><\/p>\n<p style=\"text-align: justify;\">Fonte: Imprensa\/CBA<\/p>\n","protected":false},"excerpt":{"rendered":"<p>Premia\u00e7\u00e3o da revista Min\u00e9rios &amp; Minerales elegeu os melhores da ind\u00fastria em diversas categorias S\u00e3o Paulo, maio de 2017 \u2013 A Companhia Brasileira de Alum\u00ednio (CBA), a mais tradicional e a primeira ind\u00fastria nacional fabricante de alum\u00ednio do Pa\u00eds, foi premiada\u00a0\u00a0 na categoria Preserva\u00e7\u00e3o Ambiental no 19\u00ba Pr\u00eamio de Excel\u00eancia da Ind\u00fastria Minero-metal\u00fargica Brasileira. O [&hellip;]<\/p>\n","protected":false},"author":1,"featured_media":0,"comment_status":"open","ping_status":"open","sticky":false,"template":"","format":"standard","meta":{"_uag_custom_page_level_css":"","footnotes":""},"categories":[12591],"tags":[112,2515,2826,4288,5131,6064,7592,7673,7681,9355,12101,12570],"class_list":["post-6049","post","type-post","status-publish","format-standard","hentry","category-produtos","tag-19o-premio-de-excelencia-da-industria-minero-metalurgica-brasileira","tag-companhia-brasileira-de-aluminio-cba","tag-construcao-civil","tag-energia","tag-florestas-restauradas","tag-industria-minero-metalurgica-brasileira","tag-mercados-de-bens-de-consumo","tag-minas-gerais-mg","tag-mineracao-de-bauxita","tag-preservacao-ambiental","tag-universidade-federal-de-vicosa-ufv","tag-zona-da-mata-mg"],"blocksy_meta":[],"spectra_blocks_featured_image_url":null,"spectra_blocks_author_info":{"display_name":"Jornal da Constru\u00e7\u00e3o Civil","avatar_url":"https:\/\/secure.gravatar.com\/avatar\/973c9774fd44ddaceb026973c4962faa70fc512bc4c9da68e8ebb40fecee6540?s=96&d=mm&r=g","author_link":"https:\/\/construcaocivil.siriusmarketingedesign.com.br\/?author=1","description":"Desde de 2013, levando muitas informa\u00e7\u00f5es, lan\u00e7amentos e produtos de qualidade para toda cadeia produtiva da constru\u00e7\u00e3o. O Futuro da constru\u00e7\u00e3o passa por aqui,"},"uagb_featured_image_src":{"full":false,"thumbnail":false,"medium":false,"medium_large":false,"large":false,"1536x1536":false,"2048x2048":false},"uagb_author_info":{"display_name":"Jornal da Constru\u00e7\u00e3o Civil","author_link":"https:\/\/construcaocivil.siriusmarketingedesign.com.br\/?author=1"},"uagb_comment_info":0,"uagb_excerpt":"Premia\u00e7\u00e3o da revista Min\u00e9rios &amp; Minerales elegeu os melhores da ind\u00fastria em diversas categorias S\u00e3o Paulo, maio de 2017 \u2013 A Companhia Brasileira de Alum\u00ednio (CBA), a mais tradicional e a primeira ind\u00fastria nacional fabricante de alum\u00ednio do Pa\u00eds, foi premiada\u00a0\u00a0 na categoria Preserva\u00e7\u00e3o Ambiental no 19\u00ba Pr\u00eamio de Excel\u00eancia da Ind\u00fastria Minero-metal\u00fargica Brasileira. O&hellip;","_links":{"self":[{"href":"https:\/\/construcaocivil.siriusmarketingedesign.com.br\/index.php?rest_route=\/wp\/v2\/posts\/6049","targetHints":{"allow":["GET"]}}],"collection":[{"href":"https:\/\/construcaocivil.siriusmarketingedesign.com.br\/index.php?rest_route=\/wp\/v2\/posts"}],"about":[{"href":"https:\/\/construcaocivil.siriusmarketingedesign.com.br\/index.php?rest_route=\/wp\/v2\/types\/post"}],"author":[{"embeddable":true,"href":"https:\/\/construcaocivil.siriusmarketingedesign.com.br\/index.php?rest_route=\/wp\/v2\/users\/1"}],"replies":[{"embeddable":true,"href":"https:\/\/construcaocivil.siriusmarketingedesign.com.br\/index.php?rest_route=%2Fwp%2Fv2%2Fcomments&post=6049"}],"version-history":[{"count":0,"href":"https:\/\/construcaocivil.siriusmarketingedesign.com.br\/index.php?rest_route=\/wp\/v2\/posts\/6049\/revisions"}],"wp:attachment":[{"href":"https:\/\/construcaocivil.siriusmarketingedesign.com.br\/index.php?rest_route=%2Fwp%2Fv2%2Fmedia&parent=6049"}],"wp:term":[{"taxonomy":"category","embeddable":true,"href":"https:\/\/construcaocivil.siriusmarketingedesign.com.br\/index.php?rest_route=%2Fwp%2Fv2%2Fcategories&post=6049"},{"taxonomy":"post_tag","embeddable":true,"href":"https:\/\/construcaocivil.siriusmarketingedesign.com.br\/index.php?rest_route=%2Fwp%2Fv2%2Ftags&post=6049"}],"curies":[{"name":"wp","href":"https:\/\/api.w.org\/{rel}","templated":true}]}}