{"id":6056,"date":"2017-05-11T14:11:27","date_gmt":"2017-05-11T17:11:27","guid":{"rendered":"http:\/\/www.jornaldaconstrucaocivil.com.br\/?p=6056"},"modified":"2017-05-11T14:11:27","modified_gmt":"2017-05-11T17:11:27","slug":"faturamento-do-setor-de-compositos-caiu-4-em-2016","status":"publish","type":"post","link":"https:\/\/construcaocivil.siriusmarketingedesign.com.br\/?p=6056","title":{"rendered":"Faturamento do setor de comp\u00f3sitos caiu 4% em 2016"},"content":{"rendered":"<p style=\"text-align: justify;\"><span style=\"color: #000080;\"><em><strong>Resultado foi de R$ 2,550 bilh\u00f5es; previs\u00e3o para este ano \u00e9 de novo encolhimento<\/strong><\/em><\/span><\/p>\n<p style=\"text-align: justify;\"><span style=\"color: #000000;\"><span style=\"color: #993300;\">Maio, 2017<\/span> &#8211; Em 2016, o setor brasileiro de materiais comp\u00f3sitos, um tipo de pl\u00e1stico de alta performance, faturou R$ 2,550 bilh\u00f5es, queda de 4% em compara\u00e7\u00e3o ao ano anterior. O consumo de mat\u00e9rias-primas diminuiu 1,3%, totalizando 159 mil toneladas. Em termos de n\u00edvel operacional, o per\u00edodo marcou o pior resultado da s\u00e9rie hist\u00f3rica, com apenas 55% de ocupa\u00e7\u00e3o das plantas, enquanto o n\u00famero de postos de trabalho caiu 4%, perfazendo 60,5 mil vagas. Os dados s\u00e3o da Associa\u00e7\u00e3o Latino-Americana de Materiais Comp\u00f3sitos (ALMACO).<\/span><\/p>\n<figure id=\"attachment_6057\" aria-describedby=\"caption-attachment-6057\" style=\"width: 396px\" class=\"wp-caption alignleft\"><a href=\"http:\/\/www.jornaldaconstrucaocivil.com.br\/wp-content\/uploads\/2017\/05\/ALMACO.jpg\"><img loading=\"lazy\" decoding=\"async\" class=\"wp-image-6057 size-full\" src=\"http:\/\/www.jornaldaconstrucaocivil.com.br\/wp-content\/uploads\/2017\/05\/ALMACO.jpg\" alt=\"ALMACO\" width=\"396\" height=\"265\" \/><\/a><figcaption id=\"caption-attachment-6057\" class=\"wp-caption-text\"><span style=\"color: #0000ff;\">Gilmar Lima, presidente da ALMACO<\/span><\/figcaption><\/figure>\n<p style=\"text-align: justify;\"><span style=\"color: #000000;\">Para Gilmar Lima, presidente da ALMACO, o desempenho foi impactado sobretudo pela desacelera\u00e7\u00e3o das ind\u00fastrias de gera\u00e7\u00e3o de energia e\u00f3lica e constru\u00e7\u00e3o civil.<span style=\"color: #000080;\"><em> \u201cSomam-se a esses fatores a restri\u00e7\u00e3o de cr\u00e9dito, os poucos lan\u00e7amentos de produtos e a demora na rea\u00e7\u00e3o de, praticamente, todos os segmentos dedicados \u00e0 moldagem de comp\u00f3sitos\u201d<\/em><\/span>, comenta.<\/span><\/p>\n<p style=\"text-align: justify;\"><span style=\"color: #000000;\">Das 159 mil toneladas de mat\u00e9rias-primas processadas no ano passado, o estudo da ALMACO aponta para a seguinte divis\u00e3o: resina poli\u00e9ster (77 mil), fibra de vidro (45 mil), resina ep\u00f3xi (22 mil), gelcoat (8 mil), resina \u00e9ster-vin\u00edlica (2,5 mil), adesivo estrutural (1,5 mil), fibra de carbono (0,7 mil) e outros (2,3 mil), como aditivo, per\u00f3xido e massa pl\u00e1stica.<\/span><\/p>\n<p style=\"text-align: justify;\"><span style=\"color: #000000;\">Em rela\u00e7\u00e3o aos processos de fabrica\u00e7\u00e3o adotados pelos moldadores brasileiros de comp\u00f3sitos, as tecnologias manuais, como hand lay-up e spray-up, aparecem com 52% de participa\u00e7\u00e3o, seguidas pelos sistemas automatizados, a exemplo de RTM (12%), enrolamento filamentar (9%), lamina\u00e7\u00e3o cont\u00ednua (7%), infus\u00e3o (6%), pultrus\u00e3o (5%) e BMC\/SMC (5%).<\/span><\/p>\n<p style=\"text-align: justify;\"><span style=\"color: #000000;\">A constru\u00e7\u00e3o civil permanece liderando o consumo do material (36%), \u00e0 frente de transportes (25%), corros\u00e3o\/saneamento (17%), energia el\u00e9trica (5%), e\u00f3lico (4%) e n\u00e1utico (4%). Quando separada apenas a demanda de materiais \u00e0 base de resina ep\u00f3xi, a gera\u00e7\u00e3o de energia e\u00f3lica lidera com 95,6%.<\/span><\/p>\n<p style=\"text-align: justify;\"><span style=\"color: #000000;\">O levantamento da ALMACO traz como novidades alguns dados referentes \u00e0 Am\u00e9rica Latina \u2013 a associa\u00e7\u00e3o mant\u00e9m bases na Argentina, Chile e Col\u00f4mbia. Conforme o estudo, o setor que mais consome comp\u00f3sitos na regi\u00e3o \u00e9 o de saneamento\/corros\u00e3o (32%), seguido por constru\u00e7\u00e3o civil (22%), transportes (18%), agroneg\u00f3cio (4%), n\u00e1utico (5%) e t\u00eaxtil (4%). Com uma fatia de 50%, os processos manuais aparecem em primeiro lugar. Na sequ\u00eancia, lamina\u00e7\u00e3o cont\u00ednua (25%), enrolamento filamentar (15%), RTM e infus\u00e3o e SMC (5%).<\/span><\/p>\n<p style=\"text-align: justify;\"><strong><span style=\"color: #000000;\">Mais dificuldades em 2017<\/span><\/strong><\/p>\n<p style=\"text-align: justify;\"><span style=\"color: #000000;\">De acordo com a pesquisa da ALMACO, a situa\u00e7\u00e3o n\u00e3o melhora em 2017. O faturamento previsto para o setor brasileiro \u00e9 de R$ 2,450 bilh\u00f5es \u2013 ou seja, nova queda de 4% \u2013, enquanto o consumo de mat\u00e9rias-primas deve encolher 2,5%, totalizando 155 mil toneladas.<\/span><\/p>\n<p style=\"text-align: justify;\"><span style=\"color: #000000;\"><em><span style=\"color: #000080;\">\u201cOs principais segmentos que impulsionam o mercado de comp\u00f3sitos, como transportes, agroneg\u00f3cio, implementos rodovi\u00e1rios, constru\u00e7\u00e3o e gera\u00e7\u00e3o de energia e\u00f3lica, continuam atravessando uma fase de incertezas. E, mesmo nas \u00e1reas em que h\u00e1 alguma rea\u00e7\u00e3o, o movimento ainda \u00e9 bastante lento\u201d<\/span><\/em>, lamenta o presidente da ALMACO.<\/span><\/p>\n<p style=\"text-align: justify;\"><span style=\"color: #000000;\">Resultantes da combina\u00e7\u00e3o entre pol\u00edmeros e refor\u00e7os \u2013 por exemplo, fibras de vidro \u2013, os comp\u00f3sitos s\u00e3o conhecidos pelos elevados \u00edndices de resist\u00eancia mec\u00e2nica e qu\u00edmica, associados \u00e0 liberdade de design. H\u00e1 mais de 50 mil aplica\u00e7\u00f5es catalogadas em todo o mundo, de caixas d&#8217;\u00e1gua, tubos e p\u00e1s e\u00f3licas a pe\u00e7as de barcos, \u00f4nibus, trens e avi\u00f5es.<\/span><\/p>\n<p style=\"text-align: justify;\"><span style=\"color: #000000;\">Fundada em 1981, a ALMACO tem como miss\u00e3o representar, promover e fortalecer o desenvolvimento sustent\u00e1vel do mercado de comp\u00f3sitos. Com administra\u00e7\u00e3o central no Brasil e sedes regionais no Chile, Argentina e Col\u00f4mbia, a ALMACO tem cerca de 400 associados (empresas, entidades e estudantes) e mant\u00e9m, em conjunto com o Instituto de Pesquisas Tecnol\u00f3gicas (IPT), o Centro de Tecnologia em Comp\u00f3sitos (CETECOM), o maior do g\u00eanero na Am\u00e9rica Latina.<\/span><\/p>\n<p style=\"text-align: justify;\"><span style=\"color: #000000;\">Para mais informa\u00e7\u00f5es, acesse <span style=\"text-decoration: underline;\"><span style=\"color: #0000ff; text-decoration: underline;\">www.almaco.org.br<\/span><\/span><\/span><\/p>\n","protected":false},"excerpt":{"rendered":"<p>Resultado foi de R$ 2,550 bilh\u00f5es; previs\u00e3o para este ano \u00e9 de novo encolhimento Maio, 2017 &#8211; Em 2016, o setor brasileiro de materiais comp\u00f3sitos, um tipo de pl\u00e1stico de alta performance, faturou R$ 2,550 bilh\u00f5es, queda de 4% em compara\u00e7\u00e3o ao ano anterior. O consumo de mat\u00e9rias-primas diminuiu 1,3%, totalizando 159 mil toneladas. Em [&hellip;]<\/p>\n","protected":false},"author":1,"featured_media":0,"comment_status":"open","ping_status":"open","sticky":false,"template":"","format":"standard","meta":{"_uag_custom_page_level_css":"","footnotes":""},"categories":[33],"tags":[543,1043,2826,3856,4293,4299,7470,8930,10288,10605,11900],"class_list":["post-6056","post","type-post","status-publish","format-standard","hentry","category-mercado","tag-agronegocios","tag-associacao-latino-americana-de-materiais-compositos-almaco","tag-construcao-civil","tag-economia","tag-energia-eletrica","tag-energia-eolica","tag-mercado","tag-pior-resultado","tag-retracao-de-4","tag-saneamentocorrosao","tag-transportes"],"blocksy_meta":[],"spectra_blocks_featured_image_url":null,"spectra_blocks_author_info":{"display_name":"Jornal da Constru\u00e7\u00e3o Civil","avatar_url":"https:\/\/secure.gravatar.com\/avatar\/973c9774fd44ddaceb026973c4962faa70fc512bc4c9da68e8ebb40fecee6540?s=96&d=mm&r=g","author_link":"https:\/\/construcaocivil.siriusmarketingedesign.com.br\/?author=1","description":"Desde de 2013, levando muitas informa\u00e7\u00f5es, lan\u00e7amentos e produtos de qualidade para toda cadeia produtiva da constru\u00e7\u00e3o. O Futuro da constru\u00e7\u00e3o passa por aqui,"},"uagb_featured_image_src":{"full":false,"thumbnail":false,"medium":false,"medium_large":false,"large":false,"1536x1536":false,"2048x2048":false},"uagb_author_info":{"display_name":"Jornal da Constru\u00e7\u00e3o Civil","author_link":"https:\/\/construcaocivil.siriusmarketingedesign.com.br\/?author=1"},"uagb_comment_info":0,"uagb_excerpt":"Resultado foi de R$ 2,550 bilh\u00f5es; previs\u00e3o para este ano \u00e9 de novo encolhimento Maio, 2017 &#8211; Em 2016, o setor brasileiro de materiais comp\u00f3sitos, um tipo de pl\u00e1stico de alta performance, faturou R$ 2,550 bilh\u00f5es, queda de 4% em compara\u00e7\u00e3o ao ano anterior. O consumo de mat\u00e9rias-primas diminuiu 1,3%, totalizando 159 mil toneladas. Em&hellip;","_links":{"self":[{"href":"https:\/\/construcaocivil.siriusmarketingedesign.com.br\/index.php?rest_route=\/wp\/v2\/posts\/6056","targetHints":{"allow":["GET"]}}],"collection":[{"href":"https:\/\/construcaocivil.siriusmarketingedesign.com.br\/index.php?rest_route=\/wp\/v2\/posts"}],"about":[{"href":"https:\/\/construcaocivil.siriusmarketingedesign.com.br\/index.php?rest_route=\/wp\/v2\/types\/post"}],"author":[{"embeddable":true,"href":"https:\/\/construcaocivil.siriusmarketingedesign.com.br\/index.php?rest_route=\/wp\/v2\/users\/1"}],"replies":[{"embeddable":true,"href":"https:\/\/construcaocivil.siriusmarketingedesign.com.br\/index.php?rest_route=%2Fwp%2Fv2%2Fcomments&post=6056"}],"version-history":[{"count":0,"href":"https:\/\/construcaocivil.siriusmarketingedesign.com.br\/index.php?rest_route=\/wp\/v2\/posts\/6056\/revisions"}],"wp:attachment":[{"href":"https:\/\/construcaocivil.siriusmarketingedesign.com.br\/index.php?rest_route=%2Fwp%2Fv2%2Fmedia&parent=6056"}],"wp:term":[{"taxonomy":"category","embeddable":true,"href":"https:\/\/construcaocivil.siriusmarketingedesign.com.br\/index.php?rest_route=%2Fwp%2Fv2%2Fcategories&post=6056"},{"taxonomy":"post_tag","embeddable":true,"href":"https:\/\/construcaocivil.siriusmarketingedesign.com.br\/index.php?rest_route=%2Fwp%2Fv2%2Ftags&post=6056"}],"curies":[{"name":"wp","href":"https:\/\/api.w.org\/{rel}","templated":true}]}}