{"id":6082,"date":"2017-05-15T13:17:51","date_gmt":"2017-05-15T16:17:51","guid":{"rendered":"http:\/\/www.jornaldaconstrucaocivil.com.br\/?p=6082"},"modified":"2017-05-15T13:17:51","modified_gmt":"2017-05-15T16:17:51","slug":"industria-da-construcao-debate-com-representantes-dos-poderes-executivo-legislativo-e-judiciario-proposta-de-modernizacao-da-legislacao-trabalhista","status":"publish","type":"post","link":"https:\/\/construcaocivil.siriusmarketingedesign.com.br\/?p=6082","title":{"rendered":"Ind\u00fastria da Constru\u00e7\u00e3o debate com representantes dos poderes executivo, legislativo e judici\u00e1rio proposta de moderniza\u00e7\u00e3o da legisla\u00e7\u00e3o trabalhista"},"content":{"rendered":"<figure id=\"attachment_6083\" aria-describedby=\"caption-attachment-6083\" style=\"width: 409px\" class=\"wp-caption alignleft\"><a href=\"http:\/\/www.jornaldaconstrucaocivil.com.br\/wp-content\/uploads\/2017\/05\/CBIC-II.jpg\"><img loading=\"lazy\" decoding=\"async\" class=\"wp-image-6083\" src=\"http:\/\/www.jornaldaconstrucaocivil.com.br\/wp-content\/uploads\/2017\/05\/CBIC-II-1024x681.jpg\" alt=\"CBIC II\" width=\"409\" height=\"272\" \/><\/a><figcaption id=\"caption-attachment-6083\" class=\"wp-caption-text\">Painel sobre o tema ser\u00e1 realizado no pr\u00f3ximo dia 25 de maio pela Comiss\u00e3o de Pol\u00edticas e Rela\u00e7\u00f5es Trabalhistas da C\u00e2mara Brasileira da Ind\u00fastria da Constru\u00e7\u00e3o (CPRT\/CBIC), durante o 89\u00ba Encontro Nacional da Ind\u00fastria da Constru\u00e7\u00e3o (Enic)<\/figcaption><\/figure>\n<p style=\"text-align: justify;\"><span style=\"color: #000000;\"><span style=\"color: #993300;\">Maio, 2017<\/span> &#8211; Com o objetivo de colaborar com o debate nacional sobre a Reforma Trabalhista, a C\u00e2mara Brasileira da Ind\u00fastria da Constru\u00e7\u00e3o (CBIC) reunir\u00e1 neste m\u00eas, em Bras\u00edlia, representantes dos Poderes Executivo, Legislativo e Judici\u00e1rio para discutir com o setor da constru\u00e7\u00e3o a proposta de moderniza\u00e7\u00e3o da legisla\u00e7\u00e3o trabalhista (PLC 38\/2017), que tramita no Senado Federal, aprovada no \u00faltimo m\u00eas de abril pela C\u00e2mara dos Deputados (Projeto de Lei 6787\/16).<\/span><\/p>\n<p style=\"text-align: justify;\"><span style=\"color: #000000;\"> As contribui\u00e7\u00f5es do setor ser\u00e3o apresentadas no pr\u00f3ximo dia 25 de maio, durante o painel Moderniza\u00e7\u00e3o das Leis Trabalhistas \u2013 Contribui\u00e7\u00f5es da Constru\u00e7\u00e3o Civil, que ser\u00e1 realizado pela Comiss\u00e3o de Pol\u00edticas e Rela\u00e7\u00f5es Trabalhistas (CPRT) da CBIC, com a correaliza\u00e7\u00e3o do Sesi Nacional, por ocasi\u00e3o do 89\u00ba Encontro Nacional da Ind\u00fastria da Constru\u00e7\u00e3o (Enic). Para a CBIC, a reforma da legisla\u00e7\u00e3o trabalhista \u00e9 de grande relev\u00e2ncia para o Pa\u00eds e tamb\u00e9m para a constru\u00e7\u00e3o civil.<em><span style=\"color: #000080;\"> &#8220;\u00c9 um passo essencial no esfor\u00e7o para a constru\u00e7\u00e3o de um novo ambiente de neg\u00f3cios no Brasil. Combinada com a terceiriza\u00e7\u00e3o, que j\u00e1 foi sancionada, a moderniza\u00e7\u00e3o da CLT, que data de 1943, ter\u00e1 um impacto positivo sobre o mercado de trabalho e trar\u00e1 mais produtividade para as empresas&#8221;, avalia o presidente da entidade, Jos\u00e9 Carlos Martins. &#8220;A CBIC defende a aprova\u00e7\u00e3o total do texto nos termos do que foi aprovado pela C\u00e2mara dos Deputados&#8221;<\/span><\/em>, destaca.<\/span><\/p>\n<p style=\"text-align: justify;\">Fonte: Boletim CBIC<\/p>\n","protected":false},"excerpt":{"rendered":"<p>Maio, 2017 &#8211; Com o objetivo de colaborar com o debate nacional sobre a Reforma Trabalhista, a C\u00e2mara Brasileira da Ind\u00fastria da Constru\u00e7\u00e3o (CBIC) reunir\u00e1 neste m\u00eas, em Bras\u00edlia, representantes dos Poderes Executivo, Legislativo e Judici\u00e1rio para discutir com o setor da constru\u00e7\u00e3o a proposta de moderniza\u00e7\u00e3o da legisla\u00e7\u00e3o trabalhista (PLC 38\/2017), que tramita no [&hellip;]<\/p>\n","protected":false},"author":1,"featured_media":6083,"comment_status":"open","ping_status":"open","sticky":false,"template":"","format":"standard","meta":{"_uag_custom_page_level_css":"","footnotes":""},"categories":[27],"tags":[1535,1574,2029,2826,3856,4366,6026,6310,6558,10166,10965],"class_list":["post-6082","post","type-post","status-publish","format-standard","has-post-thumbnail","hentry","category-acontece","tag-brasil","tag-brasilia-df","tag-cbic","tag-construcao-civil","tag-economia","tag-enic-2017","tag-industria-da-construcao","tag-investimentos","tag-jose-carlos-martins-presidente-do-cbic","tag-relacoes-trabalhistas","tag-sesi-nacional"],"blocksy_meta":[],"spectra_blocks_featured_image_url":[],"spectra_blocks_author_info":{"display_name":"Jornal da Constru\u00e7\u00e3o Civil","avatar_url":"https:\/\/secure.gravatar.com\/avatar\/973c9774fd44ddaceb026973c4962faa70fc512bc4c9da68e8ebb40fecee6540?s=96&d=mm&r=g","author_link":"https:\/\/construcaocivil.siriusmarketingedesign.com.br\/?author=1","description":"Desde de 2013, levando muitas informa\u00e7\u00f5es, lan\u00e7amentos e produtos de qualidade para toda cadeia produtiva da constru\u00e7\u00e3o. O Futuro da constru\u00e7\u00e3o passa por aqui,"},"uagb_featured_image_src":{"full":false,"thumbnail":false,"medium":false,"medium_large":false,"large":false,"1536x1536":false,"2048x2048":false},"uagb_author_info":{"display_name":"Jornal da Constru\u00e7\u00e3o Civil","author_link":"https:\/\/construcaocivil.siriusmarketingedesign.com.br\/?author=1"},"uagb_comment_info":0,"uagb_excerpt":"Maio, 2017 &#8211; Com o objetivo de colaborar com o debate nacional sobre a Reforma Trabalhista, a C\u00e2mara Brasileira da Ind\u00fastria da Constru\u00e7\u00e3o (CBIC) reunir\u00e1 neste m\u00eas, em Bras\u00edlia, representantes dos Poderes Executivo, Legislativo e Judici\u00e1rio para discutir com o setor da constru\u00e7\u00e3o a proposta de moderniza\u00e7\u00e3o da legisla\u00e7\u00e3o trabalhista (PLC 38\/2017), que tramita no&hellip;","_links":{"self":[{"href":"https:\/\/construcaocivil.siriusmarketingedesign.com.br\/index.php?rest_route=\/wp\/v2\/posts\/6082","targetHints":{"allow":["GET"]}}],"collection":[{"href":"https:\/\/construcaocivil.siriusmarketingedesign.com.br\/index.php?rest_route=\/wp\/v2\/posts"}],"about":[{"href":"https:\/\/construcaocivil.siriusmarketingedesign.com.br\/index.php?rest_route=\/wp\/v2\/types\/post"}],"author":[{"embeddable":true,"href":"https:\/\/construcaocivil.siriusmarketingedesign.com.br\/index.php?rest_route=\/wp\/v2\/users\/1"}],"replies":[{"embeddable":true,"href":"https:\/\/construcaocivil.siriusmarketingedesign.com.br\/index.php?rest_route=%2Fwp%2Fv2%2Fcomments&post=6082"}],"version-history":[{"count":0,"href":"https:\/\/construcaocivil.siriusmarketingedesign.com.br\/index.php?rest_route=\/wp\/v2\/posts\/6082\/revisions"}],"wp:attachment":[{"href":"https:\/\/construcaocivil.siriusmarketingedesign.com.br\/index.php?rest_route=%2Fwp%2Fv2%2Fmedia&parent=6082"}],"wp:term":[{"taxonomy":"category","embeddable":true,"href":"https:\/\/construcaocivil.siriusmarketingedesign.com.br\/index.php?rest_route=%2Fwp%2Fv2%2Fcategories&post=6082"},{"taxonomy":"post_tag","embeddable":true,"href":"https:\/\/construcaocivil.siriusmarketingedesign.com.br\/index.php?rest_route=%2Fwp%2Fv2%2Ftags&post=6082"}],"curies":[{"name":"wp","href":"https:\/\/api.w.org\/{rel}","templated":true}]}}