{"id":6105,"date":"2017-05-16T16:27:47","date_gmt":"2017-05-16T19:27:47","guid":{"rendered":"http:\/\/www.jornaldaconstrucaocivil.com.br\/?p=6105"},"modified":"2021-07-31T23:02:52","modified_gmt":"2021-08-01T02:02:52","slug":"financiamentos-de-fundos-regionais-tem-alta-de-376","status":"publish","type":"post","link":"https:\/\/construcaocivil.siriusmarketingedesign.com.br\/?p=6105","title":{"rendered":"Financiamentos de Fundos Regionais t\u00eam alta de 37,6%"},"content":{"rendered":"<p style=\"text-align: justify;\"><span style=\"color: #000080;\"><em><strong>Resultado \u00e9 o melhor para primeiro trimestre desde 2010. Energias renov\u00e1veis puxaram crescimento de 354,6% no Nordeste<\/strong><\/em><\/span><\/p>\n<p style=\"text-align: justify;\"><span style=\"color: #000000;\"><span style=\"color: #993300;\">Bras\u00edlia-DF, 16\/5\/17<\/span> &#8211; Mais um indicador atesta a retomada da confian\u00e7a dos empres\u00e1rios no futuro da economia brasileira. Depois de o Banco Central divulgar alta de 1,12% no \u00edndice IBC-Br no primeiro trimestre deste ano e o Banco Nacional de Desenvolvimento Econ\u00f4mico e Social (BNDES) apontar, para o mesmo per\u00edodo, crescimento de at\u00e9 345% na contrata\u00e7\u00e3o de algumas de suas linhas de financiamento, os Fundos Constitucionais e de Desenvolvimento, administrados pelo Minist\u00e9rio da Integra\u00e7\u00e3o Nacional, tamb\u00e9m confirmam essa tend\u00eancia. Somente no primeiro trimestre de 2017, esses fundos registraram alta de 37,6% na procura e em contratos assinados para a libera\u00e7\u00e3o de financiamentos &#8211; melhor resultado dos \u00faltimos oito anos e o segundo melhor desde 2003. J\u00e1 foram R$ 5,28 bilh\u00f5es este ano em cr\u00e9ditos aprovados para projetos privados nos estados das regi\u00f5es Norte, Nordeste e Centro Oeste, contra R$ 3,83 bi no primeiro trimestre de 2016.<\/span><\/p>\n<p style=\"text-align: justify;\"><span style=\"color: #000000;\">Nos Fundos Constitucionais, destinados tanto a pequenos quanto a m\u00e9dios e grandes empres\u00e1rios, o cr\u00e9dito aprovado cresceu 47,8% no per\u00edodo com linhas de financiamentos para investimento de longo prazo, capital de giro e custeio. Os Fundos de Desenvolvimento costumam registrar, historicamente, maior movimento no segundo semestre. Isso porque, por contar com menos recursos dispon\u00edveis que os Fundos Constitucionais, os analistas preferem conhecer boa parte dos projetos antes de recomendar a libera\u00e7\u00e3o. Ainda assim, o crescimento foi de 11,9% no primeiro trimestre do ano na compara\u00e7\u00e3o com o mesmo per\u00edodo de 2016, puxados principalmente pelo Nordeste, com a retomada do financiamento das opera\u00e7\u00f5es no setor de energias renov\u00e1veis. Na regi\u00e3o, as solicita\u00e7\u00f5es de cr\u00e9dito dos fundos de desenvolvimento cresceram 354,6%.<\/span><\/p>\n<p style=\"text-align: justify;\"><span style=\"color: #000000;\">O Minist\u00e9rio da Integra\u00e7\u00e3o Nacional anunciou volume recorde de recursos disponibilizados aos fundos, que promovem o desenvolvimento das regi\u00f5es Norte, Nordeste e Centro-Oeste do pa\u00eds. Ser\u00e3o R$ 186,5 bilh\u00f5es para o quadri\u00eanio 2017-2020. A programa\u00e7\u00e3o financeira prev\u00ea a disponibilidade de R$ 44,2 bilh\u00f5es em 2017, um aumento de 31,5% em rela\u00e7\u00e3o a 2016. Para 2018, o montante previsto \u00e9 de R$ 47,2 bilh\u00f5es. Em 2019, R$ 47,1 bilh\u00f5es e, em 2020, atinge R$ 48 bilh\u00f5es. Os recursos v\u00e3o atender a projetos produtivos nos estados das tr\u00eas regi\u00f5es.<\/span><\/p>\n<p style=\"text-align: justify;\"><strong><span style=\"color: #000000;\">Fundos Constitucionais<\/span><\/strong><\/p>\n<p style=\"text-align: justify;\"><span style=\"color: #000000;\">Se comparados ao mesmo per\u00edodo do ano passado, o valor dos projetos aprovados com uso dos Fundos Constitucionais subiu de R$ 2,75 bilh\u00f5es para R$ 4 bilh\u00f5es. Na regi\u00e3o Centro-Oeste, o crescimento do FCO foi um dos melhores percentuais de crescimento registrados nos \u00faltimos anos e chegou a 159,3% (passando de R$ 503,6 milh\u00f5es em 2016 para R$ 1,3 bilh\u00e3o em 2017). Em seguida vem o Norte, com 60,7% (de R$ 425,5 milh\u00f5es para R$ 683,9 mi).<\/span><\/p>\n<p style=\"text-align: justify;\"><span style=\"color: #000000;\">A ascens\u00e3o no Centro-Oeste se deve especialmente ao volume de contrata\u00e7\u00f5es no setor agropecu\u00e1rio, que obteve um crescimento de 121,9% em rela\u00e7\u00e3o ao primeiro trimestre de 2016, passando de R$ 477,3 milh\u00f5es para R$ 1,06 bilh\u00e3o em 2017. A regi\u00e3o tamb\u00e9m obteve o melhor resultado em rela\u00e7\u00e3o \u00e0s linhas de financiamento para empresas e empreendedores n\u00e3o rurais, alcan\u00e7ando um crescimento de 839,2% em rela\u00e7\u00e3o aos tr\u00eas primeiros meses do ano passado.<\/span><\/p>\n<p style=\"text-align: justify;\"><span style=\"color: #000000;\">Crescimento significativo tamb\u00e9m pode ser percebido na regi\u00e3o Norte, onde o incremento do Fundo Constitucional (FNO) chegou a 60,7% (de R$ 425,5 milh\u00f5es para R$ 683,9 milh\u00f5es). As demandas do setor rural tiveram crescimento de 30%, passando de R$ 336,9 milh\u00f5es para R$ 437,9 mi. Por\u00e9m, os demais setores tiveram aumento ainda maior no primeiro trimestre, alcan\u00e7ando 177,7% a mais que em 2016.<\/span><\/p>\n<p style=\"text-align: justify;\"><span style=\"color: #000000;\">No Nordeste, o Fundo Constitucional (FNE) cresceu 13,9% no per\u00edodo (de R$ 1,8 bilh\u00e3o em 2016 para R$ 2 bilh\u00f5es este ano). Nos segmentos urbanos, especialmente ind\u00fastria, turismo, com\u00e9rcio, servi\u00e7os e infraestrutura, a amplia\u00e7\u00e3o na regi\u00e3o foi ainda maior, chegando a 49,6% &#8211; de R$ 746 milh\u00f5es para R$ 1,1 bi.<\/span><\/p>\n<p style=\"text-align: justify;\"><span style=\"color: #000000;\"><span style=\"color: #000080;\"><em>\u201cOs Fundos Constitucionais, em fun\u00e7\u00e3o de seus atrativos, v\u00eam dando uma contribui\u00e7\u00e3o significativa na melhoria dos indicadores. Os n\u00fameros de 2017 mostram que h\u00e1 uma retomada da confian\u00e7a do empresariado no crescimento da economia\u201d<\/em><\/span>, afirma o ministro da Integra\u00e7\u00e3o Nacional, Helder Barbalho.<\/span><\/p>\n<p style=\"text-align: justify;\"><span style=\"color: #000000;\">Um dos beneficiados pelos Fundos Constitucionais \u00e9 Vilberto Vanazzi, produtor rural em Luzi\u00e2nia (GO). Ele come\u00e7ou a plantar em um espa\u00e7o de 120 hectares e, hoje, com o apoio do FCO, atua em mais de 2.300 hectares e tem 13 funcion\u00e1rios para auxiliar o trabalho do dia-a-dia.<span style=\"color: #000080;\"><em> \u201cCom o cr\u00e9dito do FCO foi poss\u00edvel adquirir caminh\u00e3o, colheitadeira, pulverizador, silo de armazenamento e financiar 400 hectares de irriga\u00e7\u00e3o. Estou muito satisfeito com os primeiros resultados. Espero que esse espa\u00e7o fique aberto para que eu possa fazer ainda mais investimentos\u201d<\/em><\/span>, afirmou o produtor rural.<\/span><\/p>\n<p style=\"text-align: justify;\">Fonte: Imprensa\/MI<\/p>\n","protected":false},"excerpt":{"rendered":"<p>Resultado \u00e9 o melhor para primeiro trimestre desde 2010. Energias renov\u00e1veis puxaram crescimento de 354,6% no Nordeste Bras\u00edlia-DF, 16\/5\/17 &#8211; Mais um indicador atesta a retomada da confian\u00e7a dos empres\u00e1rios no futuro da economia brasileira. Depois de o Banco Central divulgar alta de 1,12% no \u00edndice IBC-Br no primeiro trimestre deste ano e o Banco [&hellip;]<\/p>\n","protected":false},"author":1,"featured_media":17053,"comment_status":"open","ping_status":"open","sticky":false,"template":"","format":"standard","meta":{"_uag_custom_page_level_css":"","footnotes":""},"categories":[33],"tags":[1464,2079,3856,4324,5295,5299,7470,7709,7755,8144,8170,9481,10114],"class_list":["post-6105","post","type-post","status-publish","format-standard","has-post-thumbnail","hentry","category-mercado","tag-bndes","tag-centro-oeste","tag-economia","tag-energias-renovaveis","tag-fundos-constitucionais","tag-fundos-regionais","tag-mercado","tag-ministerio-da-integracao-nacional","tag-ministro-helder-barbalho","tag-nordeste","tag-norte","tag-produtor-rural","tag-regiao-norte"],"blocksy_meta":[],"spectra_blocks_featured_image_url":{"thumbnail":{"url":"https:\/\/construcaocivil.siriusmarketingedesign.com.br\/wp-content\/uploads\/2017\/05\/FNDE-150x150.jpg","width":150,"height":150},"medium":{"url":"https:\/\/construcaocivil.siriusmarketingedesign.com.br\/wp-content\/uploads\/2017\/05\/FNDE-300x225.jpg","width":300,"height":225},"medium_large":{"url":"https:\/\/construcaocivil.siriusmarketingedesign.com.br\/wp-content\/uploads\/2017\/05\/FNDE.jpg","width":590,"height":443},"large":{"url":"https:\/\/construcaocivil.siriusmarketingedesign.com.br\/wp-content\/uploads\/2017\/05\/FNDE.jpg","width":590,"height":443},"full":{"url":"https:\/\/construcaocivil.siriusmarketingedesign.com.br\/wp-content\/uploads\/2017\/05\/FNDE.jpg","width":590,"height":443}},"spectra_blocks_author_info":{"display_name":"Jornal da Constru\u00e7\u00e3o Civil","avatar_url":"https:\/\/secure.gravatar.com\/avatar\/973c9774fd44ddaceb026973c4962faa70fc512bc4c9da68e8ebb40fecee6540?s=96&d=mm&r=g","author_link":"https:\/\/construcaocivil.siriusmarketingedesign.com.br\/?author=1","description":"Desde de 2013, levando muitas informa\u00e7\u00f5es, lan\u00e7amentos e produtos de qualidade para toda cadeia produtiva da constru\u00e7\u00e3o. O Futuro da constru\u00e7\u00e3o passa por aqui,"},"uagb_featured_image_src":{"full":["https:\/\/construcaocivil.siriusmarketingedesign.com.br\/wp-content\/uploads\/2017\/05\/FNDE.jpg",590,443,false],"thumbnail":["https:\/\/construcaocivil.siriusmarketingedesign.com.br\/wp-content\/uploads\/2017\/05\/FNDE-150x150.jpg",150,150,true],"medium":["https:\/\/construcaocivil.siriusmarketingedesign.com.br\/wp-content\/uploads\/2017\/05\/FNDE-300x225.jpg",300,225,true],"medium_large":["https:\/\/construcaocivil.siriusmarketingedesign.com.br\/wp-content\/uploads\/2017\/05\/FNDE.jpg",590,443,false],"large":["https:\/\/construcaocivil.siriusmarketingedesign.com.br\/wp-content\/uploads\/2017\/05\/FNDE.jpg",590,443,false],"1536x1536":["https:\/\/construcaocivil.siriusmarketingedesign.com.br\/wp-content\/uploads\/2017\/05\/FNDE.jpg",590,443,false],"2048x2048":["https:\/\/construcaocivil.siriusmarketingedesign.com.br\/wp-content\/uploads\/2017\/05\/FNDE.jpg",590,443,false]},"uagb_author_info":{"display_name":"Jornal da Constru\u00e7\u00e3o Civil","author_link":"https:\/\/construcaocivil.siriusmarketingedesign.com.br\/?author=1"},"uagb_comment_info":0,"uagb_excerpt":"Resultado \u00e9 o melhor para primeiro trimestre desde 2010. Energias renov\u00e1veis puxaram crescimento de 354,6% no Nordeste Bras\u00edlia-DF, 16\/5\/17 &#8211; Mais um indicador atesta a retomada da confian\u00e7a dos empres\u00e1rios no futuro da economia brasileira. Depois de o Banco Central divulgar alta de 1,12% no \u00edndice IBC-Br no primeiro trimestre deste ano e o Banco&hellip;","_links":{"self":[{"href":"https:\/\/construcaocivil.siriusmarketingedesign.com.br\/index.php?rest_route=\/wp\/v2\/posts\/6105","targetHints":{"allow":["GET"]}}],"collection":[{"href":"https:\/\/construcaocivil.siriusmarketingedesign.com.br\/index.php?rest_route=\/wp\/v2\/posts"}],"about":[{"href":"https:\/\/construcaocivil.siriusmarketingedesign.com.br\/index.php?rest_route=\/wp\/v2\/types\/post"}],"author":[{"embeddable":true,"href":"https:\/\/construcaocivil.siriusmarketingedesign.com.br\/index.php?rest_route=\/wp\/v2\/users\/1"}],"replies":[{"embeddable":true,"href":"https:\/\/construcaocivil.siriusmarketingedesign.com.br\/index.php?rest_route=%2Fwp%2Fv2%2Fcomments&post=6105"}],"version-history":[{"count":0,"href":"https:\/\/construcaocivil.siriusmarketingedesign.com.br\/index.php?rest_route=\/wp\/v2\/posts\/6105\/revisions"}],"wp:featuredmedia":[{"embeddable":true,"href":"https:\/\/construcaocivil.siriusmarketingedesign.com.br\/index.php?rest_route=\/wp\/v2\/media\/17053"}],"wp:attachment":[{"href":"https:\/\/construcaocivil.siriusmarketingedesign.com.br\/index.php?rest_route=%2Fwp%2Fv2%2Fmedia&parent=6105"}],"wp:term":[{"taxonomy":"category","embeddable":true,"href":"https:\/\/construcaocivil.siriusmarketingedesign.com.br\/index.php?rest_route=%2Fwp%2Fv2%2Fcategories&post=6105"},{"taxonomy":"post_tag","embeddable":true,"href":"https:\/\/construcaocivil.siriusmarketingedesign.com.br\/index.php?rest_route=%2Fwp%2Fv2%2Ftags&post=6105"}],"curies":[{"name":"wp","href":"https:\/\/api.w.org\/{rel}","templated":true}]}}