{"id":6115,"date":"2017-05-17T21:24:02","date_gmt":"2017-05-18T00:24:02","guid":{"rendered":"http:\/\/www.jornaldaconstrucaocivil.com.br\/?p=6115"},"modified":"2017-05-17T21:24:02","modified_gmt":"2017-05-18T00:24:02","slug":"presidente-temer-e-flagrado-dando-aval-para-compra-do-silencio-de-eduardo-cunha-e-funaro-ambos-envolvidos-presos-na-operacao-lava-jato","status":"publish","type":"post","link":"https:\/\/construcaocivil.siriusmarketingedesign.com.br\/?p=6115","title":{"rendered":"Presidente TEMER  \u00e9 flagrado dando aval para compra do sil\u00eancio de Eduardo Cunha e Funaro, ambos envolvidos presos na opera\u00e7\u00e3o Lava Jato."},"content":{"rendered":"<p style=\"text-align: justify;\"><a href=\"http:\/\/www.jornaldaconstrucaocivil.com.br\/wp-content\/uploads\/2017\/05\/TEMER-II.jpg\"><img loading=\"lazy\" decoding=\"async\" class=\"wp-image-6119 alignleft\" src=\"http:\/\/www.jornaldaconstrucaocivil.com.br\/wp-content\/uploads\/2017\/05\/TEMER-II.jpg\" alt=\"TEMER II\" width=\"339\" height=\"204\" \/><\/a><\/p>\n<p style=\"text-align: justify;\"><span style=\"color: #000000;\"><span style=\"color: #993300;\">Rio, maio, 2017<\/span> &#8211; Parece que ainda n\u00e3o chegamos ao fundo po\u00e7o. Com as grava\u00e7\u00f5es do \u00e1udio divulgado hoje(17), pelo Jornal O Globo, a credibilidade do governo TEMER que era p\u00edfia tende a piorar daqui pra frente. \u00a0<\/span><\/p>\n<p style=\"text-align: justify;\"><span style=\"color: #000000;\">Hoje em Bras\u00edlia, executivos e \u00a0o dono da JBS, umas das maiores empresa brasileira do setor \u00a0alimentos, que \u00e9 investigada na Opera\u00e7\u00e3o Lava Jato por corrup\u00e7\u00e3o, estiveram dando depoimento para o Ministro do Supremo Tribunal Federal Edson Fachin, relatando diversas a\u00e7\u00f5es criminosas ocorridas recentemente nos governos Dilma e Temer, al\u00e9m de denunciar o Senador A\u00e9cio Neves, de Minas Gerais, por solicita\u00e7\u00e3o de R$ 2 milh\u00f5es.\u00a0<\/span><\/p>\n<p style=\"text-align: justify;\"><span style=\"color: #000000;\">De acordo com informa\u00e7\u00f5es do Jornal O Globo, os irm\u00e3os Joesley e Wesley Batista e outras cinco pessoas tentam fechar um acordo de dela\u00e7\u00e3o premiada com o Minist\u00e9rio P\u00fablico e para isso, apresentaram v\u00e1rias grava\u00e7\u00f5es aos procuradores. No caso mais grave, os irm\u00e3os mostram uma conversa gravada, do presidente Michel Temer com Joesley, indicando o deputado Rodrigo Rocha Loures, do PMDB do Paran\u00e1, para resolver, no governo, um assunto da empresa J&amp;F a pedido de Temer.<\/span><\/p>\n<p><span style=\"color: #000000;\">\u00c9 um desses assuntos, Joesley Bastista diz ao presidente Michel Temer que est\u00e1 pagando pelo sil\u00eancio do ex-deputado Eduardo Cunha.<\/span><\/p>\n<p style=\"text-align: justify;\"><span style=\"color: #000000;\">Segue \u00e1udio do Jornal O Globo:<\/span><\/p>\n<p><iframe loading=\"lazy\" title=\"\u00c1udio vasado do Michel Temer\" width=\"1290\" height=\"726\" src=\"https:\/\/www.youtube.com\/embed\/N2WjD33IpSQ?feature=oembed\" frameborder=\"0\" allow=\"accelerometer; autoplay; clipboard-write; encrypted-media; gyroscope; picture-in-picture; web-share\" referrerpolicy=\"strict-origin-when-cross-origin\" allowfullscreen><\/iframe><\/p>\n","protected":false},"excerpt":{"rendered":"<p>Rio, maio, 2017 &#8211; Parece que ainda n\u00e3o chegamos ao fundo po\u00e7o. Com as grava\u00e7\u00f5es do \u00e1udio divulgado hoje(17), pelo Jornal O Globo, a credibilidade do governo TEMER que era p\u00edfia tende a piorar daqui pra frente. \u00a0 Hoje em Bras\u00edlia, executivos e \u00a0o dono da JBS, umas das maiores empresa brasileira do setor \u00a0alimentos, [&hellip;]<\/p>\n","protected":false},"author":1,"featured_media":6119,"comment_status":"open","ping_status":"open","sticky":false,"template":"","format":"standard","meta":{"_uag_custom_page_level_css":"","footnotes":""},"categories":[27],"tags":[1535,2567,3101,3486,3856,5946,6487,8460,8598,8801,8816,9449,10279],"class_list":["post-6115","post","type-post","status-publish","format-standard","has-post-thumbnail","hentry","category-acontece","tag-brasil","tag-compra-de-silencio-eduardo-cunha","tag-corrupcao","tag-desconfianca-do-mercado","tag-economia","tag-impeachment","tag-jbs","tag-operacao-lava-jato","tag-palacio-do-planalto","tag-perda-de-credibilidade","tag-perigo-real-de-perda-confianca","tag-procuradoria-geral-da-republica","tag-retomada-do-crescimento"],"blocksy_meta":[],"spectra_blocks_featured_image_url":[],"spectra_blocks_author_info":{"display_name":"Jornal da Constru\u00e7\u00e3o Civil","avatar_url":"https:\/\/secure.gravatar.com\/avatar\/973c9774fd44ddaceb026973c4962faa70fc512bc4c9da68e8ebb40fecee6540?s=96&d=mm&r=g","author_link":"https:\/\/construcaocivil.siriusmarketingedesign.com.br\/?author=1","description":"Desde de 2013, levando muitas informa\u00e7\u00f5es, lan\u00e7amentos e produtos de qualidade para toda cadeia produtiva da constru\u00e7\u00e3o. O Futuro da constru\u00e7\u00e3o passa por aqui,"},"uagb_featured_image_src":{"full":false,"thumbnail":false,"medium":false,"medium_large":false,"large":false,"1536x1536":false,"2048x2048":false},"uagb_author_info":{"display_name":"Jornal da Constru\u00e7\u00e3o Civil","author_link":"https:\/\/construcaocivil.siriusmarketingedesign.com.br\/?author=1"},"uagb_comment_info":0,"uagb_excerpt":"Rio, maio, 2017 &#8211; Parece que ainda n\u00e3o chegamos ao fundo po\u00e7o. Com as grava\u00e7\u00f5es do \u00e1udio divulgado hoje(17), pelo Jornal O Globo, a credibilidade do governo TEMER que era p\u00edfia tende a piorar daqui pra frente. \u00a0 Hoje em Bras\u00edlia, executivos e \u00a0o dono da JBS, umas das maiores empresa brasileira do setor \u00a0alimentos,&hellip;","_links":{"self":[{"href":"https:\/\/construcaocivil.siriusmarketingedesign.com.br\/index.php?rest_route=\/wp\/v2\/posts\/6115","targetHints":{"allow":["GET"]}}],"collection":[{"href":"https:\/\/construcaocivil.siriusmarketingedesign.com.br\/index.php?rest_route=\/wp\/v2\/posts"}],"about":[{"href":"https:\/\/construcaocivil.siriusmarketingedesign.com.br\/index.php?rest_route=\/wp\/v2\/types\/post"}],"author":[{"embeddable":true,"href":"https:\/\/construcaocivil.siriusmarketingedesign.com.br\/index.php?rest_route=\/wp\/v2\/users\/1"}],"replies":[{"embeddable":true,"href":"https:\/\/construcaocivil.siriusmarketingedesign.com.br\/index.php?rest_route=%2Fwp%2Fv2%2Fcomments&post=6115"}],"version-history":[{"count":0,"href":"https:\/\/construcaocivil.siriusmarketingedesign.com.br\/index.php?rest_route=\/wp\/v2\/posts\/6115\/revisions"}],"wp:attachment":[{"href":"https:\/\/construcaocivil.siriusmarketingedesign.com.br\/index.php?rest_route=%2Fwp%2Fv2%2Fmedia&parent=6115"}],"wp:term":[{"taxonomy":"category","embeddable":true,"href":"https:\/\/construcaocivil.siriusmarketingedesign.com.br\/index.php?rest_route=%2Fwp%2Fv2%2Fcategories&post=6115"},{"taxonomy":"post_tag","embeddable":true,"href":"https:\/\/construcaocivil.siriusmarketingedesign.com.br\/index.php?rest_route=%2Fwp%2Fv2%2Ftags&post=6115"}],"curies":[{"name":"wp","href":"https:\/\/api.w.org\/{rel}","templated":true}]}}