{"id":6143,"date":"2017-05-18T20:26:08","date_gmt":"2017-05-18T23:26:08","guid":{"rendered":"http:\/\/www.jornaldaconstrucaocivil.com.br\/?p=6143"},"modified":"2017-05-18T20:26:08","modified_gmt":"2017-05-18T23:26:08","slug":"ministra-eliana-calmon-participa-de-painel-direcionado-a-jovens-liderancas-do-setor-sobre-etica-e-compliance-na-construcao-durante-o-89o-enic","status":"publish","type":"post","link":"https:\/\/construcaocivil.siriusmarketingedesign.com.br\/?p=6143","title":{"rendered":"Ministra Eliana Calmon participa de painel direcionado a jovens lideran\u00e7as do setor sobre \u00c9tica e Compliance na Constru\u00e7\u00e3o durante o 89\u00ba ENIC."},"content":{"rendered":"<p style=\"text-align: justify;\"><a href=\"http:\/\/www.jornaldaconstrucaocivil.com.br\/wp-content\/uploads\/2017\/05\/MINISTRA.jpg\"><img loading=\"lazy\" decoding=\"async\" class=\"wp-image-6144 alignleft\" src=\"http:\/\/www.jornaldaconstrucaocivil.com.br\/wp-content\/uploads\/2017\/05\/MINISTRA.jpg\" alt=\"MINISTRA\" width=\"297\" height=\"198\" \/><\/a><\/p>\n<p style=\"text-align: justify;\"><span style=\"color: #000000;\"><span style=\"color: #993300;\">Maio, 2017<\/span> &#8211; No pr\u00f3ximo dia 25 de maio, das 16h \u00e0s 18h, no Centro de Eventos e Conven\u00e7\u00f5es do Brasil 21, em Bras\u00edlia, as jovens lideran\u00e7as de diferentes estados brasileiros, que integram o CBIC Jovem, bem como os participantes do 89\u00ba Encontro Nacional da Ind\u00fastria da Constru\u00e7\u00e3o (Enic), ter\u00e3o a oportunidade de ouvir a jurista e ministra do Superior Tribunal de Justi\u00e7a (STJ), Eliana Calmon; o economista e s\u00f3cio da GO Associados, Gesner Oliveira, e o cientista pol\u00edtico Leonardo Barreto sobre o tema \u00c9tica &amp; Compliance na Constru\u00e7\u00e3o. O painel ser\u00e1 realizado pelo F\u00f3rum de A\u00e7\u00e3o Social e Cidadania da C\u00e2mara Brasileira da Ind\u00fastria da Constru\u00e7\u00e3o (Fasc\/CBIC), com a correaliza\u00e7\u00e3o do Sesi Nacional. <\/span><\/p>\n<p style=\"text-align: justify;\"><span style=\"color: #000000;\">O objetivo \u00e9 apresentar a esses futuros l\u00edderes o projeto de \u00c9tica &amp; Compliance na Constru\u00e7\u00e3o da CBIC, que j\u00e1\u00a0 passou por cidades como Salvador (BA), Rio de Janeiro (RJ), S\u00e3o Lu\u00eds (MA), Porto Alegre (RS), Jo\u00e3o Pessoa (PB), Recife (PE), S\u00e3o Paulo (SP), Alagoas (MA) e Fortaleza (CE). De acordo com a presidente do Fasc\/CBIC, Ana Claudia Gomes, a ideia \u00e9 disseminar o tema entre as empresas da constru\u00e7\u00e3o e apoi\u00e1-las para que possam estruturar seus pr\u00f3prios sistemas internos de Compliance. Para acompanhar as discuss\u00f5es, basta se inscrever no 89\u00ba Enic.<\/span><\/p>\n<p style=\"text-align: justify;\"><span style=\"color: #000000;\">Confira<\/span><span style=\"text-decoration: underline;\"><span style=\"color: #0000ff; text-decoration: underline;\">\u00a0<a style=\"color: #0000ff; text-decoration: underline;\" href=\"http:\/\/cbic.us11.list-manage.com\/track\/click?u=0a0e557e1f19bd31aef34f334&amp;id=b92e91387a&amp;e=8c553587bc\" target=\"_blank\" rel=\"noreferrer\">v\u00eddeo<\/a>\u00a0<\/span><\/span><span style=\"color: #000000;\">promocional do Enic Bras\u00edlia 2017\u00a0<\/span><\/p>\n<p style=\"text-align: justify;\">Fonte: Boletim CBIC<\/p>\n","protected":false},"excerpt":{"rendered":"<p>Maio, 2017 &#8211; No pr\u00f3ximo dia 25 de maio, das 16h \u00e0s 18h, no Centro de Eventos e Conven\u00e7\u00f5es do Brasil 21, em Bras\u00edlia, as jovens lideran\u00e7as de diferentes estados brasileiros, que integram o CBIC Jovem, bem como os participantes do 89\u00ba Encontro Nacional da Ind\u00fastria da Constru\u00e7\u00e3o (Enic), ter\u00e3o a oportunidade de ouvir a [&hellip;]<\/p>\n","protected":false},"author":1,"featured_media":6144,"comment_status":"open","ping_status":"open","sticky":false,"template":"","format":"standard","meta":{"_uag_custom_page_level_css":"","footnotes":""},"categories":[27],"tags":[255,1574,2029,2550,4663,5203,7741,10965],"class_list":["post-6143","post","type-post","status-publish","format-standard","has-post-thumbnail","hentry","category-acontece","tag-89o-enic","tag-brasilia-df","tag-cbic","tag-compliance","tag-etica-compliance-na-construcao","tag-forum-de-acao-social-e-cidadania-da-camara-brasileira-da-industria-da-construcao-fasccbic","tag-ministra-eliana-calmon","tag-sesi-nacional"],"blocksy_meta":[],"spectra_blocks_featured_image_url":[],"spectra_blocks_author_info":{"display_name":"Jornal da Constru\u00e7\u00e3o Civil","avatar_url":"https:\/\/secure.gravatar.com\/avatar\/973c9774fd44ddaceb026973c4962faa70fc512bc4c9da68e8ebb40fecee6540?s=96&d=mm&r=g","author_link":"https:\/\/construcaocivil.siriusmarketingedesign.com.br\/?author=1","description":"Desde de 2013, levando muitas informa\u00e7\u00f5es, lan\u00e7amentos e produtos de qualidade para toda cadeia produtiva da constru\u00e7\u00e3o. O Futuro da constru\u00e7\u00e3o passa por aqui,"},"uagb_featured_image_src":{"full":false,"thumbnail":false,"medium":false,"medium_large":false,"large":false,"1536x1536":false,"2048x2048":false},"uagb_author_info":{"display_name":"Jornal da Constru\u00e7\u00e3o Civil","author_link":"https:\/\/construcaocivil.siriusmarketingedesign.com.br\/?author=1"},"uagb_comment_info":0,"uagb_excerpt":"Maio, 2017 &#8211; No pr\u00f3ximo dia 25 de maio, das 16h \u00e0s 18h, no Centro de Eventos e Conven\u00e7\u00f5es do Brasil 21, em Bras\u00edlia, as jovens lideran\u00e7as de diferentes estados brasileiros, que integram o CBIC Jovem, bem como os participantes do 89\u00ba Encontro Nacional da Ind\u00fastria da Constru\u00e7\u00e3o (Enic), ter\u00e3o a oportunidade de ouvir a&hellip;","_links":{"self":[{"href":"https:\/\/construcaocivil.siriusmarketingedesign.com.br\/index.php?rest_route=\/wp\/v2\/posts\/6143","targetHints":{"allow":["GET"]}}],"collection":[{"href":"https:\/\/construcaocivil.siriusmarketingedesign.com.br\/index.php?rest_route=\/wp\/v2\/posts"}],"about":[{"href":"https:\/\/construcaocivil.siriusmarketingedesign.com.br\/index.php?rest_route=\/wp\/v2\/types\/post"}],"author":[{"embeddable":true,"href":"https:\/\/construcaocivil.siriusmarketingedesign.com.br\/index.php?rest_route=\/wp\/v2\/users\/1"}],"replies":[{"embeddable":true,"href":"https:\/\/construcaocivil.siriusmarketingedesign.com.br\/index.php?rest_route=%2Fwp%2Fv2%2Fcomments&post=6143"}],"version-history":[{"count":0,"href":"https:\/\/construcaocivil.siriusmarketingedesign.com.br\/index.php?rest_route=\/wp\/v2\/posts\/6143\/revisions"}],"wp:attachment":[{"href":"https:\/\/construcaocivil.siriusmarketingedesign.com.br\/index.php?rest_route=%2Fwp%2Fv2%2Fmedia&parent=6143"}],"wp:term":[{"taxonomy":"category","embeddable":true,"href":"https:\/\/construcaocivil.siriusmarketingedesign.com.br\/index.php?rest_route=%2Fwp%2Fv2%2Fcategories&post=6143"},{"taxonomy":"post_tag","embeddable":true,"href":"https:\/\/construcaocivil.siriusmarketingedesign.com.br\/index.php?rest_route=%2Fwp%2Fv2%2Ftags&post=6143"}],"curies":[{"name":"wp","href":"https:\/\/api.w.org\/{rel}","templated":true}]}}