{"id":6146,"date":"2017-05-18T20:38:11","date_gmt":"2017-05-18T23:38:11","guid":{"rendered":"http:\/\/www.jornaldaconstrucaocivil.com.br\/?p=6146"},"modified":"2017-05-18T20:38:11","modified_gmt":"2017-05-18T23:38:11","slug":"alvara-na-hora-comeca-a-ser-implantado-no-rio-de-janeiro","status":"publish","type":"post","link":"https:\/\/construcaocivil.siriusmarketingedesign.com.br\/?p=6146","title":{"rendered":"&#8220;Alvar\u00e1 na Hora&#8221; come\u00e7a a ser implantado no Rio de Janeiro"},"content":{"rendered":"<p style=\"text-align: justify;\"><span style=\"color: #000080;\"><em><strong>Programa, criado em Belo Horizonte,\u00a0 reduz o prazo de licenciamento de empreendimentos de mais de seis meses para uma semana, j\u00e1 est\u00e1 em processo de implanta\u00e7\u00e3o na capital carioca e ser\u00e1 levado para outras cidades brasileiras<\/strong><\/em><\/span><\/p>\n<figure id=\"attachment_6147\" aria-describedby=\"caption-attachment-6147\" style=\"width: 366px\" class=\"wp-caption alignleft\"><a href=\"http:\/\/www.jornaldaconstrucaocivil.com.br\/wp-content\/uploads\/2017\/05\/BB-Andre-de-Sousa-Lima-Campos.jpg\"><img loading=\"lazy\" decoding=\"async\" class=\"wp-image-6147\" src=\"http:\/\/www.jornaldaconstrucaocivil.com.br\/wp-content\/uploads\/2017\/05\/BB-Andre-de-Sousa-Lima-Campos.jpg\" alt=\"Andre de Sousa Lima Campos\" width=\"366\" height=\"243\" \/><\/a><figcaption id=\"caption-attachment-6147\" class=\"wp-caption-text\"><span style=\"color: #993300;\">Andre de Sousa Lima Campos, Presidente Sinduscon-MG. <\/span><\/figcaption><\/figure>\n<p style=\"text-align: justify;\"><span style=\"color: #000000;\"><span style=\"color: #993300;\">Maio, 2017<\/span> &#8211; Com o objetivo de fomentar o desenvolvimento do setor da constru\u00e7\u00e3o civil, o Sindicato da Ind\u00fastria da Constru\u00e7\u00e3o Civil no Estado de Minas Gerais (Sinduscon-MG) tem ampliado seu relacionamento com os sindicatos de todo o Brasil. Recententemente, est\u00e1 liderando um projeto para levar o Programa Alvar\u00e1 na Hora para diversas cidades brasileiras. Considerado um marco na desburocratiza\u00e7\u00e3o para a constru\u00e7\u00e3o civil de Belo Horizonte, o projeto revolucionou o processo de licenciamento de edifica\u00e7\u00f5es na capital mineira ao reduzir para at\u00e9 sete dias um processo que chegava a demorar mais de seis meses.<\/span><\/p>\n<p style=\"text-align: justify;\"><span style=\"color: #000000;\">Em fase avan\u00e7ada no Rio de Janeiro (RJ), a expectativa \u00e9 de que, j\u00e1 no segundo semestre deste ano, o Alvar\u00e1 na Hora esteja em pleno funcionamento. O programa est\u00e1 sendo implantando em parceria com o Sinduscon-RJ, a Ademi (Associa\u00e7\u00e3o de Dirigentes de Empresas do Mercado Imobili\u00e1rio) e a prefeitura da cidade.<\/span><\/p>\n<p style=\"text-align: justify;\"><span style=\"color: #000000;\"><em><span style=\"color: #000080;\">&#8220;O setor da constru\u00e7\u00e3o civil \u00e9 muito forte, tendo sempre empres\u00e1rios, gestores e empresas de refer\u00eancia. Nesse contexto, o Sinduscon-MG foi um agente decisivo ao reunir lideran\u00e7as de v\u00e1rios Estados brasileiros com o objetivo de sempre melhorar o ambiente de neg\u00f3cios, com iniciativas que aumentem a produtividade, a efici\u00eancia e a sustentabilidade das empresas que atuam no segmento&#8221;<\/span><\/em>, destaca o presidente do Sinduscon-MG, Andre de Sousa Lima Campos.<\/span><\/p>\n<p style=\"text-align: justify;\"><span style=\"color: #000000;\">Na capital fluminense, o modelo foi baseado no programa de Belo Horizonte e teve o seu atendimento ampliado, como explica a consultora Imobili\u00e1ria Urban\u00edstica do Sinduscon-MG, Branca Macahubas Cheib. <em><span style=\"color: #000080;\">&#8220;Enquanto aqui optamos por atender inicialmente empreendimentos comuns, o Rio de Janeiro j\u00e1 vai iniciar sua opera\u00e7\u00e3o incluindo tamb\u00e9m os empreendimentos com impacto ambiental ou urban\u00edstico. Todos os fluxos burocr\u00e1ticos ser\u00e3o contemplados e agilizados pelo Alvar\u00e1 na Hora&#8221;<\/span><\/em>, explica.<\/span><\/p>\n<p style=\"text-align: justify;\"><span style=\"color: #000000;\">Al\u00e9m do Rio de Janeiro, entidades de S\u00e3o Paulo, Santa Catarina e Esp\u00edrito Santo j\u00e1 demonstraram interesse pelo programa e est\u00e3o em di\u00e1logo com o Sinduscon-MG para sua implanta\u00e7\u00e3o.<span style=\"color: #000080;\"><em> &#8220;Em todas as cidades que apresentamos o case do projeto, a receptividade tem sido excelente; a percep\u00e7\u00e3o un\u00e2nime \u00e9 de que os pr\u00f3prios servidores p\u00fablicos anseiam por essa melhoria. Vamos continuar construindo essas pontes, na expectativa de ajudar o Estado a diminuir a burocracia para que todos saiam ganhando&#8221;<\/em><\/span>, avalia Cheib.<\/span><\/p>\n<p style=\"text-align: justify;\"><strong><span style=\"color: #000000;\">Sobre o Alvar\u00e1 na Hora<\/span><\/strong><\/p>\n<p style=\"text-align: justify;\"><span style=\"color: #000000;\">Lan\u00e7ado em abril de 2016, o projeto foi uma iniciativa da Prefeitura de Belo Horizonte em parceria com a Secretaria Municipal Adjunta de Regula\u00e7\u00e3o Urbana (SMARU). Hoje a maioria dos licenciamentos na capital mineira j\u00e1 s\u00e3o feitos pelo programa. Somente em mar\u00e7o deste ano, 87% dos projetos foram licenciados por meio do Alvar\u00e1 na Hora.<\/span><\/p>\n<p style=\"text-align: justify;\"><span style=\"color: #000000;\">Al\u00e9m do relacionamento com os sindicatos de outros Estados, o Sinduscon-MG continua seu trabalho de expans\u00e3o do <span style=\"color: #993300;\">Alvar\u00e1 na Hora<\/span> para o interior de Minas Gerais. Para isso, est\u00e1 estruturando uma plataforma on-line que ser\u00e1 interligada aos sistemas das prefeituras. Dessa forma, os \u00f3rg\u00e3os municipais cadastram os formul\u00e1rios e a lista de documenta\u00e7\u00e3o exigida, e os empreendedores poder\u00e3o acessar o portal, selecionar a cidade e dar entrada na solicita\u00e7\u00e3o de alvar\u00e1. O novo tr\u00e2mite tamb\u00e9m vai eliminar a necessidade de deslocamentos de funcion\u00e1rios das empresas at\u00e9 as reparti\u00e7\u00f5es p\u00fablicas.<\/span><\/p>\n<p style=\"text-align: justify;\"><span style=\"color: #000000;\">A primeira cidade a aderir \u00e9 Uberl\u00e2ndia, no Tri\u00e2ngulo Mineiro, onde a nova forma de tramita\u00e7\u00e3o dos requerimentos de alvar\u00e1s de constru\u00e7\u00e3o deve entrar em vigor ainda no primeiro semestre deste ano. As negocia\u00e7\u00f5es continuam em andamento em Contagem, Governador Valadares, Nova lima, Ribeir\u00e3o das Neves, Juiz de Fora, Montes Claros, Pouso Alegre, Santa Luzia e Lagoa Santa.<\/span><\/p>\n","protected":false},"excerpt":{"rendered":"<p>Programa, criado em Belo Horizonte,\u00a0 reduz o prazo de licenciamento de empreendimentos de mais de seis meses para uma semana, j\u00e1 est\u00e1 em processo de implanta\u00e7\u00e3o na capital carioca e ser\u00e1 levado para outras cidades brasileiras Maio, 2017 &#8211; Com o objetivo de fomentar o desenvolvimento do setor da constru\u00e7\u00e3o civil, o Sindicato da Ind\u00fastria [&hellip;]<\/p>\n","protected":false},"author":1,"featured_media":0,"comment_status":"open","ping_status":"open","sticky":false,"template":"","format":"standard","meta":{"_uag_custom_page_level_css":"","footnotes":""},"categories":[33],"tags":[41,639,1340,2826,2963,10375,11157,11165],"class_list":["post-6146","post","type-post","status-publish","format-standard","hentry","category-mercado","tag-alvara-na-hora","tag-alvaras-de-construcao","tag-belo-horizonte-mg","tag-construcao-civil","tag-construtoras","tag-rio-de-janeiro","tag-sinduscon-mg","tag-sinduscon-rj"],"blocksy_meta":[],"spectra_blocks_featured_image_url":null,"spectra_blocks_author_info":{"display_name":"Jornal da Constru\u00e7\u00e3o Civil","avatar_url":"https:\/\/secure.gravatar.com\/avatar\/973c9774fd44ddaceb026973c4962faa70fc512bc4c9da68e8ebb40fecee6540?s=96&d=mm&r=g","author_link":"https:\/\/construcaocivil.siriusmarketingedesign.com.br\/?author=1","description":"Desde de 2013, levando muitas informa\u00e7\u00f5es, lan\u00e7amentos e produtos de qualidade para toda cadeia produtiva da constru\u00e7\u00e3o. O Futuro da constru\u00e7\u00e3o passa por aqui,"},"uagb_featured_image_src":{"full":false,"thumbnail":false,"medium":false,"medium_large":false,"large":false,"1536x1536":false,"2048x2048":false},"uagb_author_info":{"display_name":"Jornal da Constru\u00e7\u00e3o Civil","author_link":"https:\/\/construcaocivil.siriusmarketingedesign.com.br\/?author=1"},"uagb_comment_info":0,"uagb_excerpt":"Programa, criado em Belo Horizonte,\u00a0 reduz o prazo de licenciamento de empreendimentos de mais de seis meses para uma semana, j\u00e1 est\u00e1 em processo de implanta\u00e7\u00e3o na capital carioca e ser\u00e1 levado para outras cidades brasileiras Maio, 2017 &#8211; Com o objetivo de fomentar o desenvolvimento do setor da constru\u00e7\u00e3o civil, o Sindicato da Ind\u00fastria&hellip;","_links":{"self":[{"href":"https:\/\/construcaocivil.siriusmarketingedesign.com.br\/index.php?rest_route=\/wp\/v2\/posts\/6146","targetHints":{"allow":["GET"]}}],"collection":[{"href":"https:\/\/construcaocivil.siriusmarketingedesign.com.br\/index.php?rest_route=\/wp\/v2\/posts"}],"about":[{"href":"https:\/\/construcaocivil.siriusmarketingedesign.com.br\/index.php?rest_route=\/wp\/v2\/types\/post"}],"author":[{"embeddable":true,"href":"https:\/\/construcaocivil.siriusmarketingedesign.com.br\/index.php?rest_route=\/wp\/v2\/users\/1"}],"replies":[{"embeddable":true,"href":"https:\/\/construcaocivil.siriusmarketingedesign.com.br\/index.php?rest_route=%2Fwp%2Fv2%2Fcomments&post=6146"}],"version-history":[{"count":0,"href":"https:\/\/construcaocivil.siriusmarketingedesign.com.br\/index.php?rest_route=\/wp\/v2\/posts\/6146\/revisions"}],"wp:attachment":[{"href":"https:\/\/construcaocivil.siriusmarketingedesign.com.br\/index.php?rest_route=%2Fwp%2Fv2%2Fmedia&parent=6146"}],"wp:term":[{"taxonomy":"category","embeddable":true,"href":"https:\/\/construcaocivil.siriusmarketingedesign.com.br\/index.php?rest_route=%2Fwp%2Fv2%2Fcategories&post=6146"},{"taxonomy":"post_tag","embeddable":true,"href":"https:\/\/construcaocivil.siriusmarketingedesign.com.br\/index.php?rest_route=%2Fwp%2Fv2%2Ftags&post=6146"}],"curies":[{"name":"wp","href":"https:\/\/api.w.org\/{rel}","templated":true}]}}