{"id":6156,"date":"2017-05-19T15:11:49","date_gmt":"2017-05-19T18:11:49","guid":{"rendered":"http:\/\/www.jornaldaconstrucaocivil.com.br\/?p=6156"},"modified":"2017-05-19T15:11:49","modified_gmt":"2017-05-19T18:11:49","slug":"ademi-ba-promove-debate-sobre-sustentabilidade-e-seu-impacto-na-eficiencia-operacional-dos-condominios","status":"publish","type":"post","link":"https:\/\/construcaocivil.siriusmarketingedesign.com.br\/?p=6156","title":{"rendered":"ADEMI-BA promove debate sobre sustentabilidade e seu impacto na efici\u00eancia operacional dos condom\u00ednios"},"content":{"rendered":"<p style=\"text-align: justify;\"><span style=\"color: #000080;\"><em><strong>O VIII F\u00f3rum de Sustentabilidade da ADEMI-BA ser\u00e1 realizado no dia 23 de maio, a partir das 14h, no Teatro Eva Herz<\/strong><\/em><\/span><\/p>\n<p style=\"text-align: justify;\"><span style=\"color: #000000;\"><span style=\"color: #993300;\">Maio, 2017<\/span> &#8211; O valor do condom\u00ednio pode ser um dos gastos mais significativos no nosso or\u00e7amento \u2013 pre\u00e7os de energia, \u00e1gua, m\u00e3o de obra e manuten\u00e7\u00e3o, juntos, acabam pesando na hora de decidir por comprar ou n\u00e3o um im\u00f3vel. Por ser um tema de grande import\u00e2ncia para empresas e consumidores, a Associa\u00e7\u00e3o de Dirigentes de Empresas do Mercado Imobili\u00e1rio da Bahia (ADEMI-BA) trar\u00e1, no dia 23 de maio (ter\u00e7a-feira), das 14h \u00e0s 19h, um leque de discuss\u00f5es sobre efici\u00eancia operacional a partir da sustentabilidade na constru\u00e7\u00e3o de um empreendimento durante o VIII F\u00f3rum de Sustentabilidade.\u00a0<\/span><\/p>\n<p style=\"text-align: justify;\"><span style=\"color: #000000;\">O evento acontecer\u00e1 no Teatro Eva Herz, na Livraria Cultura do Salvador Shopping, e contar\u00e1 com palestras e cases de todo o Brasil sobre como pensar em medidas que viabilizam um empreendimento sustent\u00e1vel \u2013 nos im\u00f3veis novos, por exemplo, s\u00e3o justamente essas a\u00e7\u00f5es que fazem com que o valor do condom\u00ednio seja mais barato e, logo, tornam-se op\u00e7\u00f5es mais adequadas ao or\u00e7amento familiar de longo prazo.<\/span><\/p>\n<p style=\"text-align: justify;\"><span style=\"color: #000000;\">Este ano, o F\u00f3rum ter\u00e1 como tema <em><span style=\"color: #000080;\">&#8220;Sustentabilidade e Seu Impacto na Efici\u00eancia Operacional de Novos Condom\u00ednios&#8221;<\/span><\/em>. Assim, o enfoque estar\u00e1 justamente no que \u00e9 poss\u00edvel fazer para ter um empreendimento mais funcional e que representar\u00e1 economia para o morador.<\/span><\/p>\n<p style=\"text-align: justify;\"><span style=\"color: #000000;\"><span style=\"color: #000080;\"><em>&#8220;A sustentabilidade \u00e9 um importante diferencial para as empresas, por isso \u00e9 fundamental que se busque a\u00e7\u00f5es e medidas cada vez mais sustent\u00e1veis e que causem menos impacto em seus empreendimentos. Esse \u00e9 mais um evento consolidado da ADEMI-BA que proporciona debates e informa\u00e7\u00f5es importantes sobre esse tema&#8221;<\/em><\/span>, afirma o Presidente da ADEMI-BA, Claudio Cunha.<\/span><\/p>\n<p style=\"text-align: justify;\"><strong><span style=\"color: #000000;\">Programa\u00e7\u00e3o<\/span><\/strong><\/p>\n<p style=\"text-align: justify;\"><span style=\"color: #000000;\">O diretor t\u00e9cnico comercial da Sustentech Desenvolvimento Sustent\u00e1vel, Marcos Casado ser\u00e1 um dos palestrantes do evento e abordar\u00e1 o tema <em><span style=\"color: #000080;\">&#8220;Metodologia pr\u00e1tica e de baixo custo para efici\u00eancia energ\u00e9tica e h\u00eddrica para edifica\u00e7\u00f5es&#8221;<\/span><\/em>, quando ir\u00e1 apresentar um m\u00e9todo de trabalho com foco na redu\u00e7\u00e3o dos custos operacionais de energia, \u00e1gua e res\u00edduos, onde as estrat\u00e9gias a serem implantadas s\u00e3o financiadas pela pr\u00f3pria economia gerada nas etapas anteriores, com um baixo custo de investimento inicial.<span style=\"color: #000080;\"><em> &#8220;Com isso \u00e9 poss\u00edvel atingir at\u00e9 80% de economia em \u00e1gua e 60% em energia&#8221;<\/em><\/span>, afirma.<\/span><\/p>\n<p><span style=\"color: #000000;\"><strong>Inscri\u00e7\u00f5es<\/strong><\/span><\/p>\n<p><span style=\"color: #000000;\">As inscri\u00e7\u00f5es podem ser feitas no site do evento<\/span> <span style=\"text-decoration: underline;\"><span style=\"color: #0000ff; text-decoration: underline;\"><a style=\"color: #0000ff; text-decoration: underline;\" href=\"http:\/\/www.ademi-ba.com.br\/forumdesustentabilidade\/\">http:\/\/www.ademi-ba.com.br\/forumdesustentabilidade\/<\/a>.<\/span><\/span><\/p>\n","protected":false},"excerpt":{"rendered":"<p>O VIII F\u00f3rum de Sustentabilidade da ADEMI-BA ser\u00e1 realizado no dia 23 de maio, a partir das 14h, no Teatro Eva Herz Maio, 2017 &#8211; O valor do condom\u00ednio pode ser um dos gastos mais significativos no nosso or\u00e7amento \u2013 pre\u00e7os de energia, \u00e1gua, m\u00e3o de obra e manuten\u00e7\u00e3o, juntos, acabam pesando na hora de [&hellip;]<\/p>\n","protected":false},"author":1,"featured_media":0,"comment_status":"open","ping_status":"open","sticky":false,"template":"","format":"standard","meta":{"_uag_custom_page_level_css":"","footnotes":""},"categories":[27],"tags":[443,2826,5987,7188,7191,7563,9242,9553,10583,11543,12399],"class_list":["post-6156","post","type-post","status-publish","format-standard","hentry","category-acontece","tag-ademi-ba","tag-construcao-civil","tag-incorporadores","tag-manutencao-predial","tag-mao-de-obra","tag-mercado-imobiliario","tag-precos-de-energia-e-agua","tag-profissionais-de-sustentabilidade","tag-salvador-ba","tag-teatro-eva-herz","tag-viii-forum-de-sustentabilidade"],"blocksy_meta":[],"spectra_blocks_featured_image_url":null,"spectra_blocks_author_info":{"display_name":"Jornal da Constru\u00e7\u00e3o Civil","avatar_url":"https:\/\/secure.gravatar.com\/avatar\/973c9774fd44ddaceb026973c4962faa70fc512bc4c9da68e8ebb40fecee6540?s=96&d=mm&r=g","author_link":"https:\/\/construcaocivil.siriusmarketingedesign.com.br\/?author=1","description":"Desde de 2013, levando muitas informa\u00e7\u00f5es, lan\u00e7amentos e produtos de qualidade para toda cadeia produtiva da constru\u00e7\u00e3o. O Futuro da constru\u00e7\u00e3o passa por aqui,"},"uagb_featured_image_src":{"full":false,"thumbnail":false,"medium":false,"medium_large":false,"large":false,"1536x1536":false,"2048x2048":false},"uagb_author_info":{"display_name":"Jornal da Constru\u00e7\u00e3o Civil","author_link":"https:\/\/construcaocivil.siriusmarketingedesign.com.br\/?author=1"},"uagb_comment_info":0,"uagb_excerpt":"O VIII F\u00f3rum de Sustentabilidade da ADEMI-BA ser\u00e1 realizado no dia 23 de maio, a partir das 14h, no Teatro Eva Herz Maio, 2017 &#8211; O valor do condom\u00ednio pode ser um dos gastos mais significativos no nosso or\u00e7amento \u2013 pre\u00e7os de energia, \u00e1gua, m\u00e3o de obra e manuten\u00e7\u00e3o, juntos, acabam pesando na hora de&hellip;","_links":{"self":[{"href":"https:\/\/construcaocivil.siriusmarketingedesign.com.br\/index.php?rest_route=\/wp\/v2\/posts\/6156","targetHints":{"allow":["GET"]}}],"collection":[{"href":"https:\/\/construcaocivil.siriusmarketingedesign.com.br\/index.php?rest_route=\/wp\/v2\/posts"}],"about":[{"href":"https:\/\/construcaocivil.siriusmarketingedesign.com.br\/index.php?rest_route=\/wp\/v2\/types\/post"}],"author":[{"embeddable":true,"href":"https:\/\/construcaocivil.siriusmarketingedesign.com.br\/index.php?rest_route=\/wp\/v2\/users\/1"}],"replies":[{"embeddable":true,"href":"https:\/\/construcaocivil.siriusmarketingedesign.com.br\/index.php?rest_route=%2Fwp%2Fv2%2Fcomments&post=6156"}],"version-history":[{"count":0,"href":"https:\/\/construcaocivil.siriusmarketingedesign.com.br\/index.php?rest_route=\/wp\/v2\/posts\/6156\/revisions"}],"wp:attachment":[{"href":"https:\/\/construcaocivil.siriusmarketingedesign.com.br\/index.php?rest_route=%2Fwp%2Fv2%2Fmedia&parent=6156"}],"wp:term":[{"taxonomy":"category","embeddable":true,"href":"https:\/\/construcaocivil.siriusmarketingedesign.com.br\/index.php?rest_route=%2Fwp%2Fv2%2Fcategories&post=6156"},{"taxonomy":"post_tag","embeddable":true,"href":"https:\/\/construcaocivil.siriusmarketingedesign.com.br\/index.php?rest_route=%2Fwp%2Fv2%2Ftags&post=6156"}],"curies":[{"name":"wp","href":"https:\/\/api.w.org\/{rel}","templated":true}]}}