{"id":6165,"date":"2017-05-19T16:01:56","date_gmt":"2017-05-19T19:01:56","guid":{"rendered":"http:\/\/www.jornaldaconstrucaocivil.com.br\/?p=6165"},"modified":"2017-05-19T16:01:56","modified_gmt":"2017-05-19T19:01:56","slug":"ministros-do-trabalho-e-emprego-dos-estados-do-g20-visitam-thyssenkrupp-em-andernach-oliver-burkhard-chro-do-grupo-fornece-informacoes-sobre-o-sistema-dual-de-formacao-profissional-e-o-programa-de","status":"publish","type":"post","link":"https:\/\/construcaocivil.siriusmarketingedesign.com.br\/?p=6165","title":{"rendered":"Ministros do Trabalho e Emprego dos Estados do G20 visitam thyssenkrupp em Andernach &#8211; Oliver Burkhard, CHRO do Grupo, fornece informa\u00e7\u00f5es sobre o sistema dual de forma\u00e7\u00e3o profissional e o programa de refugiados &#8220;we.help&#8221;"},"content":{"rendered":"<p style=\"text-align: justify;\"><span style=\"color: #000000;\"><span style=\"color: #993300;\">Maio, 2017<\/span> &#8211; A thyssenkrupp recebeu hoje (19 de maio) importantes visitantes: os ministros do Trabalho e Emprego dos Estados do G20 estiveram na f\u00e1brica da empresa em Andernach, maior planta de produ\u00e7\u00e3o de a\u00e7o para embalagens do mundo, onde foram informados, em especial, sobre o sistema dual de forma\u00e7\u00e3o profissional da Alemanha. A convite da ministra do Trabalho alem\u00e3, Andrea Nahles, os ministros do G20 se reuniram em Bad Neuenahr para uma confer\u00eancia de dois dias antes da reuni\u00e3o de c\u00fapula do G20, que ser\u00e1 realizada em Hamburgo nos dias 7 e 8 de julho. Os resultados da confer\u00eancia internacional dos ministros do Trabalho de pa\u00edses como EUA, R\u00fassia, China, \u00cdndia e Brasil ser\u00e3o discutidos pelos chefes de Estado e de Governo dos 20 mais importantes pa\u00edses industriais e emergentes durante a C\u00fapula de Hamburgo. Um tema-chave ser\u00e1 a situa\u00e7\u00e3o internacional dos refugiados. Assim, durante a sua visita a Andernach, os ministros tamb\u00e9m obtiveram informa\u00e7\u00f5es sobre o programa<span style=\"color: #993300;\"> &#8220;we.help&#8221;<\/span> da thyssenkrupp, que \u00e9 um exemplo das atividades desenvolvidas pela ind\u00fastria alem\u00e3 para integrar os refugiados.<\/span><\/p>\n<p style=\"text-align: justify;\"><span style=\"color: #000000;\">A forma\u00e7\u00e3o profissional tem sido um foco crescente do G20 e dos seus ministros do Trabalho e Emprego nos \u00faltimos anos, e o sistema dual de forma\u00e7\u00e3o profissional da Alemanha \u00e9 visto como um modelo internacional. &#8220;H\u00e1 uma boa raz\u00e3o pela qual o sistema dual de forma\u00e7\u00e3o profissional da Alemanha conquistou uma boa reputa\u00e7\u00e3o em todo o mundo&#8221;, disse Andrea Nahles durante a reuni\u00e3o. <span style=\"color: #000080;\"><em>&#8220;Ele oferece aos jovens o in\u00edcio ideal para a sua vida profissional, combinando a teoria \u00e0 pr\u00e1tica. Isso \u00e9 particularmente importante dada a crescente procura por trabalhadores qualificados e a necessidade de dar oportunidades aos refugiados no mercado de trabalho&#8221;<\/em><\/span>, acrescentou Nahles.<span style=\"color: #000080;\"><em> &#8220;Estou muito contente por ter a oportunidade de mostrar aos meus colegas ministros do G20 como isso funciona bem aqui na thyssenkrupp Rasselstein&#8221;<\/em><\/span>.<\/span><\/p>\n<p style=\"text-align: justify;\"><span style=\"color: #000000;\">Com base nesse modelo, a thyssenkrupp j\u00e1 propiciou forma\u00e7\u00e3o profissional a milhares de jovens ao longo dos anos, e o conceito tamb\u00e9m est\u00e1 sendo transferido para um n\u00famero crescente de unidades da empresa em outros pa\u00edses. &#8220;Seja em fun\u00e7\u00f5es administrativas ou t\u00e9cnicas, o sistema dual de forma\u00e7\u00e3o profissional \u00e9 um excelente trampolim de carreira&#8221;, destacou Oliver Burkhard, CHRO da thyssenkrupp AG. <em><span style=\"color: #000080;\">&#8220;Esta \u00e9 certamente uma das raz\u00f5es para os excelentes n\u00edveis de aprendizagem alcan\u00e7ados nesse sistema e o baixo n\u00edvel de desemprego entre os jovens comparado a padr\u00f5es internacionais. Na thyssenkrupp estamos transferindo tanto quanto poss\u00edvel esse modelo alem\u00e3o bem-sucedido para nossas instala\u00e7\u00f5es de treinamento em todo o mundo, dando uma contribui\u00e7\u00e3o importante para o treinamento e a educa\u00e7\u00e3o sustent\u00e1veis em nossas unidades&#8221;<\/span><\/em>, acrescentou.<\/span><\/p>\n<p style=\"text-align: justify;\"><strong><span style=\"color: #000000;\">thyssenkrupp forma 3.100 jovens em 50 profiss\u00f5es em toda a Alemanha<\/span><\/strong><\/p>\n<p style=\"text-align: justify;\"><span style=\"color: #000000;\">Os ministros visitaram a thyssenkrupp Rasselstein GmbH e conversaram com aprendizes desta que \u00e9 a \u00fanica f\u00e1brica de folha de flandres da Alemanha. Um grupo de 160 jovens est\u00e1 atualmente participando de um treinamento de aprendizes em Andernach. A divis\u00e3o de a\u00e7o da thyssenkrupp tem quase 1.300 aprendizes. Nas opera\u00e7\u00f5es alem\u00e3s da thyssenkrupp, mais de 3.100 jovens est\u00e3o sendo preparados para suas futuras carreiras em mais de 50 profiss\u00f5es \u2013 desde mec\u00e2nicos industriais at\u00e9 engenheiros mecatr\u00f4nicos. Eles s\u00e3o apoiados por 139 instrutores em tempo integral em 30 centros de treinamento de aprendizes e 51 escolas t\u00e9cnicas.<\/span><\/p>\n<p style=\"text-align: justify;\"><strong><span style=\"color: #000000;\">Mais de 150 vagas de aprendizes e 230 est\u00e1gios para os refugiados<\/span><\/strong><\/p>\n<p style=\"text-align: justify;\"><span style=\"color: #000000;\">Durante a sua visita \u00e0 thyssenkrupp Rasselstein GmbH, um dos tr\u00eas maiores produtores de folha de flandres da Europa, os ministros do G20 tamb\u00e9m se encontraram com refugiados que est\u00e3o recebendo treinamento para aprendizes em Andernach. Em setembro de 2016, a thyssenkrupp e o comit\u00ea de trabalhadores da empresa lan\u00e7aram um programa de refugiados sob o nome de <span style=\"color: #993300;\">&#8220;we.help&#8221;<\/span>, no \u00e2mbito da iniciativa de integra\u00e7\u00e3o <span style=\"color: #993300;\">&#8220;Wir zusammen&#8221;<\/span> (n\u00f3s juntos) da ind\u00fastria alem\u00e3. Por meio desse programa, a thyssenkrupp proporcionar\u00e1 150 vagas de aprendizes e 230 est\u00e1gios adicionais at\u00e9 ao final de 2017.<\/span><\/p>\n<p style=\"text-align: justify;\"><span style=\"color: #000000;\">Como parte do <span style=\"color: #993300;\">&#8220;we.help&#8221;<\/span>, j\u00e1 foram assinados mais de 200 contratos com refugiados, incluindo cerca de 40 contratos para aprendizes. Quase todos os refugiados que come\u00e7aram seus est\u00e1gios na thyssenkrupp asseguraram seus lugares completando um est\u00e1gio e um treinamento introdut\u00f3rio. Essa situa\u00e7\u00e3o se reflete na thyssenkrupp Rasselstein GmbH, onde 15 jovens da S\u00edria, da Eritreia, do Afeganist\u00e3o e da Guin\u00e9 est\u00e3o participando de treinamentos para aprendizes ou de forma\u00e7\u00e3o introdut\u00f3ria. Al\u00e9m disso, h\u00e1 30 est\u00e1gios para refugiados. No total, a divis\u00e3o de a\u00e7o da thyssenkrupp criou 100 vagas adicionais para aprendizes e outras 40 posi\u00e7\u00f5es de treinamento. <span style=\"color: #000080;\"><em>&#8220;O princ\u00edpio do programa &#8216;we.help&#8217; funciona. Por isso, estamos confiantes de que alcan\u00e7aremos o nosso objetivo de 150 contratos adicionais de trabalho com aprendizes at\u00e9 ao final de 2017. O acesso ao mercado de trabalho \u00e9 extremamente importante para quem quer ficar permanentemente na Alemanha&#8221;<\/em><\/span>, enfatizou Oliver Burkhard durante o evento em Andernach. <span style=\"color: #000080;\"><em>&#8220;O sucesso do programa \u00e9 devido, em particular, aos grandes esfor\u00e7os dos instrutores e mentores que integram nosso time de colaboradores.&#8221;<\/em><\/span><\/span><\/p>\n","protected":false},"excerpt":{"rendered":"<p>Maio, 2017 &#8211; A thyssenkrupp recebeu hoje (19 de maio) importantes visitantes: os ministros do Trabalho e Emprego dos Estados do G20 estiveram na f\u00e1brica da empresa em Andernach, maior planta de produ\u00e7\u00e3o de a\u00e7o para embalagens do mundo, onde foram informados, em especial, sobre o sistema dual de forma\u00e7\u00e3o profissional da Alemanha. A convite [&hellip;]<\/p>\n","protected":false},"author":1,"featured_media":0,"comment_status":"open","ping_status":"open","sticky":false,"template":"","format":"standard","meta":{"_uag_custom_page_level_css":"","footnotes":""},"categories":[27],"tags":[44,590,711,1535,2213,4162,4674,5177,5325,5996,7758,8999,10533,11748],"class_list":["post-6165","post","type-post","status-publish","format-standard","hentry","category-acontece","tag-we-help","tag-alemanha-planta-de-aco","tag-andernach","tag-brasil","tag-china","tag-empregos-para-refugiados","tag-eua","tag-formacao-profissional","tag-g20","tag-india","tag-ministros-do-trabalho-do-g20","tag-planta-de-producao-de-aco","tag-russia","tag-thyssenkrupp"],"blocksy_meta":[],"spectra_blocks_featured_image_url":null,"spectra_blocks_author_info":{"display_name":"Jornal da Constru\u00e7\u00e3o Civil","avatar_url":"https:\/\/secure.gravatar.com\/avatar\/973c9774fd44ddaceb026973c4962faa70fc512bc4c9da68e8ebb40fecee6540?s=96&d=mm&r=g","author_link":"https:\/\/construcaocivil.siriusmarketingedesign.com.br\/?author=1","description":"Desde de 2013, levando muitas informa\u00e7\u00f5es, lan\u00e7amentos e produtos de qualidade para toda cadeia produtiva da constru\u00e7\u00e3o. O Futuro da constru\u00e7\u00e3o passa por aqui,"},"uagb_featured_image_src":{"full":false,"thumbnail":false,"medium":false,"medium_large":false,"large":false,"1536x1536":false,"2048x2048":false},"uagb_author_info":{"display_name":"Jornal da Constru\u00e7\u00e3o Civil","author_link":"https:\/\/construcaocivil.siriusmarketingedesign.com.br\/?author=1"},"uagb_comment_info":0,"uagb_excerpt":"Maio, 2017 &#8211; A thyssenkrupp recebeu hoje (19 de maio) importantes visitantes: os ministros do Trabalho e Emprego dos Estados do G20 estiveram na f\u00e1brica da empresa em Andernach, maior planta de produ\u00e7\u00e3o de a\u00e7o para embalagens do mundo, onde foram informados, em especial, sobre o sistema dual de forma\u00e7\u00e3o profissional da Alemanha. A convite&hellip;","_links":{"self":[{"href":"https:\/\/construcaocivil.siriusmarketingedesign.com.br\/index.php?rest_route=\/wp\/v2\/posts\/6165","targetHints":{"allow":["GET"]}}],"collection":[{"href":"https:\/\/construcaocivil.siriusmarketingedesign.com.br\/index.php?rest_route=\/wp\/v2\/posts"}],"about":[{"href":"https:\/\/construcaocivil.siriusmarketingedesign.com.br\/index.php?rest_route=\/wp\/v2\/types\/post"}],"author":[{"embeddable":true,"href":"https:\/\/construcaocivil.siriusmarketingedesign.com.br\/index.php?rest_route=\/wp\/v2\/users\/1"}],"replies":[{"embeddable":true,"href":"https:\/\/construcaocivil.siriusmarketingedesign.com.br\/index.php?rest_route=%2Fwp%2Fv2%2Fcomments&post=6165"}],"version-history":[{"count":0,"href":"https:\/\/construcaocivil.siriusmarketingedesign.com.br\/index.php?rest_route=\/wp\/v2\/posts\/6165\/revisions"}],"wp:attachment":[{"href":"https:\/\/construcaocivil.siriusmarketingedesign.com.br\/index.php?rest_route=%2Fwp%2Fv2%2Fmedia&parent=6165"}],"wp:term":[{"taxonomy":"category","embeddable":true,"href":"https:\/\/construcaocivil.siriusmarketingedesign.com.br\/index.php?rest_route=%2Fwp%2Fv2%2Fcategories&post=6165"},{"taxonomy":"post_tag","embeddable":true,"href":"https:\/\/construcaocivil.siriusmarketingedesign.com.br\/index.php?rest_route=%2Fwp%2Fv2%2Ftags&post=6165"}],"curies":[{"name":"wp","href":"https:\/\/api.w.org\/{rel}","templated":true}]}}