{"id":6167,"date":"2017-05-20T12:34:53","date_gmt":"2017-05-20T15:34:53","guid":{"rendered":"http:\/\/www.jornaldaconstrucaocivil.com.br\/?p=6167"},"modified":"2017-05-20T12:34:53","modified_gmt":"2017-05-20T15:34:53","slug":"grupo-amazonas-abre-espaco-para-inovacao","status":"publish","type":"post","link":"https:\/\/construcaocivil.siriusmarketingedesign.com.br\/?p=6167","title":{"rendered":"Grupo Amazonas abre espa\u00e7o para inova\u00e7\u00e3o"},"content":{"rendered":"<p style=\"text-align: justify;\"><span style=\"color: #000080;\"><em><strong>Empresa inaugura ambiente especialmente desenvolvido para estimular a criatividade entre funcion\u00e1rios, clientes e fornecedores, com o objetivo de buscar melhorias e abrir novas frentes de neg\u00f3cios<\/strong><\/em><\/span><\/p>\n<p style=\"text-align: justify;\"><span style=\"color: #993300;\">Maio, 2017<\/span> &#8211; Inova\u00e7\u00e3o n\u00e3o depende somente de conhecimento t\u00e9cnico. Um ambiente prop\u00edcio \u00e0 cria\u00e7\u00e3o \u00e9 fundamental para a evolu\u00e7\u00e3o dos neg\u00f3cios e para despertar a motiva\u00e7\u00e3o entre os colaboradores. Com essa premissa, o Grupo Amazonas colocou \u00e0 disposi\u00e7\u00e3o de seus funcion\u00e1rios a Sala de Inova\u00e7\u00e3o, desenvolvida para estimular a criatividade de forma distinta das atividades rotineiras. Inova\u00e7\u00e3o em produtos, processos e servi\u00e7os \u00e9 uma das bases da companhia desde sua funda\u00e7\u00e3o.<\/p>\n<figure id=\"attachment_6168\" aria-describedby=\"caption-attachment-6168\" style=\"width: 283px\" class=\"wp-caption alignleft\"><a href=\"http:\/\/www.jornaldaconstrucaocivil.com.br\/wp-content\/uploads\/2017\/05\/AA-GRUPO-AMAZONAS.jpg\"><img loading=\"lazy\" decoding=\"async\" class=\"wp-image-6168\" src=\"http:\/\/www.jornaldaconstrucaocivil.com.br\/wp-content\/uploads\/2017\/05\/AA-GRUPO-AMAZONAS-1024x755.jpg\" alt=\"AA GRUPO AMAZONAS\" width=\"283\" height=\"209\" \/><\/a><figcaption id=\"caption-attachment-6168\" class=\"wp-caption-text\"><span style=\"color: #0000ff;\">Grupo Amazonas abre espa\u00e7o para inova\u00e7\u00e3o<\/span>. Divulga\u00e7\u00e3o<\/figcaption><\/figure>\n<p style=\"text-align: justify;\"><span style=\"color: #000000;\">O objetivo \u00e9 incentivar percep\u00e7\u00f5es diferenciadas, com foco em novos projetos, processos, produtos, enfim, tudo o que levar a melhorias e inova\u00e7\u00f5es ao escopo de atua\u00e7\u00e3o da empresa. Colaboradores de todos os departamentos podem utilizar o espa\u00e7o &#8211; inclusive em hor\u00e1rio de almo\u00e7o ou ap\u00f3s o expediente &#8211; que tamb\u00e9m \u00e9 acess\u00edvel a clientes e fornecedores. A inten\u00e7\u00e3o \u00e9 que o ambiente esteja sempre em atualiza\u00e7\u00e3o, para que novos est\u00edmulos sejam apresentados e possam tirar os usu\u00e1rios de sua zona de conforto de forma leve e agrad\u00e1vel.<\/span><\/p>\n<p style=\"text-align: justify;\"><span style=\"color: #000000;\">A ideia surgiu em 2016, integrada ao projeto PMO \u2013 um portf\u00f3lio de projetos em diferentes \u00e1reas da empresa, abrangendo diversas fun\u00e7\u00f5es e compet\u00eancias. A Sala de Inova\u00e7\u00e3o foi desenvolvida em apenas tr\u00eas semanas por funcion\u00e1rios das \u00e1reas de pesquisa, desenvolvimento, financeira, gest\u00e3o de pessoas, engenharia, assist\u00eancia t\u00e9cnica, contabilidade, limpeza e produ\u00e7\u00e3o.<span style=\"color: #000080;\"><em> \u201cHoje o Grupo Amazonas possui diversas plataformas de neg\u00f3cios e a inten\u00e7\u00e3o com esse ambiente \u00e9 potencializar a cultura inovadora da empresa, buscando novas \u00e1reas de neg\u00f3cios, alinhadas \u00e0 vis\u00e3o estrat\u00e9gica da companhia\u201d<\/em><\/span>, afirma Ernesto Rezende, Gerente de Projetos \u2013 PMO.<\/span><\/p>\n<p style=\"text-align: justify;\"><span style=\"color: #000000;\"><strong>Proatividade e sustentabilidade como destaques<\/strong><\/span><\/p>\n<p style=\"text-align: justify;\"><span style=\"color: #000000;\">Na Sala de Inova\u00e7\u00e3o, os visitantes poder\u00e3o consultar livros e revistas e ter\u00e3o acesso a revistas virtuais cient\u00edficas, al\u00e9m de terem reuni\u00f5es, discutir ideias e tratar de quest\u00f5es relevantes em todas as etapas de um projeto.<\/span><\/p>\n<p style=\"text-align: justify;\"><span style=\"color: #000000;\">Um dos diferenciais do espa\u00e7o \u00e9 que ele foi estruturado pelos funcion\u00e1rios, a partir de materiais reciclados, da pr\u00f3pria empresa. Para a confec\u00e7\u00e3o da mesa de reuni\u00e3o foi utilizada uma plataforma de descarga da Transportadora Painel (empresa do Grupo Amazonas); os bancos foram feitos de paletes reaproveitados, com almofadas em tecido de cole\u00e7\u00f5es antigas e enchimento de aparas de borracha mo\u00edda; uma grade de prote\u00e7\u00e3o de prensa desativada se transformou em estante para exposi\u00e7\u00e3o de produtos; para cadeiras de descanso foram reaproveitados tubos de PVC utilizados em testes hidrost\u00e1ticos de colagem com adesivo PVC; pufes foram produzidos com tambores de mat\u00e9rias-primas; carretel de cabo el\u00e9trico se transformou em banco; vidros de salas desativadas viraram lousas; revisteiros, caixas e prateleiras foram criadas com a utiliza\u00e7\u00e3o de paletes.<\/span><\/p>\n<p style=\"text-align: justify;\"><span style=\"color: #000000;\">Para a confec\u00e7\u00e3o do mobili\u00e1rio foram utilizados, ainda, produtos do portf\u00f3lio do Grupo Amazonas, como Fixa Tudo, Cola de Contato, Cola branca, solventes e silicones. Para o Gerente de Gest\u00e3o de Pessoas, o mais importante deste projeto \u00e9 despertar entre os colaboradores a import\u00e2ncia de pensar suas atividades de forma mais ampla e torn\u00e1-los mais proativos. <span style=\"color: #000080;\"><em>\u201cO desenvolvimento da empresa \u00e9 intr\u00ednseco ao desenvolvimento dos colaboradores, clientes e fornecedores\u201d,<\/em><\/span> observa Tarcisio Maniglia, Gerente de Gest\u00e3o de Pessoas.<\/span><\/p>\n<p style=\"text-align: justify;\"><span style=\"color: #000000;\">Para mais informa\u00e7\u00f5es acesse:<\/span> <span style=\"text-decoration: underline;\"><span style=\"color: #0000ff; text-decoration: underline;\">www.amazonas.com.br<\/span><\/span><\/p>\n","protected":false},"excerpt":{"rendered":"<p>Empresa inaugura ambiente especialmente desenvolvido para estimular a criatividade entre funcion\u00e1rios, clientes e fornecedores, com o objetivo de buscar melhorias e abrir novas frentes de neg\u00f3cios Maio, 2017 &#8211; Inova\u00e7\u00e3o n\u00e3o depende somente de conhecimento t\u00e9cnico. Um ambiente prop\u00edcio \u00e0 cria\u00e7\u00e3o \u00e9 fundamental para a evolu\u00e7\u00e3o dos neg\u00f3cios e para despertar a motiva\u00e7\u00e3o entre os [&hellip;]<\/p>\n","protected":false},"author":1,"featured_media":6168,"comment_status":"open","ping_status":"open","sticky":false,"template":"","format":"standard","meta":{"_uag_custom_page_level_css":"","footnotes":""},"categories":[33],"tags":[2398,2399,4520,5111,5458,5650,5973,11089,11352],"class_list":["post-6167","post","type-post","status-publish","format-standard","has-post-thumbnail","hentry","category-mercado","tag-cola-branca","tag-cola-de-contato","tag-espaco-para-inovacao","tag-fixa-tudo","tag-gestao-de-pessoas","tag-grupo-amazonas","tag-incentivar-novos-produtos","tag-silicones","tag-solventes"],"blocksy_meta":[],"spectra_blocks_featured_image_url":[],"spectra_blocks_author_info":{"display_name":"Jornal da Constru\u00e7\u00e3o Civil","avatar_url":"https:\/\/secure.gravatar.com\/avatar\/973c9774fd44ddaceb026973c4962faa70fc512bc4c9da68e8ebb40fecee6540?s=96&d=mm&r=g","author_link":"https:\/\/construcaocivil.siriusmarketingedesign.com.br\/?author=1","description":"Desde de 2013, levando muitas informa\u00e7\u00f5es, lan\u00e7amentos e produtos de qualidade para toda cadeia produtiva da constru\u00e7\u00e3o. O Futuro da constru\u00e7\u00e3o passa por aqui,"},"uagb_featured_image_src":{"full":false,"thumbnail":false,"medium":false,"medium_large":false,"large":false,"1536x1536":false,"2048x2048":false},"uagb_author_info":{"display_name":"Jornal da Constru\u00e7\u00e3o Civil","author_link":"https:\/\/construcaocivil.siriusmarketingedesign.com.br\/?author=1"},"uagb_comment_info":0,"uagb_excerpt":"Empresa inaugura ambiente especialmente desenvolvido para estimular a criatividade entre funcion\u00e1rios, clientes e fornecedores, com o objetivo de buscar melhorias e abrir novas frentes de neg\u00f3cios Maio, 2017 &#8211; Inova\u00e7\u00e3o n\u00e3o depende somente de conhecimento t\u00e9cnico. Um ambiente prop\u00edcio \u00e0 cria\u00e7\u00e3o \u00e9 fundamental para a evolu\u00e7\u00e3o dos neg\u00f3cios e para despertar a motiva\u00e7\u00e3o entre os&hellip;","_links":{"self":[{"href":"https:\/\/construcaocivil.siriusmarketingedesign.com.br\/index.php?rest_route=\/wp\/v2\/posts\/6167","targetHints":{"allow":["GET"]}}],"collection":[{"href":"https:\/\/construcaocivil.siriusmarketingedesign.com.br\/index.php?rest_route=\/wp\/v2\/posts"}],"about":[{"href":"https:\/\/construcaocivil.siriusmarketingedesign.com.br\/index.php?rest_route=\/wp\/v2\/types\/post"}],"author":[{"embeddable":true,"href":"https:\/\/construcaocivil.siriusmarketingedesign.com.br\/index.php?rest_route=\/wp\/v2\/users\/1"}],"replies":[{"embeddable":true,"href":"https:\/\/construcaocivil.siriusmarketingedesign.com.br\/index.php?rest_route=%2Fwp%2Fv2%2Fcomments&post=6167"}],"version-history":[{"count":0,"href":"https:\/\/construcaocivil.siriusmarketingedesign.com.br\/index.php?rest_route=\/wp\/v2\/posts\/6167\/revisions"}],"wp:attachment":[{"href":"https:\/\/construcaocivil.siriusmarketingedesign.com.br\/index.php?rest_route=%2Fwp%2Fv2%2Fmedia&parent=6167"}],"wp:term":[{"taxonomy":"category","embeddable":true,"href":"https:\/\/construcaocivil.siriusmarketingedesign.com.br\/index.php?rest_route=%2Fwp%2Fv2%2Fcategories&post=6167"},{"taxonomy":"post_tag","embeddable":true,"href":"https:\/\/construcaocivil.siriusmarketingedesign.com.br\/index.php?rest_route=%2Fwp%2Fv2%2Ftags&post=6167"}],"curies":[{"name":"wp","href":"https:\/\/api.w.org\/{rel}","templated":true}]}}