{"id":6170,"date":"2017-05-20T12:40:42","date_gmt":"2017-05-20T15:40:42","guid":{"rendered":"http:\/\/www.jornaldaconstrucaocivil.com.br\/?p=6170"},"modified":"2017-05-20T12:40:42","modified_gmt":"2017-05-20T15:40:42","slug":"fgv-energia-realiza-debate-de-lancamento-de-caderno-sobre-carros-eletricos","status":"publish","type":"post","link":"https:\/\/construcaocivil.siriusmarketingedesign.com.br\/?p=6170","title":{"rendered":"FGV Energia realiza debate de lan\u00e7amento de caderno sobre Carros El\u00e9tricos"},"content":{"rendered":"<p style=\"text-align: justify;\"><span style=\"color: #000000;\">Rio, 2017 -A FGV Energia realiza no dia 24 de maio de 2017, no edif\u00edcio sede da FGV, no Rio de Janeiro, o debate de lan\u00e7amento do Caderno de Carros El\u00e9tricos. O evento tem o objetivo de promover a discuss\u00e3o sobre como a inser\u00e7\u00e3o desses ve\u00edculos pode alterar o mercado energ\u00e9tico, automobil\u00edstico e ambiental brasileiro.<\/span><\/p>\n<p style=\"text-align: justify;\"><span style=\"color: #000000;\">Preocupa\u00e7\u00f5es com as mudan\u00e7as clim\u00e1ticas e o aquecimento global resultaram na recente formula\u00e7\u00e3o e ado\u00e7\u00e3o do Acordo de Paris por grande parte dos pa\u00edses do mundo, inclusive os maiores emissores de gases de efeito estufa (GEE) mundiais \u2013 EUA e China. A mensagem que o Acordo de Paris transmite \u00e9 que o mundo est\u00e1 disposto a transformar sua maneira de gerar e consumir energia e, neste sentido, descarbonizar o setor de transportes \u00e9 uma pe\u00e7a fundamental para se atingir esse objetivo.<\/span><\/p>\n<p style=\"text-align: justify;\"><span style=\"color: #000000;\">Dessa forma, dada a import\u00e2ncia deste setor para o alcance de uma economia de baixa emiss\u00e3o de carbono, o Caderno FGV Energia &#8211; Carros El\u00e9tricos faz uma reflex\u00e3o sobre o importante papel destes ve\u00edculos na transi\u00e7\u00e3o energ\u00e9tica mundial, al\u00e9m de discutir sua inser\u00e7\u00e3o no mercado de energia brasileiro, congregando opini\u00f5es de diversos agentes ligados ao tema com o objetivo de mapear desafios e oportunidades para o desenvolvimento desta ind\u00fastria no Brasil.<\/span><\/p>\n<p style=\"text-align: justify;\"><span style=\"color: #000000;\">O Caderno analisa o desenvolvimento dos Carros El\u00e9tricos no mundo, considerando seus impactos sobre os setores energ\u00e9tico, ambiental e automotivo, sobre o mercado e as tecnologias relacionadas, a fim de contribuir para sua maior inser\u00e7\u00e3o no Brasil. Adicionalmente, percebe-se a\u00ed um particular e interessante modelo de neg\u00f3cios para toda a cadeia do carro el\u00e9trico, mas ainda a ser definido para o pa\u00eds.<\/span><\/p>\n<p style=\"text-align: justify;\"><span style=\"color: #000000;\">Durante o evento de lan\u00e7amento do Caderno FGV Energia &#8211; Carros El\u00e9tricos, al\u00e9m da apresenta\u00e7\u00e3o da publica\u00e7\u00e3o, especialistas ligados aos setores relacionados ao desenvolvimento dos carros el\u00e9tricos debater\u00e3o os desafios e oportunidades da sua inser\u00e7\u00e3o no pa\u00eds.<\/span><\/p>\n<p style=\"text-align: justify;\"><span style=\"color: #000000;\">Inscri\u00e7\u00e3o em<span style=\"text-decoration: underline;\"><span style=\"color: #0000ff; text-decoration: underline;\"> http:\/\/www.fgv.br\/eventos\/?P_EVENTO=3222&amp;P_IDIOMA=0<\/span><\/span><\/span><\/p>\n","protected":false},"excerpt":{"rendered":"<p>Rio, 2017 -A FGV Energia realiza no dia 24 de maio de 2017, no edif\u00edcio sede da FGV, no Rio de Janeiro, o debate de lan\u00e7amento do Caderno de Carros El\u00e9tricos. O evento tem o objetivo de promover a discuss\u00e3o sobre como a inser\u00e7\u00e3o desses ve\u00edculos pode alterar o mercado energ\u00e9tico, automobil\u00edstico e ambiental brasileiro. [&hellip;]<\/p>\n","protected":false},"author":1,"featured_media":0,"comment_status":"open","ping_status":"open","sticky":false,"template":"","format":"standard","meta":{"_uag_custom_page_level_css":"","footnotes":""},"categories":[29],"tags":[658,1128,1666,4293,5028,7556,7968,8484,10375],"class_list":["post-6170","post","type-post","status-publish","format-standard","hentry","category-energia","tag-ambiental-brasileiro","tag-automobilistico","tag-cadernos-eletricos","tag-energia-eletrica","tag-fgv","tag-mercado-energetico","tag-mudancas-climaticas","tag-oportunidades-de-negocios","tag-rio-de-janeiro"],"blocksy_meta":[],"spectra_blocks_featured_image_url":null,"spectra_blocks_author_info":{"display_name":"Jornal da Constru\u00e7\u00e3o Civil","avatar_url":"https:\/\/secure.gravatar.com\/avatar\/973c9774fd44ddaceb026973c4962faa70fc512bc4c9da68e8ebb40fecee6540?s=96&d=mm&r=g","author_link":"https:\/\/construcaocivil.siriusmarketingedesign.com.br\/?author=1","description":"Desde de 2013, levando muitas informa\u00e7\u00f5es, lan\u00e7amentos e produtos de qualidade para toda cadeia produtiva da constru\u00e7\u00e3o. O Futuro da constru\u00e7\u00e3o passa por aqui,"},"uagb_featured_image_src":{"full":false,"thumbnail":false,"medium":false,"medium_large":false,"large":false,"1536x1536":false,"2048x2048":false},"uagb_author_info":{"display_name":"Jornal da Constru\u00e7\u00e3o Civil","author_link":"https:\/\/construcaocivil.siriusmarketingedesign.com.br\/?author=1"},"uagb_comment_info":0,"uagb_excerpt":"Rio, 2017 -A FGV Energia realiza no dia 24 de maio de 2017, no edif\u00edcio sede da FGV, no Rio de Janeiro, o debate de lan\u00e7amento do Caderno de Carros El\u00e9tricos. O evento tem o objetivo de promover a discuss\u00e3o sobre como a inser\u00e7\u00e3o desses ve\u00edculos pode alterar o mercado energ\u00e9tico, automobil\u00edstico e ambiental brasileiro.&hellip;","_links":{"self":[{"href":"https:\/\/construcaocivil.siriusmarketingedesign.com.br\/index.php?rest_route=\/wp\/v2\/posts\/6170","targetHints":{"allow":["GET"]}}],"collection":[{"href":"https:\/\/construcaocivil.siriusmarketingedesign.com.br\/index.php?rest_route=\/wp\/v2\/posts"}],"about":[{"href":"https:\/\/construcaocivil.siriusmarketingedesign.com.br\/index.php?rest_route=\/wp\/v2\/types\/post"}],"author":[{"embeddable":true,"href":"https:\/\/construcaocivil.siriusmarketingedesign.com.br\/index.php?rest_route=\/wp\/v2\/users\/1"}],"replies":[{"embeddable":true,"href":"https:\/\/construcaocivil.siriusmarketingedesign.com.br\/index.php?rest_route=%2Fwp%2Fv2%2Fcomments&post=6170"}],"version-history":[{"count":0,"href":"https:\/\/construcaocivil.siriusmarketingedesign.com.br\/index.php?rest_route=\/wp\/v2\/posts\/6170\/revisions"}],"wp:attachment":[{"href":"https:\/\/construcaocivil.siriusmarketingedesign.com.br\/index.php?rest_route=%2Fwp%2Fv2%2Fmedia&parent=6170"}],"wp:term":[{"taxonomy":"category","embeddable":true,"href":"https:\/\/construcaocivil.siriusmarketingedesign.com.br\/index.php?rest_route=%2Fwp%2Fv2%2Fcategories&post=6170"},{"taxonomy":"post_tag","embeddable":true,"href":"https:\/\/construcaocivil.siriusmarketingedesign.com.br\/index.php?rest_route=%2Fwp%2Fv2%2Ftags&post=6170"}],"curies":[{"name":"wp","href":"https:\/\/api.w.org\/{rel}","templated":true}]}}