{"id":6173,"date":"2017-05-22T20:54:47","date_gmt":"2017-05-22T23:54:47","guid":{"rendered":"http:\/\/www.jornaldaconstrucaocivil.com.br\/?p=6173"},"modified":"2017-05-22T20:54:47","modified_gmt":"2017-05-22T23:54:47","slug":"o-trabalhador-na-construcao-civil-e-o-direito-a-aposentadoria-especial","status":"publish","type":"post","link":"https:\/\/construcaocivil.siriusmarketingedesign.com.br\/?p=6173","title":{"rendered":"Artigo: O trabalhador na Constru\u00e7\u00e3o Civil e o direito \u00e0 aposentadoria especial"},"content":{"rendered":"<p style=\"text-align: justify;\"><span style=\"color: #000080;\"><em>Por Adalziga F\u00e1bia e Enevaldo Guilherme\u00a0<\/em><\/span><\/p>\n<p style=\"text-align: justify;\"><span style=\"color: #000000;\"><span style=\"color: #993300;\">Maio, 2017 &#8211;<\/span> O trabalhador sujeito ao Regime Geral de Previd\u00eancia Social tem direito a quatro tipos diferentes de aposentadoria: aposentadoria por tempo de contribui\u00e7\u00e3o, aposentadoria por idade, aposentadoria por invalidez e aposentadoria especial.<\/span><\/p>\n<figure id=\"attachment_6185\" aria-describedby=\"caption-attachment-6185\" style=\"width: 293px\" class=\"wp-caption alignleft\"><a href=\"http:\/\/www.jornaldaconstrucaocivil.com.br\/wp-content\/uploads\/2017\/05\/ADALZIGA.png\"><img loading=\"lazy\" decoding=\"async\" class=\"wp-image-6185\" src=\"http:\/\/www.jornaldaconstrucaocivil.com.br\/wp-content\/uploads\/2017\/05\/ADALZIGA.png\" alt=\"ADALZIGA\" width=\"293\" height=\"262\" \/><\/a><figcaption id=\"caption-attachment-6185\" class=\"wp-caption-text\"><span style=\"color: #0000ff;\">Dra. Adalgiza F\u00e1bia \u2013 Advogada<\/span><\/figcaption><\/figure>\n<p style=\"text-align: justify;\"><span style=\"color: #000000;\">O presente artigo tem por objetivo esclarecer aspectos da aposentadoria especial e a dificuldade do trabalhador da Constru\u00e7\u00e3o Civil em comprovar o exerc\u00edcio da atividade especial at\u00e9 o ano de 1995.<\/span><\/p>\n<p style=\"text-align: justify;\"><span style=\"color: #000000;\">Entende-se como aposentadoria especial aquela destinada aos trabalhadores expostos a agentes nocivos \u00e0 sa\u00fade, sejam eles f\u00edsicos, qu\u00edmicos ou biol\u00f3gicos. Como consequ\u00eancia, a cada ano trabalhado, ser\u00e3o acrescidos quatro meses para homens e dois meses para mulheres, em regra geral. Existem algumas atividades cuja propor\u00e7\u00e3o \u00e9 maior. Contudo, para ilustrar, utilizaremos apenas o que \u00e9 relacionado \u00e0 maioria.<\/span><\/p>\n<p style=\"text-align: justify;\"><span style=\"color: #000000;\">H\u00e1 um divisor de \u00e1guas para o trabalhador da Constru\u00e7\u00e3o Civil, que, em tese, pode acrescer o per\u00edodo laborado antes da edi\u00e7\u00e3o da<span style=\"color: #0000ff;\"> Lei 9.032\/95<\/span>. Isso acontece porque era poss\u00edvel a convers\u00e3o ou a contagem diferenciada somente pelo exerc\u00edcio da atividade, ou seja, se o labor era exercido na constru\u00e7\u00e3o de edif\u00edcios, barragens, pontes, escava\u00e7\u00f5es de superf\u00edcie, subsolo e t\u00faneis. Caso fosse como servente, pintor, mestre de obras, engenheiro, pedreiro, marceneiro, mec\u00e2nico, t\u00e9cnico de perfura\u00e7\u00e3o de solo etc., era poss\u00edvel contar, para cada ano trabalhado, quatro meses para homens e dois meses para mulheres.<\/span><\/p>\n<p style=\"text-align: justify;\"><span style=\"color: #000000;\">Atualmente, para o trabalhador da Constru\u00e7\u00e3o Civil, a comprova\u00e7\u00e3o da contagem diferenciada somente pode ser realizada pela apresenta\u00e7\u00e3o do Perfil Profissiogr\u00e1fico \u2013 PPP.<\/span><\/p>\n<figure id=\"attachment_6186\" aria-describedby=\"caption-attachment-6186\" style=\"width: 245px\" class=\"wp-caption alignright\"><a href=\"http:\/\/www.jornaldaconstrucaocivil.com.br\/wp-content\/uploads\/2017\/05\/DR-ENEVALDO.png\"><img loading=\"lazy\" decoding=\"async\" class=\"wp-image-6186\" src=\"http:\/\/www.jornaldaconstrucaocivil.com.br\/wp-content\/uploads\/2017\/05\/DR-ENEVALDO.png\" alt=\"DR ENEVALDO\" width=\"245\" height=\"219\" \/><\/a><figcaption id=\"caption-attachment-6186\" class=\"wp-caption-text\"><span style=\"color: #0000ff;\">Dr. Enevaldo Guilherme \u2013 S\u00f3cio-diretor do escrit\u00f3rio Silva Filho &amp; Souza Pereira Sociedade de Advogados<\/span>.<\/figcaption><\/figure>\n<p style=\"text-align: justify;\"><span style=\"color: #000000;\">Anteriormente, n\u00e3o havia essa exig\u00eancia e a comprova\u00e7\u00e3o poderia ser feita somente com a CTPS ou com a CTPS e os laudos t\u00e9cnicos (SB40 ou DSS8030).<\/span><\/p>\n<p style=\"text-align: justify;\"><span style=\"color: #000000;\">De forma particular, entendemos que somente a apresenta\u00e7\u00e3o da CTPS deveria ser o suficiente para o direito \u00e0 convers\u00e3o do per\u00edodo anterior a 1995, mas, para que n\u00e3o haja nenhuma d\u00favida, \u00e9 importante a apresenta\u00e7\u00e3o da CTPS e do laudo t\u00e9cnico.<\/span><\/p>\n<p style=\"text-align: justify;\"><span style=\"color: #000000;\">Contudo, em muitos casos, as construtoras j\u00e1 decretaram fal\u00eancia, fecharam ou at\u00e9 mesmo \u2013 agora, com a opera\u00e7\u00e3o <span style=\"color: #993300;\">\u201cLava Jato\u201d<\/span> em a\u00e7\u00e3o &#8211; ter\u00e3o suas portas fechadas. A\u00ed \u00e9 que deveria entrar em cena o sindicato da categoria, certo?<\/span><\/p>\n<p style=\"text-align: justify;\"><strong><span style=\"color: #000000;\">Errado.<\/span><\/strong><\/p>\n<p style=\"text-align: justify;\"><span style=\"color: #000000;\">O sindicato da classe dos trabalhadores da Constru\u00e7\u00e3o Civil informa que n\u00e3o fornece laudo\/formul\u00e1rio nenhum se a empresa faliu. Azar do trabalhador. Por\u00e9m, ele ignora que a responsabilidade pela emiss\u00e3o do PPP \u00e9 do(a):<\/span><\/p>\n<p style=\"text-align: justify;\"><span style=\"color: #000000;\"><span style=\"color: #993300;\">\u2022 Empresa empregadora, no caso de empregado;<\/span><\/span><br \/>\n<span style=\"color: #993300;\">\u2022 Cooperativa de trabalho ou de produ\u00e7\u00e3o, no caso de cooperados filiados;<\/span><br \/>\n<span style=\"color: #993300;\">\u2022 \u00d3rg\u00e3o Gestor de M\u00e3o de Obra \u2013 OGMO, no caso dos Trabalhadores Portu\u00e1rios Avulsos \u2013 TPA; e<\/span><br \/>\n<span style=\"color: #993300;\">\u2022<em><span style=\"text-decoration: underline;\"> Sindicato de Categoria Profissional<\/span><\/em>, no caso de trabalhador avulso n\u00e3o-portu\u00e1rio.<\/span><br \/>\n<span style=\"color: #993300;\">Essa informa\u00e7\u00e3o est\u00e1 na Instru\u00e7\u00e3o Normativa n\u00ba 45\/2010 do INSS.<\/span><\/p>\n<p style=\"text-align: justify;\"><span style=\"color: #000000;\">\u00c9 exatamente este o cerne da quest\u00e3o debatida pelos sindicatos dos Empregados da Constru\u00e7\u00e3o Civil, pois o fato \u00e9 que eles n\u00e3o s\u00e3o organizados para as categorias profissionais. Portanto, defendem que n\u00e3o devem emitir o PPP. <\/span><br \/>\n<strong><span style=\"color: #000000;\">A Consolida\u00e7\u00e3o das Leis do Trabalho define:<\/span><\/strong><br \/>\n<span style=\"color: #333399;\"><em> &#8220;Art. 511. \u00c9 l\u00edcita a associa\u00e7\u00e3o para fins de estudo, defesa e coordena\u00e7\u00e3o dos seus interesses econ\u00f4micos ou profissionais de todos que, como empregadores, empregados, agentes ou trabalhadores aut\u00f4nomos ou profissionais liberais exer\u00e7am, respectivamente, a mesma atividade ou profiss\u00e3o ou atividades ou profiss\u00f5es similares ou conexas.<\/em><\/span><\/p>\n<p style=\"text-align: justify;\"><span style=\"color: #333399;\"><em>\u00a7 1\u00ba A solidariedade de interesses econ\u00f4micos dos que empreendem atividades id\u00eanticas, similares ou conexas, constitui o v\u00ednculo social b\u00e1sico que se denomina categoria econ\u00f4mica.<\/em><\/span><\/p>\n<p style=\"text-align: justify;\"><span style=\"color: #333399;\"><em>\u00a7 2\u00ba A similitude de condi\u00e7\u00f5es de vida oriunda da profiss\u00e3o ou trabalho em comum, em situa\u00e7\u00e3o de emprego na mesma atividade econ\u00f4mica ou em atividades econ\u00f4micas similares ou conexas, comp\u00f5e a express\u00e3o social elementar compreendida como categoria profissional.<\/em><\/span><\/p>\n<p style=\"text-align: justify;\"><span style=\"color: #333399;\"><em>\u00a7 3\u00ba Categoria profissional diferenciada \u00e9 a que se forma dos empregados que exer\u00e7am profiss\u00f5es ou fun\u00e7\u00f5es diferenciadas por for\u00e7a de estatuto profissional especial ou em conseq\u00fc\u00eancia de condi\u00e7\u00f5es de vida singulares.<\/em><\/span><\/p>\n<p style=\"text-align: justify;\"><span style=\"color: #333399;\"><em>\u00a7 4\u00ba Os limites de identidade, similaridade ou conexidade fixam as dimens\u00f5es dentro das quais a categoria econ\u00f4mica ou profissional \u00e9 homog\u00eanea e a associa\u00e7\u00e3o \u00e9 natural&#8221;.<\/em><\/span><\/p>\n<p style=\"text-align: justify;\"><span style=\"color: #000000;\">Mas ora, o que seria o sindicato sen\u00e3o um sindicato para a categoria profissional do grupo que o define?<\/span><br \/>\n<span style=\"color: #000000;\">A aus\u00eancia de defesa da classe pelo sindicato a qual pertence perde o objetivo a que se presta, cujo fim \u00e9 defender de forma leg\u00edtima o interesse do trabalhador.<\/span><\/p>\n<p style=\"text-align: justify;\"><span style=\"color: #000000;\">E, sendo o sindicato quem define essa autodelimita\u00e7\u00e3o da categoria, deveria, em tese, prestigiar o trabalhador, sobretudo aquele cuja atividade foi na Constru\u00e7\u00e3o Civil, pois \u00e9 latente a exposi\u00e7\u00e3o de perigo habitual e permanente aos agentes agressores a sa\u00fade do trabalhador.<\/span><\/p>\n<p style=\"text-align: justify;\"><span style=\"color: #000000;\">Ou ser\u00e1 que \u00e9 raro acontecer em nosso pa\u00eds acidentes envolvendo trabalhadores na Constru\u00e7\u00e3o Civil?<\/span><br \/>\n<span style=\"color: #000000;\"> \u201c O grupo profissional adquire tal relev\u00e2ncia quando se auto-organiza e se coloca como centro propulsor de uma atividade juridicamente relevante.\u201d.<\/span><\/p>\n<p style=\"text-align: justify;\"><span style=\"color: #000000;\">Em \u00e9poca de <span style=\"color: #993300;\">\u201cLava Jato\u201d<\/span>, impeachment, reforma trabalhista, reforma da previd\u00eancia e mudan\u00e7a de paradigma no comportamento da sociedade, dever\u00edamos nos importar tamb\u00e9m com o que priorizam as organiza\u00e7\u00f5es j\u00e1 assentadas no poder, que devem, principalmente, levar informa\u00e7\u00e3o e lutar efetivamente pelos direitos de todos. <\/span><\/p>\n<p style=\"text-align: justify;\"><span style=\"color: #000000;\">Portanto, se o trabalhador exerceu atividade sujeita a condi\u00e7\u00f5es especiais cujo enquadramento se d\u00e1 por categoria profissional, n\u00e3o h\u00e1 raz\u00e3o para o Sindicato alegar que n\u00e3o deve imiscuir-se nos assuntos do trabalhador com o INSS.<\/span><\/p>\n<p style=\"text-align: justify;\"><span style=\"color: #000000;\">Por derradeiro, \u00e9 bom ressaltar que est\u00e1 no Senado o projeto de Lei n\u00ba 228 de 2011 que objetiva a aprova\u00e7\u00e3o da aposentadoria especial ao trabalhador na Constru\u00e7\u00e3o Civil, sendo que, h\u00e1 seis anos, ainda pende an\u00e1lise dos nossos ilustres deputados.<\/span><\/p>\n<p style=\"text-align: justify;\"><strong><span style=\"color: #000080;\">Dr\u00aaAdalgiza F\u00e1bia e Dr\u00ba Enevaldo Guilherme<\/span><\/strong> <span style=\"color: #003366;\">s\u00e3o s\u00f3cios diretores do escrit\u00f3rio Silva Filho &amp; Souza Pereira Sociedade de Advogados \u00a0<\/span><\/p>\n<p style=\"text-align: justify;\"><span style=\"color: #000000;\">Site:<\/span> <span style=\"text-decoration: underline;\"><span style=\"color: #0000ff; text-decoration: underline;\">www.silvafilhoesouzapereira.adv.br<\/span><\/span><\/p>\n","protected":false},"excerpt":{"rendered":"<p>Por Adalziga F\u00e1bia e Enevaldo Guilherme\u00a0 Maio, 2017 &#8211; O trabalhador sujeito ao Regime Geral de Previd\u00eancia Social tem direito a quatro tipos diferentes de aposentadoria: aposentadoria por tempo de contribui\u00e7\u00e3o, aposentadoria por idade, aposentadoria por invalidez e aposentadoria especial. O presente artigo tem por objetivo esclarecer aspectos da aposentadoria especial e a dificuldade do [&hellip;]<\/p>\n","protected":false},"author":1,"featured_media":6185,"comment_status":"open","ping_status":"open","sticky":false,"template":"","format":"standard","meta":{"_uag_custom_page_level_css":"","footnotes":""},"categories":[27],"tags":[799,1303,2826,2859,4453,4722,6791,7602,8775,8808,8914,9096,10131,10914,11129,11802,11839],"class_list":["post-6173","post","type-post","status-publish","format-standard","has-post-thumbnail","hentry","category-acontece","tag-aposentadoria-especial","tag-barragens","tag-construcao-civil","tag-construcao-de-edificios","tag-escavacoes-de-superficie","tag-exercicio-da-atividade","tag-lei-9-03295","tag-mestre-de-obras","tag-pedreiro","tag-perfil-profissiografico-ppp","tag-pintor","tag-pontes","tag-regime-geral-de-previdencia-social","tag-servente","tag-sindicato-dos-trabalhadores-da-construcao-civil","tag-tipos-diferentes-de-aposentadoria","tag-trabalhador-da-construcao-civil"],"blocksy_meta":[],"spectra_blocks_featured_image_url":[],"spectra_blocks_author_info":{"display_name":"Jornal da Constru\u00e7\u00e3o Civil","avatar_url":"https:\/\/secure.gravatar.com\/avatar\/973c9774fd44ddaceb026973c4962faa70fc512bc4c9da68e8ebb40fecee6540?s=96&d=mm&r=g","author_link":"https:\/\/construcaocivil.siriusmarketingedesign.com.br\/?author=1","description":"Desde de 2013, levando muitas informa\u00e7\u00f5es, lan\u00e7amentos e produtos de qualidade para toda cadeia produtiva da constru\u00e7\u00e3o. O Futuro da constru\u00e7\u00e3o passa por aqui,"},"uagb_featured_image_src":{"full":false,"thumbnail":false,"medium":false,"medium_large":false,"large":false,"1536x1536":false,"2048x2048":false},"uagb_author_info":{"display_name":"Jornal da Constru\u00e7\u00e3o Civil","author_link":"https:\/\/construcaocivil.siriusmarketingedesign.com.br\/?author=1"},"uagb_comment_info":0,"uagb_excerpt":"Por Adalziga F\u00e1bia e Enevaldo Guilherme\u00a0 Maio, 2017 &#8211; O trabalhador sujeito ao Regime Geral de Previd\u00eancia Social tem direito a quatro tipos diferentes de aposentadoria: aposentadoria por tempo de contribui\u00e7\u00e3o, aposentadoria por idade, aposentadoria por invalidez e aposentadoria especial. O presente artigo tem por objetivo esclarecer aspectos da aposentadoria especial e a dificuldade do&hellip;","_links":{"self":[{"href":"https:\/\/construcaocivil.siriusmarketingedesign.com.br\/index.php?rest_route=\/wp\/v2\/posts\/6173","targetHints":{"allow":["GET"]}}],"collection":[{"href":"https:\/\/construcaocivil.siriusmarketingedesign.com.br\/index.php?rest_route=\/wp\/v2\/posts"}],"about":[{"href":"https:\/\/construcaocivil.siriusmarketingedesign.com.br\/index.php?rest_route=\/wp\/v2\/types\/post"}],"author":[{"embeddable":true,"href":"https:\/\/construcaocivil.siriusmarketingedesign.com.br\/index.php?rest_route=\/wp\/v2\/users\/1"}],"replies":[{"embeddable":true,"href":"https:\/\/construcaocivil.siriusmarketingedesign.com.br\/index.php?rest_route=%2Fwp%2Fv2%2Fcomments&post=6173"}],"version-history":[{"count":0,"href":"https:\/\/construcaocivil.siriusmarketingedesign.com.br\/index.php?rest_route=\/wp\/v2\/posts\/6173\/revisions"}],"wp:attachment":[{"href":"https:\/\/construcaocivil.siriusmarketingedesign.com.br\/index.php?rest_route=%2Fwp%2Fv2%2Fmedia&parent=6173"}],"wp:term":[{"taxonomy":"category","embeddable":true,"href":"https:\/\/construcaocivil.siriusmarketingedesign.com.br\/index.php?rest_route=%2Fwp%2Fv2%2Fcategories&post=6173"},{"taxonomy":"post_tag","embeddable":true,"href":"https:\/\/construcaocivil.siriusmarketingedesign.com.br\/index.php?rest_route=%2Fwp%2Fv2%2Ftags&post=6173"}],"curies":[{"name":"wp","href":"https:\/\/api.w.org\/{rel}","templated":true}]}}