{"id":6195,"date":"2017-05-23T10:39:59","date_gmt":"2017-05-23T13:39:59","guid":{"rendered":"http:\/\/www.jornaldaconstrucaocivil.com.br\/?p=6195"},"modified":"2017-05-23T10:39:59","modified_gmt":"2017-05-23T13:39:59","slug":"eletrobras-lanca-plano-de-aposentadoria-extraordinaria","status":"publish","type":"post","link":"https:\/\/construcaocivil.siriusmarketingedesign.com.br\/?p=6195","title":{"rendered":"Eletrobras lan\u00e7a Plano de Aposentadoria Extraordin\u00e1ria"},"content":{"rendered":"<p style=\"text-align: justify;\"><span style=\"color: #000080;\"><em><strong>Proposta faz parte do Plano Diretor de Neg\u00f3cios e Gest\u00e3o da companhia<\/strong><\/em><\/span><\/p>\n<p style=\"text-align: justify;\"><span style=\"color: #000000;\"><span style=\"color: #993300;\">Maio, 2017<\/span> &#8211; A Eletrobras lan\u00e7ou ontem (22) seu Plano de Aposentadoria Extraordin\u00e1ria (PAE). O plano, que est\u00e1 sendo implantado simultaneamente nas empresas Eletrobras Cepel, CGTEE, Chesf, Eletronuclear, Eletronorte, Eletropar, Eletrosul e Furnas, \u00e9 uma das iniciativas previstas no &#8220;Desafio 21: Excel\u00eancia Sustent\u00e1vel&#8221;, o Plano Diretor de Neg\u00f3cios e Gest\u00e3o (PDNG) para o per\u00edodo de 2017 a 2021. A implementa\u00e7\u00e3o do PAE visa reduzir custos e adequar o quadro de pessoal \u00e0 nova realidade do setor el\u00e9trico brasileiro, medidas essenciais para o alcance dos objetivos estrat\u00e9gicos e para a garantia da sustentabilidade do neg\u00f3cio das empresas Eletrobras.<\/span><\/p>\n<p style=\"text-align: justify;\"><span style=\"color: #000000;\">O plano constitui um est\u00edmulo para que os empregados eleg\u00edveis optem pela ades\u00e3o. As condi\u00e7\u00f5es foram submetidas \u00e0 aprova\u00e7\u00e3o da Secretaria de Coordena\u00e7\u00e3o e Governan\u00e7a das Empresas Estatais (Sest) e apresentadas previamente \u00e0s entidades sindicais. As ades\u00f5es volunt\u00e1rias ao PAE foram divididas em dois per\u00edodos, sendo o primeiro at\u00e9 o dia 30 de junho; enquanto o segundo per\u00edodo ocorrer\u00e1 entre 10 e 31 de julho. Os desligamentos ser\u00e3o realizados em sete turmas, de junho a dezembro de 2017. Considerando a ampla experi\u00eancia dos profissionais eleg\u00edveis, a companhia est\u00e1 desenvolvendo a\u00e7\u00f5es para assegurar o repasse do conhecimento.<\/span><\/p>\n<p style=\"text-align: justify;\"><span style=\"color: #000000;\">S\u00e3o considerados eleg\u00edveis cerca de 4.600 empregados, com idade igual ou superior a 55 anos e com pelo menos dez anos de v\u00ednculo empregat\u00edcio com a empresa, no momento do desligamento, que se enquadrem em uma das seguintes condi\u00e7\u00f5es: aposentados pela previd\u00eancia oficial; em condi\u00e7\u00f5es de aposentadoria pela previd\u00eancia oficial at\u00e9 a data de desligamento, de acordo com as regras atuais do INSS; empregados reintegrados e anistiados \u00e0 empresa por meio da Comiss\u00e3o Especial Interministerial (CEI de Anistia \u2013 Lei n\u00ba 8.878\/1994). Neste \u00faltimo caso, n\u00e3o h\u00e1 exig\u00eancia de tempo m\u00ednimo de empresa, idade m\u00ednima ou obrigatoriedade de ser aposentado ou aposent\u00e1vel.<\/span><\/p>\n<p style=\"text-align: justify;\"><span style=\"color: #000000;\">Fonte: Imprensa\/Eletrobras<\/span><\/p>\n<p>&nbsp;<\/p>\n","protected":false},"excerpt":{"rendered":"<p>Proposta faz parte do Plano Diretor de Neg\u00f3cios e Gest\u00e3o da companhia Maio, 2017 &#8211; A Eletrobras lan\u00e7ou ontem (22) seu Plano de Aposentadoria Extraordin\u00e1ria (PAE). O plano, que est\u00e1 sendo implantado simultaneamente nas empresas Eletrobras Cepel, CGTEE, Chesf, Eletronuclear, Eletronorte, Eletropar, Eletrosul e Furnas, \u00e9 uma das iniciativas previstas no &#8220;Desafio 21: Excel\u00eancia Sustent\u00e1vel&#8221;, [&hellip;]<\/p>\n","protected":false},"author":1,"featured_media":0,"comment_status":"open","ping_status":"open","sticky":false,"template":"","format":"standard","meta":{"_uag_custom_page_level_css":"","footnotes":""},"categories":[27],"tags":[2145,2177,2207,3198,3431,3856,4042,4051,4052,4053,4056,5305,5455,8987],"class_list":["post-6195","post","type-post","status-publish","format-standard","hentry","category-acontece","tag-cepel","tag-cgtee","tag-chesf","tag-crise","tag-demissoes","tag-economia","tag-eletrobras","tag-eletronorte","tag-eletronuclear","tag-eletropar","tag-eletrosul","tag-furnas","tag-gestao-de-negocios","tag-plano-de-aposentadoria-extraordinaria-pae"],"blocksy_meta":[],"spectra_blocks_featured_image_url":null,"spectra_blocks_author_info":{"display_name":"Jornal da Constru\u00e7\u00e3o Civil","avatar_url":"https:\/\/secure.gravatar.com\/avatar\/973c9774fd44ddaceb026973c4962faa70fc512bc4c9da68e8ebb40fecee6540?s=96&d=mm&r=g","author_link":"https:\/\/construcaocivil.siriusmarketingedesign.com.br\/?author=1","description":"Desde de 2013, levando muitas informa\u00e7\u00f5es, lan\u00e7amentos e produtos de qualidade para toda cadeia produtiva da constru\u00e7\u00e3o. O Futuro da constru\u00e7\u00e3o passa por aqui,"},"uagb_featured_image_src":{"full":false,"thumbnail":false,"medium":false,"medium_large":false,"large":false,"1536x1536":false,"2048x2048":false},"uagb_author_info":{"display_name":"Jornal da Constru\u00e7\u00e3o Civil","author_link":"https:\/\/construcaocivil.siriusmarketingedesign.com.br\/?author=1"},"uagb_comment_info":0,"uagb_excerpt":"Proposta faz parte do Plano Diretor de Neg\u00f3cios e Gest\u00e3o da companhia Maio, 2017 &#8211; A Eletrobras lan\u00e7ou ontem (22) seu Plano de Aposentadoria Extraordin\u00e1ria (PAE). O plano, que est\u00e1 sendo implantado simultaneamente nas empresas Eletrobras Cepel, CGTEE, Chesf, Eletronuclear, Eletronorte, Eletropar, Eletrosul e Furnas, \u00e9 uma das iniciativas previstas no &#8220;Desafio 21: Excel\u00eancia Sustent\u00e1vel&#8221;,&hellip;","_links":{"self":[{"href":"https:\/\/construcaocivil.siriusmarketingedesign.com.br\/index.php?rest_route=\/wp\/v2\/posts\/6195","targetHints":{"allow":["GET"]}}],"collection":[{"href":"https:\/\/construcaocivil.siriusmarketingedesign.com.br\/index.php?rest_route=\/wp\/v2\/posts"}],"about":[{"href":"https:\/\/construcaocivil.siriusmarketingedesign.com.br\/index.php?rest_route=\/wp\/v2\/types\/post"}],"author":[{"embeddable":true,"href":"https:\/\/construcaocivil.siriusmarketingedesign.com.br\/index.php?rest_route=\/wp\/v2\/users\/1"}],"replies":[{"embeddable":true,"href":"https:\/\/construcaocivil.siriusmarketingedesign.com.br\/index.php?rest_route=%2Fwp%2Fv2%2Fcomments&post=6195"}],"version-history":[{"count":0,"href":"https:\/\/construcaocivil.siriusmarketingedesign.com.br\/index.php?rest_route=\/wp\/v2\/posts\/6195\/revisions"}],"wp:attachment":[{"href":"https:\/\/construcaocivil.siriusmarketingedesign.com.br\/index.php?rest_route=%2Fwp%2Fv2%2Fmedia&parent=6195"}],"wp:term":[{"taxonomy":"category","embeddable":true,"href":"https:\/\/construcaocivil.siriusmarketingedesign.com.br\/index.php?rest_route=%2Fwp%2Fv2%2Fcategories&post=6195"},{"taxonomy":"post_tag","embeddable":true,"href":"https:\/\/construcaocivil.siriusmarketingedesign.com.br\/index.php?rest_route=%2Fwp%2Fv2%2Ftags&post=6195"}],"curies":[{"name":"wp","href":"https:\/\/api.w.org\/{rel}","templated":true}]}}