{"id":6208,"date":"2017-05-23T20:52:05","date_gmt":"2017-05-23T23:52:05","guid":{"rendered":"http:\/\/www.jornaldaconstrucaocivil.com.br\/?p=6208"},"modified":"2017-05-23T20:52:05","modified_gmt":"2017-05-23T23:52:05","slug":"jcb-e-homenageada-na-international-rental-exhibition-ire","status":"publish","type":"post","link":"https:\/\/construcaocivil.siriusmarketingedesign.com.br\/?p=6208","title":{"rendered":"JCB \u00e9 homenageada na International Rental Exhibition (IRE)"},"content":{"rendered":"<p style=\"text-align: justify;\"><span style=\"color: #000080;\"><em><strong>Empresa \u00e9 reconhecida como l\u00edder no desenvolvimento de m\u00e1quinas e equipamentos que atendem o setor de loca\u00e7\u00e3o<\/strong><\/em><\/span><\/p>\n<p style=\"text-align: justify;\"><span style=\"color: #000000;\"><span style=\"color: #993300;\">S\u00e3o Paulo, maio de 2017<\/span> \u2013 Logos ap\u00f3s participar da maior feira de agroneg\u00f3cios da Am\u00e9rica Latina, a Agrishow, a JCB marcou presen\u00e7a na International Rental Exhibition (IRE) que, ao lado de Bauma e Intermat, \u00e9 uma das principais conven\u00e7\u00f5es do setor de m\u00e1quinas da Europa. Homenageada por seu trabalho no desenvolvimento de m\u00e1quinas, solu\u00e7\u00f5es e equipamentos que atendem ao setor de loca\u00e7\u00e3o, durante o evento a JCB apresentou um de seus mais recentes lan\u00e7amentos globais, a linha JCB Access.<\/span><\/p>\n<figure id=\"attachment_6209\" aria-describedby=\"caption-attachment-6209\" style=\"width: 324px\" class=\"wp-caption alignleft\"><a href=\"http:\/\/www.jornaldaconstrucaocivil.com.br\/wp-content\/uploads\/2017\/05\/JCB-2.jpg\"><img loading=\"lazy\" decoding=\"async\" class=\"wp-image-6209\" src=\"http:\/\/www.jornaldaconstrucaocivil.com.br\/wp-content\/uploads\/2017\/05\/JCB-2.jpg\" alt=\"JCB\" width=\"324\" height=\"276\" \/><\/a><figcaption id=\"caption-attachment-6209\" class=\"wp-caption-text\"><span style=\"color: #0000ff;\">Da direita para a esquerda: Yvette Henshall-Bell, George Bamford e Martin Sebestyen.<\/span><\/figcaption><\/figure>\n<p style=\"text-align: justify;\"><span style=\"color: #000000;\">Na cerim\u00f4nia de entrega dos pr\u00eamios European Rental Awards &#8211; organizada pela European Rental Association (ERA) e pela revista International Rental News, estiveram presentes George Bamford, herdeiro da JCB, Yvette Henshall-Bell, diretora global de major accounts, e Claudio Fiorentini, diretor geral de grandes contas globais e projetos especiais da JCB.<\/span><\/p>\n<p style=\"text-align: justify;\"><span style=\"color: #000000;\">Segundo Martin Sebestyen, presidente do comit\u00ea t\u00e9cnico da ERA, <span style=\"color: #000080;\"><em>&#8220;a JCB demonstrou um forte compromisso com a concep\u00e7\u00e3o de produtos adaptados \u00e0 ind\u00fastria de loca\u00e7\u00e3o. Estamos muito satisfeitos com este resultado&#8221;.<\/em><\/span><\/span><\/p>\n<p style=\"text-align: justify;\"><span style=\"color: #000000;\">Para a JCB a expectativa \u00e9, cada vez mais, fortalecer sua participa\u00e7\u00e3o mundial no setor, apresentando solu\u00e7\u00f5es inovadoras e personalizadas, aliadas ao alto desempenho e versatilidade, caracter\u00edsticas j\u00e1 tradicionais da marca. <span style=\"color: #000080;\"><em>&#8220;A JCB oferece uma vasta e completa gama de equipamentos especialmente desenhados para a loca\u00e7\u00e3o. A garantia do fabricante, os intervalos de servi\u00e7o prolongados, pontos de servi\u00e7o de f\u00e1cil acesso e projetos de baixa manuten\u00e7\u00e3o s\u00e3o alguns dos diferenciais que ressalto. &#8220;<\/em><\/span>, afirma Agnaldo Lopes, gerente de produtos heavy line e major accounts da JCB do Brasil.<\/span><\/p>\n<p style=\"text-align: justify;\">Fonte: Imprensa\/JCB Brasil<\/p>\n","protected":false},"excerpt":{"rendered":"<p>Empresa \u00e9 reconhecida como l\u00edder no desenvolvimento de m\u00e1quinas e equipamentos que atendem o setor de loca\u00e7\u00e3o S\u00e3o Paulo, maio de 2017 \u2013 Logos ap\u00f3s participar da maior feira de agroneg\u00f3cios da Am\u00e9rica Latina, a Agrishow, a JCB marcou presen\u00e7a na International Rental Exhibition (IRE) que, ao lado de Bauma e Intermat, \u00e9 uma das [&hellip;]<\/p>\n","protected":false},"author":1,"featured_media":0,"comment_status":"open","ping_status":"open","sticky":false,"template":"","format":"standard","meta":{"_uag_custom_page_level_css":"","footnotes":""},"categories":[27],"tags":[543,2826,6096,6281,6489,7210,9501],"class_list":["post-6208","post","type-post","status-publish","format-standard","hentry","category-acontece","tag-agronegocios","tag-construcao-civil","tag-infraestrutura","tag-international-rental-exhibition-ire","tag-jcb","tag-maquinas-e-equipamentos","tag-produtos-heavy-line"],"blocksy_meta":[],"spectra_blocks_featured_image_url":null,"spectra_blocks_author_info":{"display_name":"Jornal da Constru\u00e7\u00e3o Civil","avatar_url":"https:\/\/secure.gravatar.com\/avatar\/973c9774fd44ddaceb026973c4962faa70fc512bc4c9da68e8ebb40fecee6540?s=96&d=mm&r=g","author_link":"https:\/\/construcaocivil.siriusmarketingedesign.com.br\/?author=1","description":"Desde de 2013, levando muitas informa\u00e7\u00f5es, lan\u00e7amentos e produtos de qualidade para toda cadeia produtiva da constru\u00e7\u00e3o. O Futuro da constru\u00e7\u00e3o passa por aqui,"},"uagb_featured_image_src":{"full":false,"thumbnail":false,"medium":false,"medium_large":false,"large":false,"1536x1536":false,"2048x2048":false},"uagb_author_info":{"display_name":"Jornal da Constru\u00e7\u00e3o Civil","author_link":"https:\/\/construcaocivil.siriusmarketingedesign.com.br\/?author=1"},"uagb_comment_info":0,"uagb_excerpt":"Empresa \u00e9 reconhecida como l\u00edder no desenvolvimento de m\u00e1quinas e equipamentos que atendem o setor de loca\u00e7\u00e3o S\u00e3o Paulo, maio de 2017 \u2013 Logos ap\u00f3s participar da maior feira de agroneg\u00f3cios da Am\u00e9rica Latina, a Agrishow, a JCB marcou presen\u00e7a na International Rental Exhibition (IRE) que, ao lado de Bauma e Intermat, \u00e9 uma das&hellip;","_links":{"self":[{"href":"https:\/\/construcaocivil.siriusmarketingedesign.com.br\/index.php?rest_route=\/wp\/v2\/posts\/6208","targetHints":{"allow":["GET"]}}],"collection":[{"href":"https:\/\/construcaocivil.siriusmarketingedesign.com.br\/index.php?rest_route=\/wp\/v2\/posts"}],"about":[{"href":"https:\/\/construcaocivil.siriusmarketingedesign.com.br\/index.php?rest_route=\/wp\/v2\/types\/post"}],"author":[{"embeddable":true,"href":"https:\/\/construcaocivil.siriusmarketingedesign.com.br\/index.php?rest_route=\/wp\/v2\/users\/1"}],"replies":[{"embeddable":true,"href":"https:\/\/construcaocivil.siriusmarketingedesign.com.br\/index.php?rest_route=%2Fwp%2Fv2%2Fcomments&post=6208"}],"version-history":[{"count":0,"href":"https:\/\/construcaocivil.siriusmarketingedesign.com.br\/index.php?rest_route=\/wp\/v2\/posts\/6208\/revisions"}],"wp:attachment":[{"href":"https:\/\/construcaocivil.siriusmarketingedesign.com.br\/index.php?rest_route=%2Fwp%2Fv2%2Fmedia&parent=6208"}],"wp:term":[{"taxonomy":"category","embeddable":true,"href":"https:\/\/construcaocivil.siriusmarketingedesign.com.br\/index.php?rest_route=%2Fwp%2Fv2%2Fcategories&post=6208"},{"taxonomy":"post_tag","embeddable":true,"href":"https:\/\/construcaocivil.siriusmarketingedesign.com.br\/index.php?rest_route=%2Fwp%2Fv2%2Ftags&post=6208"}],"curies":[{"name":"wp","href":"https:\/\/api.w.org\/{rel}","templated":true}]}}