{"id":6230,"date":"2017-05-24T20:58:09","date_gmt":"2017-05-24T23:58:09","guid":{"rendered":"http:\/\/www.jornaldaconstrucaocivil.com.br\/?p=6230"},"modified":"2017-05-24T20:58:09","modified_gmt":"2017-05-24T23:58:09","slug":"chacina-em-redencao-pa-deixa-pelo-menos-10-posseiros-mortos","status":"publish","type":"post","link":"https:\/\/construcaocivil.siriusmarketingedesign.com.br\/?p=6230","title":{"rendered":"Chacina em Reden\u00e7\u00e3o (PA) deixa pelo menos 10 posseiros mortos"},"content":{"rendered":"<p style=\"text-align: justify;\"><span style=\"color: #000000;\"><span style=\"color: #993300;\">Maio, 2017<\/span> &#8211; Conforme informa\u00e7\u00f5es preliminares, dez posseiros \u2013 sendo 9 homens e 1 mulher \u2013 foram assassinados durante uma a\u00e7\u00e3o de reintegra\u00e7\u00e3o de posse de um acampamento situado na Fazenda Santa L\u00facia, no munic\u00edpio de Pau d\u2019arco, no Sudeste do estado do Par\u00e1. A reintegra\u00e7\u00e3o era realizada pelas Pol\u00edcias Civil e Militar de Reden\u00e7\u00e3o.<\/span><\/p>\n<p style=\"text-align: justify;\"><span style=\"color: #000000;\">As dez v\u00edtimas foram mortas na manh\u00e3 desta quarta-feira, 24 de maio, durante o cumprimento de uma a\u00e7\u00e3o de reintegra\u00e7\u00e3o de posse determinada pelo juiz da Vara Agr\u00e1ria de Reden\u00e7\u00e3o. Ainda segundo informa\u00e7\u00f5es iniciais, o magistrado determinou que essa ordem fosse cumprida por policiais militares e civis. O juiz n\u00e3o se atentou para as orienta\u00e7\u00f5es que constam na Cartilha da Ouvidoria Agr\u00e1ria Nacional e nas diretrizes do Tribunal de Justi\u00e7a, que determinam que esse tipo de a\u00e7\u00e3o seja realizada por Batalh\u00e3o da Pol\u00edcia Militar especializado nestas situa\u00e7\u00f5es.<\/span><\/p>\n<p style=\"text-align: justify;\"><span style=\"color: #000000;\">Equipe da Pol\u00edcia Federal (PF) est\u00e1 se deslocando para a \u00e1rea onde ocorreu o conflito para verificar se h\u00e1 mais pessoas mortas ou feridas.<\/span><\/p>\n<p style=\"text-align: justify;\"><span style=\"color: #000000;\">Segundo ve\u00edculos de comunica\u00e7\u00e3o da regi\u00e3o, os corpos dos posseiros foram levados, inicialmente, para o necrot\u00e9rio do Hospital Municipal de Reden\u00e7\u00e3o, posteriormente devem ser transferidos para o Instituto M\u00e9dico Legal (IML) do munic\u00edpio de Marab\u00e1.<\/span><\/p>\n<p style=\"text-align: justify;\"><span style=\"color: #000000;\">A Comiss\u00e3o Pastoral da Terra (CPT) divulgou, h\u00e1 pouco mais de um m\u00eas, o seu relat\u00f3rio anual, Conflitos no Campo Brasil 2016, em que destacou os 61 assassinatos ocorridos no ano passado, o maior n\u00famero j\u00e1 registrado desde 2003. E a viol\u00eancia n\u00e3o d\u00e1 tr\u00e9gua em 2017. At\u00e9 o momento, j\u00e1 s\u00e3o 26 pessoas assassinadas em conflitos no campo brasileiro \u2013 as mortes ocorridas hoje em Reden\u00e7\u00e3o ainda n\u00e3o constam nesta rela\u00e7\u00e3o. E no \u00faltimo dia 19, completou-se um m\u00eas da Chacina de Colniza, no Mato Grosso, quando 9 trabalhadores rurais foram brutalmente assassinados por um grupo de homens encapuzados.<\/span><\/p>\n<p style=\"text-align: justify;\"><strong><span style=\"color: #000000;\">\u00a0Hist\u00f3rico de conflito<\/span><\/strong><\/p>\n<p style=\"text-align: justify;\"><span style=\"color: #000000;\">No segundo semestre do ano passado, no dia 21 de outubro, durante reuni\u00e3o da Comiss\u00e3o Nacional de Combate \u00e0 Viol\u00eancia no Campo, realizada na sede do INCRA, em Marab\u00e1 (PA), o coordenador do Acampamento Nova Vida, Ronaldo da Silva Santos, informou que as 150 fam\u00edlias acampadas desejavam que o im\u00f3vel fosse destinado para a Reforma Agr\u00e1ria. As fam\u00edlias estavam acampadas na \u00e1rea desde 18 de maio de 2015.<\/span><\/p>\n<p style=\"text-align: justify;\"><span style=\"color: #000000;\">O ent\u00e3o Superintendente Regional do INCRA em Marab\u00e1, Claudeck Alves Ferreira, assumiu compromisso com Ronaldo de se reunir com o propriet\u00e1rio da fazenda e negociar sua destina\u00e7\u00e3o \u00e0 Reforma Agr\u00e1ria. Por\u00e9m, segundo Ferreira, a \u00e1rea n\u00e3o poderia ser desapropriada enquanto estivesse ocupada.<\/span><\/p>\n<p style=\"text-align: justify;\"><span style=\"color: #000000;\">Na \u00e9poca, participaram desta reuni\u00e3o, o ent\u00e3o Ouvidor Agr\u00e1rio Nacional e Presidente da Comiss\u00e3o Nacional de Combate \u00e0 Viol\u00eancia no Campo, desembargador Gercino Jos\u00e9 da Silva Filho; A\u00edlson Silveira Machado, representante da Secretaria de Direitos Humanos do Minist\u00e9rio da Justi\u00e7a e Cidadania; Representantes regionais do INCRA; Representante da Pol\u00edcia Militar de Marab\u00e1; e coordenadores da Federa\u00e7\u00e3o Estadual dos Trabalhadores e Trabalhadoras na Agricultura Familiar do Par\u00e1 (FETRAF \u2013 PAR\u00c1).<\/span><\/p>\n<p style=\"text-align: justify;\">Fonte: Comiss\u00e3o Pastoral da Terra<\/p>\n<p style=\"text-align: justify;\">\n<p>&nbsp;<\/p>\n","protected":false},"excerpt":{"rendered":"<p>Maio, 2017 &#8211; Conforme informa\u00e7\u00f5es preliminares, dez posseiros \u2013 sendo 9 homens e 1 mulher \u2013 foram assassinados durante uma a\u00e7\u00e3o de reintegra\u00e7\u00e3o de posse de um acampamento situado na Fazenda Santa L\u00facia, no munic\u00edpio de Pau d\u2019arco, no Sudeste do estado do Par\u00e1. A reintegra\u00e7\u00e3o era realizada pelas Pol\u00edcias Civil e Militar de Reden\u00e7\u00e3o. [&hellip;]<\/p>\n","protected":false},"author":1,"featured_media":0,"comment_status":"open","ping_status":"open","sticky":false,"template":"","format":"standard","meta":{"_uag_custom_page_level_css":"","footnotes":""},"categories":[27],"tags":[527,533,1893,2499,4883,4885,7235,8170,11723,11854,12421],"class_list":["post-6230","post","type-post","status-publish","format-standard","hentry","category-acontece","tag-agricultores","tag-agricultura-familiar-do-para","tag-cartilha-da-ouvidoria-agraria-nacional","tag-comissao-pastoral-da-terra","tag-fazenda-santa-lucia","tag-fazendeiros","tag-maraba-pa","tag-norte","tag-terras-ocupadas","tag-trabalhadores-rurais","tag-violencia"],"blocksy_meta":[],"spectra_blocks_featured_image_url":null,"spectra_blocks_author_info":{"display_name":"Jornal da Constru\u00e7\u00e3o Civil","avatar_url":"https:\/\/secure.gravatar.com\/avatar\/973c9774fd44ddaceb026973c4962faa70fc512bc4c9da68e8ebb40fecee6540?s=96&d=mm&r=g","author_link":"https:\/\/construcaocivil.siriusmarketingedesign.com.br\/?author=1","description":"Desde de 2013, levando muitas informa\u00e7\u00f5es, lan\u00e7amentos e produtos de qualidade para toda cadeia produtiva da constru\u00e7\u00e3o. O Futuro da constru\u00e7\u00e3o passa por aqui,"},"uagb_featured_image_src":{"full":false,"thumbnail":false,"medium":false,"medium_large":false,"large":false,"1536x1536":false,"2048x2048":false},"uagb_author_info":{"display_name":"Jornal da Constru\u00e7\u00e3o Civil","author_link":"https:\/\/construcaocivil.siriusmarketingedesign.com.br\/?author=1"},"uagb_comment_info":0,"uagb_excerpt":"Maio, 2017 &#8211; Conforme informa\u00e7\u00f5es preliminares, dez posseiros \u2013 sendo 9 homens e 1 mulher \u2013 foram assassinados durante uma a\u00e7\u00e3o de reintegra\u00e7\u00e3o de posse de um acampamento situado na Fazenda Santa L\u00facia, no munic\u00edpio de Pau d\u2019arco, no Sudeste do estado do Par\u00e1. A reintegra\u00e7\u00e3o era realizada pelas Pol\u00edcias Civil e Militar de Reden\u00e7\u00e3o.&hellip;","_links":{"self":[{"href":"https:\/\/construcaocivil.siriusmarketingedesign.com.br\/index.php?rest_route=\/wp\/v2\/posts\/6230","targetHints":{"allow":["GET"]}}],"collection":[{"href":"https:\/\/construcaocivil.siriusmarketingedesign.com.br\/index.php?rest_route=\/wp\/v2\/posts"}],"about":[{"href":"https:\/\/construcaocivil.siriusmarketingedesign.com.br\/index.php?rest_route=\/wp\/v2\/types\/post"}],"author":[{"embeddable":true,"href":"https:\/\/construcaocivil.siriusmarketingedesign.com.br\/index.php?rest_route=\/wp\/v2\/users\/1"}],"replies":[{"embeddable":true,"href":"https:\/\/construcaocivil.siriusmarketingedesign.com.br\/index.php?rest_route=%2Fwp%2Fv2%2Fcomments&post=6230"}],"version-history":[{"count":0,"href":"https:\/\/construcaocivil.siriusmarketingedesign.com.br\/index.php?rest_route=\/wp\/v2\/posts\/6230\/revisions"}],"wp:attachment":[{"href":"https:\/\/construcaocivil.siriusmarketingedesign.com.br\/index.php?rest_route=%2Fwp%2Fv2%2Fmedia&parent=6230"}],"wp:term":[{"taxonomy":"category","embeddable":true,"href":"https:\/\/construcaocivil.siriusmarketingedesign.com.br\/index.php?rest_route=%2Fwp%2Fv2%2Fcategories&post=6230"},{"taxonomy":"post_tag","embeddable":true,"href":"https:\/\/construcaocivil.siriusmarketingedesign.com.br\/index.php?rest_route=%2Fwp%2Fv2%2Ftags&post=6230"}],"curies":[{"name":"wp","href":"https:\/\/api.w.org\/{rel}","templated":true}]}}