{"id":6241,"date":"2017-05-25T20:05:42","date_gmt":"2017-05-25T23:05:42","guid":{"rendered":"http:\/\/www.jornaldaconstrucaocivil.com.br\/?p=6241"},"modified":"2017-05-25T20:05:42","modified_gmt":"2017-05-25T23:05:42","slug":"com-a-presenca-de-mais-de-1-400-empresarios-abertura-do-enic-2017-e-palco-da-celebracao-dos-60-anos-da-cbic","status":"publish","type":"post","link":"https:\/\/construcaocivil.siriusmarketingedesign.com.br\/?p=6241","title":{"rendered":"Com a presen\u00e7a de mais de 1.400 empres\u00e1rios, abertura do ENIC 2017 \u00e9 palco da celebra\u00e7\u00e3o dos 60 anos da CBIC"},"content":{"rendered":"<p style=\"text-align: justify;\"><span style=\"color: #000000;\"><span style=\"color: #993300;\">Maio, 2017<\/span> &#8211; Uma noite de m\u00fasica e homenagens \u00e0 Bras\u00edlia foi cen\u00e1rio da celebra\u00e7\u00e3o dos 60 anos da C\u00e2mara Brasileira da Ind\u00fastria da Constru\u00e7\u00e3o (CBIC). Dirigentes, empres\u00e1rios e profissionais do setor prestigiaram a abertura do 89\u00ba Encontro Nacional da Ind\u00fastria da Constru\u00e7\u00e3o (ENIC) na capital federal, em uma programa\u00e7\u00e3o que encantou pela beleza. O Enic\u00a0 ocorre hoje e amanh\u00e3 no Centro de Conven\u00e7\u00f5es Brasil 21. <span style=\"color: #000080;\"><em>&#8220;Eu agrade\u00e7o ao amigo Botelho, que mesmo com todas as dificuldades manteve e tradi\u00e7\u00e3o de qualidade do nosso ENIC&#8221;, afirmou Jos\u00e9 Carlos Martins, presidente da CBIC, referindo-se ao presidente do Sinduscon-DF, Lu\u00eds Carlos Botelho. &#8220;Tivemos uma noite memor\u00e1vel&#8221;.<\/em><\/span><\/span><\/p>\n<figure id=\"attachment_6242\" aria-describedby=\"caption-attachment-6242\" style=\"width: 364px\" class=\"wp-caption alignleft\"><a href=\"http:\/\/www.jornaldaconstrucaocivil.com.br\/wp-content\/uploads\/2017\/05\/MUSICA.jpg\"><img loading=\"lazy\" decoding=\"async\" class=\"wp-image-6242\" src=\"http:\/\/www.jornaldaconstrucaocivil.com.br\/wp-content\/uploads\/2017\/05\/MUSICA-1024x555.jpg\" alt=\"MUSICA\" width=\"364\" height=\"197\" \/><\/a><figcaption id=\"caption-attachment-6242\" class=\"wp-caption-text\">Fotos: Guilherme Kardel<\/figcaption><\/figure>\n<p style=\"text-align: justify;\"><span style=\"color: #000000;\">Com o slogan,<span style=\"color: #993300;\"> &#8220;supera\u00e7\u00e3o \u00e9 nossa maior obra&#8221;<\/span> o ENIC \u00e9 um dos principais eventos do calend\u00e1rio anual da constru\u00e7\u00e3o civil, unindo o setor produtivo n\u00e3o apenas para demonstrar a coes\u00e3o do setor, mas principalmente para propor e discutir temas da agenda nacional e de interesse do setor, com vistas \u00e0 moderniza\u00e7\u00e3o da constru\u00e7\u00e3o e a contribuir com o o futuro do brasil.<\/span><\/p>\n<p style=\"text-align: justify;\"><span style=\"color: #000000;\">Realizada pelo Sindicato da Ind\u00fastria da Constru\u00e7\u00e3o Civil do Distrito Federal (Sinduscon-DF) em parceria com a C\u00e2mara Brasileira da Constru\u00e7\u00e3o Civil (CBIC) e correaliza\u00e7\u00e3o do SENAI, a solenidade foi marcada por uma homenagem a Juscelino Kubitschek, o idealizador de Bras\u00edlia. Mineira de Patos de Minas, a cantora e compositora Glaucia Nasser alternou m\u00fasica, est\u00f3rias e belas imagens para contar\u00a0\u00a0 parte da hist\u00f3ria do Brasil que JK ajudou a escrever, na d\u00e9cada de 1950. Tempo de um Brasil grande, constru\u00eddo com otimismo, esperan\u00e7a e democracia.<\/span><\/p>\n<p style=\"text-align: justify;\"><span style=\"color: #000000;\">Na sequ\u00eancia, foi apresentado um v\u00eddeo com imagens de Bras\u00edlia. A arquitetura ousada e \u00fanica, nascida do tra\u00e7o do arquiteto Oscar Niemeyer, o projeto urban\u00edstico de Lucio Costa, o verde em amplos espa\u00e7os e o azul do c\u00e9u que lembra a imensid\u00e3o do mar deixaram a plateia deslumbrada.<\/span><\/p>\n<p style=\"text-align: justify;\"><em><span style=\"color: #993300;\">O 89\u00b0 Encontro da Ind\u00fastria da Constru\u00e7\u00e3o (ENIC) \u00e9 uma promo\u00e7\u00e3o da C\u00e2mara Brasileira da Ind\u00fastria da Constru\u00e7\u00e3o (CBIC) e uma realiza\u00e7\u00e3o do Sinduscon-DF. As reuni\u00f5es t\u00e9cnicas das Comiss\u00f5es, F\u00f3runs e Banco de Dados da CBIC contam com a correaliza\u00e7\u00e3o do SENAI Nacional e SESI Nacional.<\/span><\/em><\/p>\n<p style=\"text-align: justify;\"><span style=\"color: #000000;\">Fonte: Boletim CBIC<\/span><\/p>\n","protected":false},"excerpt":{"rendered":"<p>Maio, 2017 &#8211; Uma noite de m\u00fasica e homenagens \u00e0 Bras\u00edlia foi cen\u00e1rio da celebra\u00e7\u00e3o dos 60 anos da C\u00e2mara Brasileira da Ind\u00fastria da Constru\u00e7\u00e3o (CBIC). Dirigentes, empres\u00e1rios e profissionais do setor prestigiaram a abertura do 89\u00ba Encontro Nacional da Ind\u00fastria da Constru\u00e7\u00e3o (ENIC) na capital federal, em uma programa\u00e7\u00e3o que encantou pela beleza. O [&hellip;]<\/p>\n","protected":false},"author":1,"featured_media":6242,"comment_status":"open","ping_status":"open","sticky":false,"template":"","format":"standard","meta":{"_uag_custom_page_level_css":"","footnotes":""},"categories":[27],"tags":[255,299,1574,2826,2978,4187,6096,6310,8032,10880,10965,11154],"class_list":["post-6241","post","type-post","status-publish","format-standard","has-post-thumbnail","hentry","category-acontece","tag-89o-enic","tag-abertura-do-evento","tag-brasilia-df","tag-construcao-civil","tag-construtores","tag-empresarios","tag-infraestrutura","tag-investimentos","tag-musica","tag-senai-nacional","tag-sesi-nacional","tag-sinduscon-df"],"blocksy_meta":[],"spectra_blocks_featured_image_url":[],"spectra_blocks_author_info":{"display_name":"Jornal da Constru\u00e7\u00e3o Civil","avatar_url":"https:\/\/secure.gravatar.com\/avatar\/973c9774fd44ddaceb026973c4962faa70fc512bc4c9da68e8ebb40fecee6540?s=96&d=mm&r=g","author_link":"https:\/\/construcaocivil.siriusmarketingedesign.com.br\/?author=1","description":"Desde de 2013, levando muitas informa\u00e7\u00f5es, lan\u00e7amentos e produtos de qualidade para toda cadeia produtiva da constru\u00e7\u00e3o. O Futuro da constru\u00e7\u00e3o passa por aqui,"},"uagb_featured_image_src":{"full":false,"thumbnail":false,"medium":false,"medium_large":false,"large":false,"1536x1536":false,"2048x2048":false},"uagb_author_info":{"display_name":"Jornal da Constru\u00e7\u00e3o Civil","author_link":"https:\/\/construcaocivil.siriusmarketingedesign.com.br\/?author=1"},"uagb_comment_info":0,"uagb_excerpt":"Maio, 2017 &#8211; Uma noite de m\u00fasica e homenagens \u00e0 Bras\u00edlia foi cen\u00e1rio da celebra\u00e7\u00e3o dos 60 anos da C\u00e2mara Brasileira da Ind\u00fastria da Constru\u00e7\u00e3o (CBIC). Dirigentes, empres\u00e1rios e profissionais do setor prestigiaram a abertura do 89\u00ba Encontro Nacional da Ind\u00fastria da Constru\u00e7\u00e3o (ENIC) na capital federal, em uma programa\u00e7\u00e3o que encantou pela beleza. O&hellip;","_links":{"self":[{"href":"https:\/\/construcaocivil.siriusmarketingedesign.com.br\/index.php?rest_route=\/wp\/v2\/posts\/6241","targetHints":{"allow":["GET"]}}],"collection":[{"href":"https:\/\/construcaocivil.siriusmarketingedesign.com.br\/index.php?rest_route=\/wp\/v2\/posts"}],"about":[{"href":"https:\/\/construcaocivil.siriusmarketingedesign.com.br\/index.php?rest_route=\/wp\/v2\/types\/post"}],"author":[{"embeddable":true,"href":"https:\/\/construcaocivil.siriusmarketingedesign.com.br\/index.php?rest_route=\/wp\/v2\/users\/1"}],"replies":[{"embeddable":true,"href":"https:\/\/construcaocivil.siriusmarketingedesign.com.br\/index.php?rest_route=%2Fwp%2Fv2%2Fcomments&post=6241"}],"version-history":[{"count":0,"href":"https:\/\/construcaocivil.siriusmarketingedesign.com.br\/index.php?rest_route=\/wp\/v2\/posts\/6241\/revisions"}],"wp:attachment":[{"href":"https:\/\/construcaocivil.siriusmarketingedesign.com.br\/index.php?rest_route=%2Fwp%2Fv2%2Fmedia&parent=6241"}],"wp:term":[{"taxonomy":"category","embeddable":true,"href":"https:\/\/construcaocivil.siriusmarketingedesign.com.br\/index.php?rest_route=%2Fwp%2Fv2%2Fcategories&post=6241"},{"taxonomy":"post_tag","embeddable":true,"href":"https:\/\/construcaocivil.siriusmarketingedesign.com.br\/index.php?rest_route=%2Fwp%2Fv2%2Ftags&post=6241"}],"curies":[{"name":"wp","href":"https:\/\/api.w.org\/{rel}","templated":true}]}}