{"id":6256,"date":"2017-05-25T21:07:18","date_gmt":"2017-05-26T00:07:18","guid":{"rendered":"http:\/\/www.jornaldaconstrucaocivil.com.br\/?p=6256"},"modified":"2017-05-25T21:07:18","modified_gmt":"2017-05-26T00:07:18","slug":"cenario-de-incertezas-pode-comprometer-perspectivas-de-crescimento","status":"publish","type":"post","link":"https:\/\/construcaocivil.siriusmarketingedesign.com.br\/?p=6256","title":{"rendered":"Cen\u00e1rio de incertezas pode comprometer perspectivas de crescimento"},"content":{"rendered":"<p style=\"text-align: justify;\"><span style=\"color: #000000;\"><span style=\"color: #993300;\"><span style=\"color: #000000;\">Maio, 2017<\/span> &#8211; &#8220;Ser\u00e1 que a ind\u00fastria de constru\u00e7\u00e3o vai mesmo crescer 0,5% este ano, e 2% em 2018, como indicam as proje\u00e7\u00f5es? Novamente, aquela assombra\u00e7\u00e3o, que n\u00e3o estava totalmente exorcizada, volta a incomodar&#8221;<\/span>, diz o economista Daniel Furletti, sobre o retorno das incertezas com a crise pol\u00edtica.<\/span><\/p>\n<p style=\"text-align: justify;\"><span style=\"color: #000000;\"><em><span style=\"color: #000080;\">&#8220;Precisamos de um descolamento da economia da pol\u00edtica, que j\u00e1 ensaiava uma recupera\u00e7\u00e3o nos primeiros meses do ano, depois de oito trimestres de recess\u00e3o e queda acumulada de 7,26% do Produto Interno Bruto<\/span><\/em>&#8220;, apontou ele, no f\u00f3rum Banco de Dados, do 89\u00ba Encontro Nacional da Ind\u00fastria da Constru\u00e7\u00e3o.<\/span><\/p>\n<figure id=\"attachment_6257\" aria-describedby=\"caption-attachment-6257\" style=\"width: 800px\" class=\"wp-caption alignnone\"><a href=\"http:\/\/www.jornaldaconstrucaocivil.com.br\/wp-content\/uploads\/2017\/05\/AA-CBIC-Mulher.jpg\"><img loading=\"lazy\" decoding=\"async\" class=\"size-full wp-image-6257\" src=\"http:\/\/www.jornaldaconstrucaocivil.com.br\/wp-content\/uploads\/2017\/05\/AA-CBIC-Mulher.jpg\" alt=\"Encontro Nacional da Ind\u00fastria da Constru\u00e7\u00e3o - ENIC 2017- Ieda Vasconcelos \" width=\"800\" height=\"600\" \/><\/a><figcaption id=\"caption-attachment-6257\" class=\"wp-caption-text\"><span style=\"color: #0000ff;\">Encontro Nacional da Ind\u00fastria da Constru\u00e7\u00e3o &#8211; ENIC 2017- Ieda Vasconcelos<\/span>. Foto: Breno Esaki<\/figcaption><\/figure>\n<p style=\"text-align: justify;\"><span style=\"color: #000000;\">Furletti e a economista Ieda Vasconcelos, tamb\u00e9m do Banco de Dados da CBIC, fizeram uma an\u00e1lise conjuntural da economia brasileira, contextualizando o setor da constru\u00e7\u00e3o civil no atual cen\u00e1rio de inquieta\u00e7\u00f5es. &#8220;Ser\u00e1 que as indica\u00e7\u00f5es positivas v\u00e3o se consolidar? pergunta ele, citando a queda da taxa de juros e da infla\u00e7\u00e3o, que tem proje\u00e7\u00e3o de ficar abaixo do centro da meta de 4,5% ao fim do ano.<\/span><\/p>\n<p style=\"text-align: justify;\"><span style=\"color: #000000;\">Vasconcelos lembrou o resultado positivo de alguns indicadores macroecon\u00f4micos, no primeiro trimestre do ano. <em><span style=\"color: #000080;\">&#8220;Apesar das proje\u00e7\u00f5es positivas para o PIB no primeiro trimestre, os resultados da constru\u00e7\u00e3o ainda n\u00e3o ser\u00e3o t\u00e3o bons assim&#8221;<\/span><\/em>, afirmou. Ela listou alguns dados negativos, como a retra\u00e7\u00e3o de 6,3% nas vendas de material; menos 14,4% nas unidades financiadas com recursos da caderneta de poupan\u00e7a e queda de 10,1% na venda de cimentos de janeiro a abril de 2017 em rela\u00e7\u00e3o a per\u00edodo igual doa no anterior.<\/span><\/p>\n<p style=\"text-align: justify;\"><span style=\"color: #000000;\"><em><span style=\"color: #000080;\">&#8220;Temos um n\u00famero que reflete bem o cen\u00e1rio de recess\u00e3o no setor. Em abril de 2014 a constru\u00e7\u00e3o tinha 3,219 milh\u00f5es de trabalhadores contratados, n\u00famero que caiu para 2,221 milh\u00f5es em abril deste ano&#8221;<\/span><\/em>, apontou ela.<\/span><\/p>\n<p style=\"text-align: justify;\"><span style=\"color: #000000;\">Furletti destacou que a confian\u00e7a do empres\u00e1rio da constru\u00e7\u00e3o apresentava-se em ascen\u00e7\u00e3o. Vari\u00e1vel importante para o retorno dos investimentos e retomada do crescimento. <em><span style=\"color: #000080;\">&#8220;Para acontecer o investimento \u00e9 preciso confian\u00e7a, principalmente do capital estrangeiro. Mas como um fundo de pens\u00e3o internacional vai nos dar capital de longo prazo, ao enxergar o Brasil neste cen\u00e1rio conturbado&#8221;<\/span><\/em>, questiona Furletti.<\/span><\/p>\n<p style=\"text-align: justify;\"><span style=\"color: #000000;\">O cen\u00e1rio conturbado que voltou a comprometer, principalmente, as reformas estruturais, destacaram os economistas. Segundo ele, \u00e9 imperativo que o Congresso Nacional aprove as reformas da Previd\u00eancia e Trabalhista. <em><span style=\"color: #000080;\">&#8220;A aprova\u00e7\u00e3o das reformas trabalhista e previd\u00eanci\u00e1rias abre um ambiente positivo de aprova\u00e7\u00e3o de outras reformas estruturantes, como a administrativa e a tribut\u00e1ria que ir\u00e3o consolidar o ambiente prop\u00edcio aos neg\u00f3cios&#8221;<\/span><\/em>\u00a0 diz Furletti, afirmando torcer para que se dissolva o cen\u00e1rio de paralisia que se instalou.<\/span><\/p>\n<p style=\"text-align: justify;\"><span style=\"color: #000000;\"><em><span style=\"color: #000080;\">&#8220;As expectativas v\u00e3o sinalizar nos pr\u00f3ximos dias, diante do cen\u00e1rio incerto de maio, se o pa\u00eds entra num caminho de retrocesso ou as perspectivas de crescimento se concretizam&#8221;<\/span><\/em>, concluiu Vasconcelos.<\/span><\/p>\n<p style=\"text-align: justify;\"><em><span style=\"color: #993300;\">O 89\u00b0 Encontro da Ind\u00fastria da Constru\u00e7\u00e3o (ENIC) \u00e9 uma promo\u00e7\u00e3o da C\u00e2mara Brasileira da Ind\u00fastria da Constru\u00e7\u00e3o (CBIC) e uma realiza\u00e7\u00e3o do Sinduscon-DF. As reuni\u00f5es t\u00e9cnicas das Comiss\u00f5es, F\u00f3runs e Banco de Dados da CBIC contam com a correaliza\u00e7\u00e3o do SENAI Nacional e SESI Nacional.<\/span><\/em><\/p>\n<p style=\"text-align: justify;\">Fonte: Boletim CBIC<\/p>\n","protected":false},"excerpt":{"rendered":"<p>Maio, 2017 &#8211; &#8220;Ser\u00e1 que a ind\u00fastria de constru\u00e7\u00e3o vai mesmo crescer 0,5% este ano, e 2% em 2018, como indicam as proje\u00e7\u00f5es? Novamente, aquela assombra\u00e7\u00e3o, que n\u00e3o estava totalmente exorcizada, volta a incomodar&#8221;, diz o economista Daniel Furletti, sobre o retorno das incertezas com a crise pol\u00edtica. &#8220;Precisamos de um descolamento da economia da [&hellip;]<\/p>\n","protected":false},"author":1,"featured_media":0,"comment_status":"open","ping_status":"open","sticky":false,"template":"","format":"standard","meta":{"_uag_custom_page_level_css":"","footnotes":""},"categories":[33],"tags":[253,2064,2826,3217,3863,6026,6310,7470,8886],"class_list":["post-6256","post","type-post","status-publish","format-standard","hentry","category-mercado","tag-89o-encontro-nacional-da-industria-da-construcao","tag-cenario-de-incerteza","tag-construcao-civil","tag-crise-politica","tag-economia-brasiliera","tag-industria-da-construcao","tag-investimentos","tag-mercado","tag-pib"],"blocksy_meta":[],"spectra_blocks_featured_image_url":null,"spectra_blocks_author_info":{"display_name":"Jornal da Constru\u00e7\u00e3o Civil","avatar_url":"https:\/\/secure.gravatar.com\/avatar\/973c9774fd44ddaceb026973c4962faa70fc512bc4c9da68e8ebb40fecee6540?s=96&d=mm&r=g","author_link":"https:\/\/construcaocivil.siriusmarketingedesign.com.br\/?author=1","description":"Desde de 2013, levando muitas informa\u00e7\u00f5es, lan\u00e7amentos e produtos de qualidade para toda cadeia produtiva da constru\u00e7\u00e3o. O Futuro da constru\u00e7\u00e3o passa por aqui,"},"uagb_featured_image_src":{"full":false,"thumbnail":false,"medium":false,"medium_large":false,"large":false,"1536x1536":false,"2048x2048":false},"uagb_author_info":{"display_name":"Jornal da Constru\u00e7\u00e3o Civil","author_link":"https:\/\/construcaocivil.siriusmarketingedesign.com.br\/?author=1"},"uagb_comment_info":0,"uagb_excerpt":"Maio, 2017 &#8211; &#8220;Ser\u00e1 que a ind\u00fastria de constru\u00e7\u00e3o vai mesmo crescer 0,5% este ano, e 2% em 2018, como indicam as proje\u00e7\u00f5es? Novamente, aquela assombra\u00e7\u00e3o, que n\u00e3o estava totalmente exorcizada, volta a incomodar&#8221;, diz o economista Daniel Furletti, sobre o retorno das incertezas com a crise pol\u00edtica. &#8220;Precisamos de um descolamento da economia da&hellip;","_links":{"self":[{"href":"https:\/\/construcaocivil.siriusmarketingedesign.com.br\/index.php?rest_route=\/wp\/v2\/posts\/6256","targetHints":{"allow":["GET"]}}],"collection":[{"href":"https:\/\/construcaocivil.siriusmarketingedesign.com.br\/index.php?rest_route=\/wp\/v2\/posts"}],"about":[{"href":"https:\/\/construcaocivil.siriusmarketingedesign.com.br\/index.php?rest_route=\/wp\/v2\/types\/post"}],"author":[{"embeddable":true,"href":"https:\/\/construcaocivil.siriusmarketingedesign.com.br\/index.php?rest_route=\/wp\/v2\/users\/1"}],"replies":[{"embeddable":true,"href":"https:\/\/construcaocivil.siriusmarketingedesign.com.br\/index.php?rest_route=%2Fwp%2Fv2%2Fcomments&post=6256"}],"version-history":[{"count":0,"href":"https:\/\/construcaocivil.siriusmarketingedesign.com.br\/index.php?rest_route=\/wp\/v2\/posts\/6256\/revisions"}],"wp:attachment":[{"href":"https:\/\/construcaocivil.siriusmarketingedesign.com.br\/index.php?rest_route=%2Fwp%2Fv2%2Fmedia&parent=6256"}],"wp:term":[{"taxonomy":"category","embeddable":true,"href":"https:\/\/construcaocivil.siriusmarketingedesign.com.br\/index.php?rest_route=%2Fwp%2Fv2%2Fcategories&post=6256"},{"taxonomy":"post_tag","embeddable":true,"href":"https:\/\/construcaocivil.siriusmarketingedesign.com.br\/index.php?rest_route=%2Fwp%2Fv2%2Ftags&post=6256"}],"curies":[{"name":"wp","href":"https:\/\/api.w.org\/{rel}","templated":true}]}}