{"id":6261,"date":"2017-05-26T14:14:07","date_gmt":"2017-05-26T17:14:07","guid":{"rendered":"http:\/\/www.jornaldaconstrucaocivil.com.br\/?p=6261"},"modified":"2017-05-26T14:14:07","modified_gmt":"2017-05-26T17:14:07","slug":"encontro-no-bndes-cobra-compromisso-unificado-do-governo-brasileiro-sobre-o-desenvolvimento-sustentavel","status":"publish","type":"post","link":"https:\/\/construcaocivil.siriusmarketingedesign.com.br\/?p=6261","title":{"rendered":"Encontro no BNDES cobra compromisso unificado do governo brasileiro sobre o Desenvolvimento Sustent\u00e1vel"},"content":{"rendered":"<p style=\"text-align: justify;\">Da Reda\u00e7\u00e3o<\/p>\n<p style=\"text-align: justify;\"><span style=\"color: #000000;\"><span style=\"color: #993300;\">Rio, maio, 2017<\/span> &#8211; S\u00e3o in\u00fameras preocupa\u00e7\u00f5es e iniciativas de criar-se uma agenda unificada de pol\u00edticas p\u00fablicas no \u00e2mbito universal, entretanto diversos fatores locais e regionais ainda atrapalham essas realiza\u00e7\u00f5es globais. Problemas como, incapacidade de planejamento em longo prazo, corrup\u00e7\u00e3o, crises pol\u00edticas, humanas e econ\u00f4micas est\u00e3o entre os principais fatores de travamento do desenvolvimento sustent\u00e1vel no planeta.<\/span><\/p>\n<figure id=\"attachment_6262\" aria-describedby=\"caption-attachment-6262\" style=\"width: 376px\" class=\"wp-caption alignleft\"><a href=\"http:\/\/www.jornaldaconstrucaocivil.com.br\/wp-content\/uploads\/2017\/05\/pnudplataforma2030.png\"><img loading=\"lazy\" decoding=\"async\" class=\"wp-image-6262\" src=\"http:\/\/www.jornaldaconstrucaocivil.com.br\/wp-content\/uploads\/2017\/05\/pnudplataforma2030.png\" alt=\"pnudplataforma2030\" width=\"376\" height=\"276\" \/><\/a><figcaption id=\"caption-attachment-6262\" class=\"wp-caption-text\">Plataforma online disponibiliza dados sobre problemas visados pela Agenda 2030 da ONU. Foto: PNUD Brasil<\/figcaption><\/figure>\n<p style=\"text-align: justify;\"><span style=\"color: #000000;\">No Brasil, a\u00e7\u00f5es conjuntas do PNUD, BNDES entre outras institui\u00e7\u00f5es e governos estaduais est\u00e3o mudando esse panorama. Foi o que ficou demostrado hoje no<span style=\"color: #0000ff;\"> IV Semin\u00e1rio do PNUD sobre a Agenda 2030: Parcerias para Integrar, Inovar e Incluir,<\/span> promovido pelo Banco Nacional de Desenvolvimento Econ\u00f4mico e Social e o Programa das Na\u00e7\u00f5es Unidas para o Desenvolvimento.<\/span><\/p>\n<p style=\"text-align: justify;\"><span style=\"color: #000000;\">Segundo Henrique Vila, Secret\u00e1rio de Articula\u00e7\u00e3o Social da Secret\u00e1ria de Governo da Presid\u00eancia da Rep\u00fablica, neste momento desafiante de incertezas e desconfortos que o Brasil atravessa, a Agenda 2030 nos coloca em uma constru\u00e7\u00e3o de uma nova na\u00e7\u00e3o: <em><span style=\"color: #000080;\">\u201cNeste momento temos que sair da zona de conforto e agirmos efetivamente para deixar as institui\u00e7\u00f5es de governan\u00e7a muito bem fortalecidas. No caso da Agenda 2030 \u2013 Objetivos do Mil\u00eanio para o Desenvolvimento Sustent\u00e1vel ningu\u00e9m ficar\u00e1 para tr\u00e1s\u201d<\/span><\/em>, comentou Henrique.\u00a0<\/span><\/p>\n<p style=\"text-align: justify;\"><span style=\"color: #000000;\">Para o Diretor de Pa\u00eds do PNUD Brasil, \u00e9 importante ter parcerias como que est\u00e1 acontecendo, por exemplo, no estado do Piau\u00ed. L\u00e1, a institui\u00e7\u00e3o assessora na parte t\u00e9cnica da implanta\u00e7\u00e3o das ODE\u00b4S \u2013 Parcerias e Coopera\u00e7\u00e3o de Desenvolvimento na regi\u00e3o.<em><span style=\"color: #000080;\"> \u201cPrecisamos que as parcerias n\u00e3o sejam apenas um desejo e sim uma realiza\u00e7\u00e3o\u201d<\/span><\/em>, disse.<\/span><\/p>\n<p style=\"text-align: justify;\"><span style=\"color: #000000;\">Em rela\u00e7\u00e3o ao gerenciamento e avalia\u00e7\u00e3o do uso eficiente dos recursos financeiros, o diretor da \u00c1rea de Planejamento de Pesquisa no BNDES, Vinicius do Nascimento Carrasco, comentou durante o evento que todos os objetivos das ODE\u00b4S est\u00e3o de acordo com crit\u00e9rios do Banco. \u00a0<em><span style=\"color: #000080;\">\u201cHoje n\u00f3s, implementamos na institui\u00e7\u00e3o um departamento gerencial espec\u00edfico para monitoramento e acompanhamento dos recursos p\u00fablicos\u201d.<\/span><\/em><\/span><\/p>\n","protected":false},"excerpt":{"rendered":"<p>Da Reda\u00e7\u00e3o Rio, maio, 2017 &#8211; S\u00e3o in\u00fameras preocupa\u00e7\u00f5es e iniciativas de criar-se uma agenda unificada de pol\u00edticas p\u00fablicas no \u00e2mbito universal, entretanto diversos fatores locais e regionais ainda atrapalham essas realiza\u00e7\u00f5es globais. Problemas como, incapacidade de planejamento em longo prazo, corrup\u00e7\u00e3o, crises pol\u00edticas, humanas e econ\u00f4micas est\u00e3o entre os principais fatores de travamento do [&hellip;]<\/p>\n","protected":false},"author":1,"featured_media":6262,"comment_status":"open","ping_status":"open","sticky":false,"template":"","format":"standard","meta":{"_uag_custom_page_level_css":"","footnotes":""},"categories":[27],"tags":[1464,3528,3856,4324,6139,7832,8978,9044,9970],"class_list":["post-6261","post","type-post","status-publish","format-standard","has-post-thumbnail","hentry","category-acontece","tag-bndes","tag-desenvolvimento-sustentavel","tag-economia","tag-energias-renovaveis","tag-inovacao-e-sustentabilidade","tag-monitoramento-e-avaliacao-dos-gastos-publicos","tag-planejamento","tag-pnud","tag-recursos-financeiros"],"blocksy_meta":[],"spectra_blocks_featured_image_url":[],"spectra_blocks_author_info":{"display_name":"Jornal da Constru\u00e7\u00e3o Civil","avatar_url":"https:\/\/secure.gravatar.com\/avatar\/973c9774fd44ddaceb026973c4962faa70fc512bc4c9da68e8ebb40fecee6540?s=96&d=mm&r=g","author_link":"https:\/\/construcaocivil.siriusmarketingedesign.com.br\/?author=1","description":"Desde de 2013, levando muitas informa\u00e7\u00f5es, lan\u00e7amentos e produtos de qualidade para toda cadeia produtiva da constru\u00e7\u00e3o. O Futuro da constru\u00e7\u00e3o passa por aqui,"},"uagb_featured_image_src":{"full":false,"thumbnail":false,"medium":false,"medium_large":false,"large":false,"1536x1536":false,"2048x2048":false},"uagb_author_info":{"display_name":"Jornal da Constru\u00e7\u00e3o Civil","author_link":"https:\/\/construcaocivil.siriusmarketingedesign.com.br\/?author=1"},"uagb_comment_info":0,"uagb_excerpt":"Da Reda\u00e7\u00e3o Rio, maio, 2017 &#8211; S\u00e3o in\u00fameras preocupa\u00e7\u00f5es e iniciativas de criar-se uma agenda unificada de pol\u00edticas p\u00fablicas no \u00e2mbito universal, entretanto diversos fatores locais e regionais ainda atrapalham essas realiza\u00e7\u00f5es globais. Problemas como, incapacidade de planejamento em longo prazo, corrup\u00e7\u00e3o, crises pol\u00edticas, humanas e econ\u00f4micas est\u00e3o entre os principais fatores de travamento do&hellip;","_links":{"self":[{"href":"https:\/\/construcaocivil.siriusmarketingedesign.com.br\/index.php?rest_route=\/wp\/v2\/posts\/6261","targetHints":{"allow":["GET"]}}],"collection":[{"href":"https:\/\/construcaocivil.siriusmarketingedesign.com.br\/index.php?rest_route=\/wp\/v2\/posts"}],"about":[{"href":"https:\/\/construcaocivil.siriusmarketingedesign.com.br\/index.php?rest_route=\/wp\/v2\/types\/post"}],"author":[{"embeddable":true,"href":"https:\/\/construcaocivil.siriusmarketingedesign.com.br\/index.php?rest_route=\/wp\/v2\/users\/1"}],"replies":[{"embeddable":true,"href":"https:\/\/construcaocivil.siriusmarketingedesign.com.br\/index.php?rest_route=%2Fwp%2Fv2%2Fcomments&post=6261"}],"version-history":[{"count":0,"href":"https:\/\/construcaocivil.siriusmarketingedesign.com.br\/index.php?rest_route=\/wp\/v2\/posts\/6261\/revisions"}],"wp:attachment":[{"href":"https:\/\/construcaocivil.siriusmarketingedesign.com.br\/index.php?rest_route=%2Fwp%2Fv2%2Fmedia&parent=6261"}],"wp:term":[{"taxonomy":"category","embeddable":true,"href":"https:\/\/construcaocivil.siriusmarketingedesign.com.br\/index.php?rest_route=%2Fwp%2Fv2%2Fcategories&post=6261"},{"taxonomy":"post_tag","embeddable":true,"href":"https:\/\/construcaocivil.siriusmarketingedesign.com.br\/index.php?rest_route=%2Fwp%2Fv2%2Ftags&post=6261"}],"curies":[{"name":"wp","href":"https:\/\/api.w.org\/{rel}","templated":true}]}}