{"id":6268,"date":"2017-05-26T20:51:17","date_gmt":"2017-05-26T23:51:17","guid":{"rendered":"http:\/\/www.jornaldaconstrucaocivil.com.br\/?p=6268"},"modified":"2017-05-26T20:51:17","modified_gmt":"2017-05-26T23:51:17","slug":"economia-esta-forte-e-sem-risco-de-colapso-diz-meirelles-no-89o-enic","status":"publish","type":"post","link":"https:\/\/construcaocivil.siriusmarketingedesign.com.br\/?p=6268","title":{"rendered":"Economia est\u00e1 forte e sem risco de colapso, diz Meirelles no 89\u00ba ENIC"},"content":{"rendered":"<p style=\"text-align: justify;\"><span style=\"color: #000000;\"><span style=\"color: #0000ff;\">Maio, 2017<\/span> &#8211; O ministro da Fazenda, Henrique Meirelles, disse hoje que apesar da crise, a economia brasileira apresenta sinais de crescimento,<span style=\"color: #993300;\"> &#8220;j\u00e1 est\u00e1 forte, n\u00e3o est\u00e1 sujeita a qualquer abalo ou a entrar em colapso&#8221;<\/span>. Aprovadas as reformas estruturais propostas pelo governo, o Brasil pode chegar a uma taxa de crescimento entre 3,5% a 4% ao ano, informou ele, durante painel no 89\u00ba Encontro Nacional da Ind\u00fastria da Constru\u00e7\u00e3o (ENIC).<\/span><\/p>\n<figure id=\"attachment_6269\" aria-describedby=\"caption-attachment-6269\" style=\"width: 345px\" class=\"wp-caption alignleft\"><a href=\"http:\/\/www.jornaldaconstrucaocivil.com.br\/wp-content\/uploads\/2017\/05\/AA-CBIC.jpg\"><img loading=\"lazy\" decoding=\"async\" class=\"wp-image-6269\" src=\"http:\/\/www.jornaldaconstrucaocivil.com.br\/wp-content\/uploads\/2017\/05\/AA-CBIC.jpg\" alt=\"AA CBIC\" width=\"345\" height=\"204\" \/><\/a><figcaption id=\"caption-attachment-6269\" class=\"wp-caption-text\"><span style=\"color: #0000ff;\">Ministro da Fazenda, Henrique Meirelles durante o 89\u00ba ENIC.<\/span> Fotos: Andr\u00e9 Piccinini<\/figcaption><\/figure>\n<p style=\"text-align: justify;\"><span style=\"color: #000000;\">O ministro alertou para o pessimismo exagerado, <span style=\"color: #993300;\">&#8220;que pode levar a decis\u00f5es equivocadas&#8221;<\/span>. E garantiu que mesmo com a crise pol\u00edtica enfrentada pelo presidente Michel Temer, a Reforma da Previd\u00eancia &#8220;j\u00e1 est\u00e1 incorporada&#8221; \u00e0 agenda do pa\u00eds e\u00a0 <span style=\"color: #993300;\">&#8220;extrapola esse campo de debate&#8221;<\/span>.<\/span><\/p>\n<p style=\"text-align: justify;\"><span style=\"color: #000000;\"><span style=\"color: #993300;\">&#8220;Como eu disse, acho que a Reforma da Previd\u00eancia \u00e9 algo que \u00e9 cada vez mais uma consci\u00eancia nacional. O presidente Temer introduziu esse debate, mas \u00e9 hoje uma proposta cada vez mais incorporada pela Na\u00e7\u00e3o&#8221;<\/span>, afirmou.<\/span><\/p>\n<p style=\"text-align: justify;\"><span style=\"color: #000000;\">Meirelles apresentou dados do Banco Central que indicam a retomada do crescimento econ\u00f4mico no primeiro trimestre do ano, reiterando a previs\u00e3o de alta de 0,5% no Produto Interno Bruto (PIB) em rela\u00e7\u00e3o ao ano passado.<\/span><\/p>\n<p style=\"text-align: justify;\"><span style=\"color: #000000;\"><span style=\"color: #993300;\">&#8220;O fato concreto \u00e9 que o Brasil, hoje, ao contr\u00e1rio do que muitos dizem, n\u00e3o \u00e9 uma economia de um Estado fragilizado. Tem condi\u00e7\u00f5es de crescer. N\u00e3o \u00e9 uma economia que est\u00e1 sujeita a qualquer abalo ou sujeita a entrar em colapso. Hoje temos uma economia que j\u00e1 est\u00e1 forte&#8221;<\/span>, depois de mergulhar na pior recess\u00e3o da hist\u00f3ria, continuou. &#8220;\u00c9 um m\u00e9rito deste governo&#8221;, disse o ministro, citando a aprova\u00e7\u00e3o da legisla\u00e7\u00e3o do p\u00fablicos, que segundo ele j\u00e1 est\u00e1 dando resultados. Citou ainda o encaminhamento das reformas da Previd\u00eancia e trabalhista. <span style=\"color: #993300;\">&#8220;Tudo isso \u00e9 que est\u00e1 dando empuxo e consist\u00eancia na recupera\u00e7\u00e3o econ\u00f4mica&#8221;.<\/span><\/span><\/p>\n<p style=\"text-align: justify;\"><span style=\"color: #000000;\">Meirelles ressaltou a queda da infla\u00e7\u00e3o, que leva \u00e0a redu\u00e7\u00e3o dos juros,\u00a0 resulta num aumento do poder de compra da popula\u00e7\u00e3o.<span style=\"color: #993300;\"> &#8220;Nos \u00faltimos meses, empresas e fam\u00edlias iniciaram um processo para pagamento de d\u00edvidas, processo que era fundamental para que a economia pudesse voltar a crescer&#8221;<\/span>, afirmou.<\/span><\/p>\n<p style=\"text-align: justify;\"><span style=\"color: #000000;\">Citou ainda medidas microecon\u00f4micas, que devem permitir a redu\u00e7\u00e3o dos spreads banc\u00e1rios. &#8220;O importante \u00e9 que o pa\u00eds est\u00e1 na rota certa, est\u00e1 crescendo. Questionado se acha poss\u00edvel Temer continuar no pal\u00e1cio do Planalto, o ministro da Fazenda respondeu que <span style=\"color: #993300;\">&#8220;o importante \u00e9 a continuidade dessa via de retomada da economia brasileira&#8221;<\/span>. Ressaltou ainda a import\u00e2ncia de se manter<span style=\"color: #993300;\"> &#8220;serenidade e equil\u00edbrio&#8221;<\/span>.<\/span><\/p>\n<p style=\"text-align: justify;\"><span style=\"color: #000000;\"><span style=\"color: #993300;\">&#8220;N\u00f3s temos uma tend\u00eancia de, em determinados momentos em que as not\u00edcias s\u00e3o boas, colocar um otimismo exagerado, o que \u00e9 negativo, porque pode levar a decis\u00f5es equivocadas&#8221;<\/span>, disse o ministro da Fazenda, aos empres\u00e1rios da constru\u00e7\u00e3o, presentes ao do painel<span style=\"color: #993300;\"> &#8220;O Brasil do Futuro: As Oportunidades em um Novo Ambiente de Neg\u00f3cios&#8221;<\/span>, mediado pelo jornalista Cristiano Romero, do jornal Valor Econ\u00f4mico.<\/span><\/p>\n<p style=\"text-align: justify;\"><span style=\"color: #000000;\"><em>O 89\u00b0 Encontro da Ind\u00fastria da Constru\u00e7\u00e3o (ENIC) \u00e9 uma promo\u00e7\u00e3o da C\u00e2mara Brasileira da Ind\u00fastria da Constru\u00e7\u00e3o (CBIC) e uma realiza\u00e7\u00e3o do Sinduscon\u00adDF. As reuni\u00f5es t\u00e9cnicas das Comiss\u00f5es, F\u00f3runs e Banco de Dados da CBIC contam com a correaliza\u00e7\u00e3o do SENAI Nacional e SESI Nacional.<\/em><\/span><\/p>\n<p style=\"text-align: justify;\"><span style=\"color: #000000;\">Fonte: Boletim CBIC<\/span><\/p>\n","protected":false},"excerpt":{"rendered":"<p>Maio, 2017 &#8211; O ministro da Fazenda, Henrique Meirelles, disse hoje que apesar da crise, a economia brasileira apresenta sinais de crescimento, &#8220;j\u00e1 est\u00e1 forte, n\u00e3o est\u00e1 sujeita a qualquer abalo ou a entrar em colapso&#8221;. Aprovadas as reformas estruturais propostas pelo governo, o Brasil pode chegar a uma taxa de crescimento entre 3,5% a [&hellip;]<\/p>\n","protected":false},"author":1,"featured_media":6269,"comment_status":"open","ping_status":"open","sticky":false,"template":"","format":"standard","meta":{"_uag_custom_page_level_css":"","footnotes":""},"categories":[33],"tags":[253,1574,2029,2404,2826,3217,3861,5575,6310,7470,7746,8886],"class_list":["post-6268","post","type-post","status-publish","format-standard","has-post-thumbnail","hentry","category-mercado","tag-89o-encontro-nacional-da-industria-da-construcao","tag-brasilia-df","tag-cbic","tag-colapso","tag-construcao-civil","tag-crise-politica","tag-economia-brasileira","tag-governo-temer-em-baixa","tag-investimentos","tag-mercado","tag-ministro-da-fazenda-henriques-meirelles","tag-pib"],"blocksy_meta":[],"spectra_blocks_featured_image_url":[],"spectra_blocks_author_info":{"display_name":"Jornal da Constru\u00e7\u00e3o Civil","avatar_url":"https:\/\/secure.gravatar.com\/avatar\/973c9774fd44ddaceb026973c4962faa70fc512bc4c9da68e8ebb40fecee6540?s=96&d=mm&r=g","author_link":"https:\/\/construcaocivil.siriusmarketingedesign.com.br\/?author=1","description":"Desde de 2013, levando muitas informa\u00e7\u00f5es, lan\u00e7amentos e produtos de qualidade para toda cadeia produtiva da constru\u00e7\u00e3o. O Futuro da constru\u00e7\u00e3o passa por aqui,"},"uagb_featured_image_src":{"full":false,"thumbnail":false,"medium":false,"medium_large":false,"large":false,"1536x1536":false,"2048x2048":false},"uagb_author_info":{"display_name":"Jornal da Constru\u00e7\u00e3o Civil","author_link":"https:\/\/construcaocivil.siriusmarketingedesign.com.br\/?author=1"},"uagb_comment_info":0,"uagb_excerpt":"Maio, 2017 &#8211; O ministro da Fazenda, Henrique Meirelles, disse hoje que apesar da crise, a economia brasileira apresenta sinais de crescimento, &#8220;j\u00e1 est\u00e1 forte, n\u00e3o est\u00e1 sujeita a qualquer abalo ou a entrar em colapso&#8221;. Aprovadas as reformas estruturais propostas pelo governo, o Brasil pode chegar a uma taxa de crescimento entre 3,5% a&hellip;","_links":{"self":[{"href":"https:\/\/construcaocivil.siriusmarketingedesign.com.br\/index.php?rest_route=\/wp\/v2\/posts\/6268","targetHints":{"allow":["GET"]}}],"collection":[{"href":"https:\/\/construcaocivil.siriusmarketingedesign.com.br\/index.php?rest_route=\/wp\/v2\/posts"}],"about":[{"href":"https:\/\/construcaocivil.siriusmarketingedesign.com.br\/index.php?rest_route=\/wp\/v2\/types\/post"}],"author":[{"embeddable":true,"href":"https:\/\/construcaocivil.siriusmarketingedesign.com.br\/index.php?rest_route=\/wp\/v2\/users\/1"}],"replies":[{"embeddable":true,"href":"https:\/\/construcaocivil.siriusmarketingedesign.com.br\/index.php?rest_route=%2Fwp%2Fv2%2Fcomments&post=6268"}],"version-history":[{"count":0,"href":"https:\/\/construcaocivil.siriusmarketingedesign.com.br\/index.php?rest_route=\/wp\/v2\/posts\/6268\/revisions"}],"wp:attachment":[{"href":"https:\/\/construcaocivil.siriusmarketingedesign.com.br\/index.php?rest_route=%2Fwp%2Fv2%2Fmedia&parent=6268"}],"wp:term":[{"taxonomy":"category","embeddable":true,"href":"https:\/\/construcaocivil.siriusmarketingedesign.com.br\/index.php?rest_route=%2Fwp%2Fv2%2Fcategories&post=6268"},{"taxonomy":"post_tag","embeddable":true,"href":"https:\/\/construcaocivil.siriusmarketingedesign.com.br\/index.php?rest_route=%2Fwp%2Fv2%2Ftags&post=6268"}],"curies":[{"name":"wp","href":"https:\/\/api.w.org\/{rel}","templated":true}]}}