{"id":6316,"date":"2017-05-30T14:39:14","date_gmt":"2017-05-30T17:39:14","guid":{"rendered":"http:\/\/www.jornaldaconstrucaocivil.com.br\/?p=6316"},"modified":"2017-05-30T14:39:14","modified_gmt":"2017-05-30T17:39:14","slug":"sasazaki-lanca-grade-externa-universal","status":"publish","type":"post","link":"https:\/\/construcaocivil.siriusmarketingedesign.com.br\/?p=6316","title":{"rendered":"Sasazaki lan\u00e7a Grade Externa Universal"},"content":{"rendered":"<p style=\"text-align: justify;\"><span style=\"color: #000000;\">Empresa apresenta a grade avulsa para janelas, que aumenta a seguran\u00e7a sem necessidade de substitui\u00e7\u00e3o da esquadria. Para divulgar a novidade, a Sasazaki preparou um v\u00eddeo que pode ser acessado a partir de hoje<\/span><\/p>\n<p style=\"text-align: justify;\"><span style=\"color: #000000;\"><span style=\"color: #993300;\">Maio, 2017<\/span> &#8211; Mais seguran\u00e7a, praticidade e beleza, com pre\u00e7o competitivo: esses s\u00e3o os destaques da nova <span style=\"color: #0000ff;\">Grade Externa Universal<\/span>, lan\u00e7amento da Sasazaki &#8211; fabricante de portas e janelas de a\u00e7o e alum\u00ednio. De a\u00e7o, tem aplica\u00e7\u00e3o universal e pode ser instalada em qualquer janela do mercado com as medidas aplic\u00e1veis.<\/span><\/p>\n<figure id=\"attachment_6317\" aria-describedby=\"caption-attachment-6317\" style=\"width: 291px\" class=\"wp-caption alignleft\"><a href=\"http:\/\/www.jornaldaconstrucaocivil.com.br\/wp-content\/uploads\/2017\/05\/AA-SASAZAKI.jpg\"><img loading=\"lazy\" decoding=\"async\" class=\"wp-image-6317\" src=\"http:\/\/www.jornaldaconstrucaocivil.com.br\/wp-content\/uploads\/2017\/05\/AA-SASAZAKI.jpg\" alt=\"AA SASAZAKI\" width=\"291\" height=\"218\" \/><\/a><figcaption id=\"caption-attachment-6317\" class=\"wp-caption-text\">Divulga\u00e7\u00e3o<\/figcaption><\/figure>\n<p style=\"text-align: justify;\"><span style=\"color: #000000;\">A <span style=\"color: #0000ff;\">Grade Externa Universal<\/span> est\u00e1 dispon\u00edvel em dois m\u00f3dulos que, unidos, protegem v\u00e3os de janelas com alturas de 100 a 120 cm e larguras de 100 a 150 cm. A novidade possui acabamento na cor branca, pr\u00e9-tratamento nanocer\u00e2mico e pintura pelo processo cataforese, processo tecnol\u00f3gico inovador e ecoeficiente, que aumenta a resist\u00eancia do material.<\/span><\/p>\n<p style=\"text-align: justify;\"><span style=\"color: #000000;\">De f\u00e1cil instala\u00e7\u00e3o, a <span style=\"color: #0000ff;\">Grade Externa Universal<\/span> \u00e9 fornecida com duas op\u00e7\u00f5es de fixa\u00e7\u00e3o, para escolha do consumidor: chumbamento com grapa, acoplado \u00e0 parede; ou parafuso met\u00e1lico especial, que se expande dentro da parede, garantindo fixa\u00e7\u00e3o permanente e oferecendo mais praticidade, uma vez que n\u00e3o exige quebras e retoques na parede.<\/span><\/p>\n<figure id=\"attachment_6318\" aria-describedby=\"caption-attachment-6318\" style=\"width: 370px\" class=\"wp-caption alignright\"><a href=\"http:\/\/www.jornaldaconstrucaocivil.com.br\/wp-content\/uploads\/2017\/05\/SATT-OK.jpg\"><img loading=\"lazy\" decoding=\"async\" class=\"wp-image-6318\" src=\"http:\/\/www.jornaldaconstrucaocivil.com.br\/wp-content\/uploads\/2017\/05\/SATT-OK.jpg\" width=\"370\" height=\"134\" \/><\/a><figcaption id=\"caption-attachment-6318\" class=\"wp-caption-text\">Divulga\u00e7\u00e3o<\/figcaption><\/figure>\n<p style=\"text-align: justify;\"><span style=\"color: #000000;\">A nova grade faz parte da Linha Pr\u00e1tika e atende aos crit\u00e9rios estabelecidos pela Associa\u00e7\u00e3o Brasileira de Normas T\u00e9cnicas \u2013 ABNT NBR 10821, quesito Corros\u00e3o \u2013 e possui cinco anos de garantia para defeitos de fabrica\u00e7\u00e3o. <span style=\"color: #000080;\"><em>&#8220;Aliamos seguran\u00e7a, funcionalidade e versatilidade nesse produto, que tem a qualidade reconhecida das esquadrias Sasazaki. Em teste de arrancamento, as grades suportaram for\u00e7a superior a 400 kg&#8221;<\/em><\/span>, destaca Alberto Gomes Ruiz, Gerente Nacional de Vendas &#8211; Segmento Varejo, da Sasazaki.<\/span><\/p>\n<p style=\"text-align: justify;\"><strong><span style=\"color: #000000;\">V\u00eddeo refor\u00e7a seguran\u00e7a<\/span><\/strong><\/p>\n<p style=\"text-align: justify;\"><span style=\"color: #000000;\">A empresa acaba de divulgar nas suas redes sociais um v\u00eddeo sobre a <span style=\"color: #0000ff;\">Grade Externa Universal<\/span>, com o mote<span style=\"color: #000080;\"><em> \u2018A Sasazaki vai trazer seguran\u00e7a para sua casa<\/em>\u2019.<\/span> A filmagem aconteceu em Mar\u00edlia\/SP \u2013 cidade sede da marca. <span style=\"color: #0000ff;\"><em>&#8220;Foi uma a\u00e7\u00e3o na qual procuramos mostrar a import\u00e2ncia do conceito de seguran\u00e7a relacionado \u00e0 marca, que \u00e9 um dos diferenciais dos nossos produtos. Com esse lan\u00e7amento, oferecemos um produto de qualidade, a um pre\u00e7o acess\u00edvel&#8221;<\/em><\/span>, afirma Ruiz.<\/span><\/p>\n<p>&nbsp;<\/p>\n","protected":false},"excerpt":{"rendered":"<p>Empresa apresenta a grade avulsa para janelas, que aumenta a seguran\u00e7a sem necessidade de substitui\u00e7\u00e3o da esquadria. Para divulgar a novidade, a Sasazaki preparou um v\u00eddeo que pode ser acessado a partir de hoje Maio, 2017 &#8211; Mais seguran\u00e7a, praticidade e beleza, com pre\u00e7o competitivo: esses s\u00e3o os destaques da nova Grade Externa Universal, lan\u00e7amento [&hellip;]<\/p>\n","protected":false},"author":1,"featured_media":0,"comment_status":"open","ping_status":"open","sticky":false,"template":"","format":"standard","meta":{"_uag_custom_page_level_css":"","footnotes":""},"categories":[32],"tags":[323,1967,5579,7470,9125,10690,10770,12211],"class_list":["post-6316","post","type-post","status-publish","format-standard","hentry","category-maquinas-e-equipamentos","tag-abnt-nbr-10821","tag-casas-e-apartamentos","tag-grades-de-aco","tag-mercado","tag-portas-e-janelas","tag-sasazaki","tag-seguranca","tag-varejo"],"blocksy_meta":[],"spectra_blocks_featured_image_url":null,"spectra_blocks_author_info":{"display_name":"Jornal da Constru\u00e7\u00e3o Civil","avatar_url":"https:\/\/secure.gravatar.com\/avatar\/973c9774fd44ddaceb026973c4962faa70fc512bc4c9da68e8ebb40fecee6540?s=96&d=mm&r=g","author_link":"https:\/\/construcaocivil.siriusmarketingedesign.com.br\/?author=1","description":"Desde de 2013, levando muitas informa\u00e7\u00f5es, lan\u00e7amentos e produtos de qualidade para toda cadeia produtiva da constru\u00e7\u00e3o. O Futuro da constru\u00e7\u00e3o passa por aqui,"},"uagb_featured_image_src":{"full":false,"thumbnail":false,"medium":false,"medium_large":false,"large":false,"1536x1536":false,"2048x2048":false},"uagb_author_info":{"display_name":"Jornal da Constru\u00e7\u00e3o Civil","author_link":"https:\/\/construcaocivil.siriusmarketingedesign.com.br\/?author=1"},"uagb_comment_info":0,"uagb_excerpt":"Empresa apresenta a grade avulsa para janelas, que aumenta a seguran\u00e7a sem necessidade de substitui\u00e7\u00e3o da esquadria. Para divulgar a novidade, a Sasazaki preparou um v\u00eddeo que pode ser acessado a partir de hoje Maio, 2017 &#8211; Mais seguran\u00e7a, praticidade e beleza, com pre\u00e7o competitivo: esses s\u00e3o os destaques da nova Grade Externa Universal, lan\u00e7amento&hellip;","_links":{"self":[{"href":"https:\/\/construcaocivil.siriusmarketingedesign.com.br\/index.php?rest_route=\/wp\/v2\/posts\/6316","targetHints":{"allow":["GET"]}}],"collection":[{"href":"https:\/\/construcaocivil.siriusmarketingedesign.com.br\/index.php?rest_route=\/wp\/v2\/posts"}],"about":[{"href":"https:\/\/construcaocivil.siriusmarketingedesign.com.br\/index.php?rest_route=\/wp\/v2\/types\/post"}],"author":[{"embeddable":true,"href":"https:\/\/construcaocivil.siriusmarketingedesign.com.br\/index.php?rest_route=\/wp\/v2\/users\/1"}],"replies":[{"embeddable":true,"href":"https:\/\/construcaocivil.siriusmarketingedesign.com.br\/index.php?rest_route=%2Fwp%2Fv2%2Fcomments&post=6316"}],"version-history":[{"count":0,"href":"https:\/\/construcaocivil.siriusmarketingedesign.com.br\/index.php?rest_route=\/wp\/v2\/posts\/6316\/revisions"}],"wp:attachment":[{"href":"https:\/\/construcaocivil.siriusmarketingedesign.com.br\/index.php?rest_route=%2Fwp%2Fv2%2Fmedia&parent=6316"}],"wp:term":[{"taxonomy":"category","embeddable":true,"href":"https:\/\/construcaocivil.siriusmarketingedesign.com.br\/index.php?rest_route=%2Fwp%2Fv2%2Fcategories&post=6316"},{"taxonomy":"post_tag","embeddable":true,"href":"https:\/\/construcaocivil.siriusmarketingedesign.com.br\/index.php?rest_route=%2Fwp%2Fv2%2Ftags&post=6316"}],"curies":[{"name":"wp","href":"https:\/\/api.w.org\/{rel}","templated":true}]}}