{"id":6322,"date":"2017-05-30T15:59:25","date_gmt":"2017-05-30T18:59:25","guid":{"rendered":"http:\/\/www.jornaldaconstrucaocivil.com.br\/?p=6322"},"modified":"2017-05-30T15:59:25","modified_gmt":"2017-05-30T18:59:25","slug":"curso-de-pintor-transforma-realidade-de-sao-goncalo-e-promove-qualificacao-para-a-populacao","status":"publish","type":"post","link":"https:\/\/construcaocivil.siriusmarketingedesign.com.br\/?p=6322","title":{"rendered":"Curso de pintor transforma realidade de S\u00e3o Gon\u00e7alo e promove qualifica\u00e7\u00e3o para a popula\u00e7\u00e3o"},"content":{"rendered":"<p style=\"text-align: justify;\"><span style=\"color: #000080;\"><em><strong>Alunos aplicaram as t\u00e9cnicas aprendidas durante o curso nos muros das casas da comunidade<\/strong><\/em><\/span><\/p>\n<figure id=\"attachment_6323\" aria-describedby=\"caption-attachment-6323\" style=\"width: 252px\" class=\"wp-caption alignleft\"><a href=\"http:\/\/www.jornaldaconstrucaocivil.com.br\/wp-content\/uploads\/2017\/05\/antes25.png\"><img loading=\"lazy\" decoding=\"async\" class=\"wp-image-6323\" src=\"http:\/\/www.jornaldaconstrucaocivil.com.br\/wp-content\/uploads\/2017\/05\/antes25.png\" alt=\"antes25\" width=\"252\" height=\"162\" \/><\/a><figcaption id=\"caption-attachment-6323\" class=\"wp-caption-text\"><span style=\"color: #0000ff;\">Antes do curso.<\/span> Cr\u00e9ditos: divulga\u00e7\u00e3o<\/figcaption><\/figure>\n<p style=\"text-align: justify;\"><span style=\"color: #000000;\"><span style=\"color: #993300;\">Maio, 2017<\/span> &#8211;<span style=\"color: #000080;\"><em> \u201cEst\u00e1 transformando a realidade da minha cidade e ainda me oferecendo uma oportunidade de qualifica\u00e7\u00e3o profissional,\u201d<\/em> <\/span>\u00e9 com essas palavras que Marcos Vinicius Lins, aluno do curso de pintura profissional, se refere \u00e0 iniciativa realizada em S\u00e3o Gon\u00e7alo. A capacita\u00e7\u00e3o foi oferecida pela MRV Engenharia, em parceria com a Associa\u00e7\u00e3o Brasileira dos Fabricantes de Tintas (Abrafati), o Servi\u00e7o Social da Ind\u00fastria da Constru\u00e7\u00e3o do Rio de Janeiro (Seconci-Rio), com o apoio das tintas Suvinil. A formatura do curso acontece na pr\u00f3xima sexta-feira, 2 de junho na obra Reserva Solare na avenida Lucio Tom\u00e9 Feteira, 312 \u2013 Vila Lage, S\u00e3o Gon\u00e7alo. A atividade faz parte das a\u00e7\u00f5es do projeto Solare Vizinho do Bem, programa de relacionamento entre a MRV e a comunidade local. At\u00e9 o final do ano, a iniciativa pretende formar um total de 250 pessoas.<\/span><\/p>\n<figure id=\"attachment_6324\" aria-describedby=\"caption-attachment-6324\" style=\"width: 285px\" class=\"wp-caption alignright\"><a href=\"http:\/\/www.jornaldaconstrucaocivil.com.br\/wp-content\/uploads\/2017\/05\/Depois25.png\"><img loading=\"lazy\" decoding=\"async\" class=\"wp-image-6324\" src=\"http:\/\/www.jornaldaconstrucaocivil.com.br\/wp-content\/uploads\/2017\/05\/Depois25.png\" alt=\"Depois25\" width=\"285\" height=\"163\" \/><\/a><figcaption id=\"caption-attachment-6324\" class=\"wp-caption-text\"><span style=\"color: #0000ff;\">Depois do curso de pintura. alunos pintaram os pr\u00e9dios da regi\u00e3o, que ganharam outra vida.<\/span> Cr\u00e9ditos: divulga\u00e7\u00e3o<\/figcaption><\/figure>\n<p style=\"text-align: justify;\"><span style=\"color: #000000;\">Durante o curso, os 44 alunos, moradores da comunidade, tiveram aulas pr\u00e1ticas e te\u00f3ricas sobre pintura. Para a aplica\u00e7\u00e3o das t\u00e9cnicas aprendidas, os participantes utilizaram os muros e casas da comunidade Vila Lage, levando um colorido a mais para a regi\u00e3o. \u201cO nosso objetivo com essa a\u00e7\u00e3o, al\u00e9m de levar capacita\u00e7\u00e3o profissional para os moradores, foi valorizar a comunidade e elevar a autoestima dos moradores. Qualificamos a popula\u00e7\u00e3o e ainda oferecemos um ambiente com mais qualidade de vida e bem-estar\u201d, destacou Luiz Eduardo Machado, diretor executivo da MRL Engenharia.<\/span><\/p>\n<p style=\"text-align: justify;\"><span style=\"color: #000000;\">Para Marcos, as aulas ofereceram a ele uma nova profiss\u00e3o. <span style=\"color: #000080;\"><em>\u201cJ\u00e1 estou finalizando o curso de t\u00e9cnico de log\u00edstica e agora possuo mais uma qualifica\u00e7\u00e3o. Com o curso de pintor vou conseguir ter uma graninha extra no fim do m\u00eas. J\u00e1 quero come\u00e7ar a atuar\u201d<\/em><\/span>, informou Marcos. O estudante tamb\u00e9m \u00e9 morador da regi\u00e3o onde recebeu as melhorias.<\/span><\/p>\n<p style=\"text-align: justify;\"><span style=\"color: #000000;\">Com carga hor\u00e1ria de 84 horas, as aulas de pintura abordaram temas como aspectos gerais da profiss\u00e3o, tecnologias de tintas e programas de qualidade, prepara\u00e7\u00e3o de superf\u00edcie (alvenaria, metais e outros), ferramentas, aplica\u00e7\u00e3o de produto, patologia das superf\u00edcies (como solucionar problemas), mecaniza\u00e7\u00e3o de pinturas, percep\u00e7\u00e3o de cores, or\u00e7amento e planejamento da obra, al\u00e9m de meio ambiente, sustentabilidade, sa\u00fade e seguran\u00e7a.<\/span><\/p>\n<p style=\"text-align: justify;\"><span style=\"color: #333300;\">Formatura \u2013 Curso profissional de pintor<\/span><\/p>\n<p style=\"text-align: justify;\"><span style=\"color: #333300;\">Data: 2 de junho<\/span><\/p>\n<p style=\"text-align: justify;\"><span style=\"color: #333300;\">Hor\u00e1rio: 10 horas<\/span><\/p>\n<p style=\"text-align: justify;\"><span style=\"color: #333300;\">Local: Canteiro de Obras Reserva Solare<\/span><\/p>\n<p style=\"text-align: justify;\"><span style=\"color: #333300;\">Av. Lucio Tom\u00e9 Feteira, 312 \u2013 Vila Lage, S\u00e3o Gon\u00e7alo \/ RJ<\/span><\/p>\n","protected":false},"excerpt":{"rendered":"<p>Alunos aplicaram as t\u00e9cnicas aprendidas durante o curso nos muros das casas da comunidade Maio, 2017 &#8211; \u201cEst\u00e1 transformando a realidade da minha cidade e ainda me oferecendo uma oportunidade de qualifica\u00e7\u00e3o profissional,\u201d \u00e9 com essas palavras que Marcos Vinicius Lins, aluno do curso de pintura profissional, se refere \u00e0 iniciativa realizada em S\u00e3o Gon\u00e7alo. [&hellip;]<\/p>\n","protected":false},"author":1,"featured_media":6324,"comment_status":"open","ping_status":"open","sticky":false,"template":"","format":"standard","meta":{"_uag_custom_page_level_css":"","footnotes":""},"categories":[28],"tags":[1810,3281,7438,7959,9846,10240,10645,11470],"class_list":["post-6322","post","type-post","status-publish","format-standard","has-post-thumbnail","hentry","category-arquitetura","tag-canteiro-de-obras","tag-curso-de-pintura","tag-meio-ambiente","tag-mrv-engenharia","tag-qualificacao-profissional","tag-residencial-reserve-solare","tag-sao-goncalo-rj","tag-sustentabilidade"],"blocksy_meta":[],"spectra_blocks_featured_image_url":[],"spectra_blocks_author_info":{"display_name":"Jornal da Constru\u00e7\u00e3o Civil","avatar_url":"https:\/\/secure.gravatar.com\/avatar\/973c9774fd44ddaceb026973c4962faa70fc512bc4c9da68e8ebb40fecee6540?s=96&d=mm&r=g","author_link":"https:\/\/construcaocivil.siriusmarketingedesign.com.br\/?author=1","description":"Desde de 2013, levando muitas informa\u00e7\u00f5es, lan\u00e7amentos e produtos de qualidade para toda cadeia produtiva da constru\u00e7\u00e3o. O Futuro da constru\u00e7\u00e3o passa por aqui,"},"uagb_featured_image_src":{"full":false,"thumbnail":false,"medium":false,"medium_large":false,"large":false,"1536x1536":false,"2048x2048":false},"uagb_author_info":{"display_name":"Jornal da Constru\u00e7\u00e3o Civil","author_link":"https:\/\/construcaocivil.siriusmarketingedesign.com.br\/?author=1"},"uagb_comment_info":0,"uagb_excerpt":"Alunos aplicaram as t\u00e9cnicas aprendidas durante o curso nos muros das casas da comunidade Maio, 2017 &#8211; \u201cEst\u00e1 transformando a realidade da minha cidade e ainda me oferecendo uma oportunidade de qualifica\u00e7\u00e3o profissional,\u201d \u00e9 com essas palavras que Marcos Vinicius Lins, aluno do curso de pintura profissional, se refere \u00e0 iniciativa realizada em S\u00e3o Gon\u00e7alo.&hellip;","_links":{"self":[{"href":"https:\/\/construcaocivil.siriusmarketingedesign.com.br\/index.php?rest_route=\/wp\/v2\/posts\/6322","targetHints":{"allow":["GET"]}}],"collection":[{"href":"https:\/\/construcaocivil.siriusmarketingedesign.com.br\/index.php?rest_route=\/wp\/v2\/posts"}],"about":[{"href":"https:\/\/construcaocivil.siriusmarketingedesign.com.br\/index.php?rest_route=\/wp\/v2\/types\/post"}],"author":[{"embeddable":true,"href":"https:\/\/construcaocivil.siriusmarketingedesign.com.br\/index.php?rest_route=\/wp\/v2\/users\/1"}],"replies":[{"embeddable":true,"href":"https:\/\/construcaocivil.siriusmarketingedesign.com.br\/index.php?rest_route=%2Fwp%2Fv2%2Fcomments&post=6322"}],"version-history":[{"count":0,"href":"https:\/\/construcaocivil.siriusmarketingedesign.com.br\/index.php?rest_route=\/wp\/v2\/posts\/6322\/revisions"}],"wp:attachment":[{"href":"https:\/\/construcaocivil.siriusmarketingedesign.com.br\/index.php?rest_route=%2Fwp%2Fv2%2Fmedia&parent=6322"}],"wp:term":[{"taxonomy":"category","embeddable":true,"href":"https:\/\/construcaocivil.siriusmarketingedesign.com.br\/index.php?rest_route=%2Fwp%2Fv2%2Fcategories&post=6322"},{"taxonomy":"post_tag","embeddable":true,"href":"https:\/\/construcaocivil.siriusmarketingedesign.com.br\/index.php?rest_route=%2Fwp%2Fv2%2Ftags&post=6322"}],"curies":[{"name":"wp","href":"https:\/\/api.w.org\/{rel}","templated":true}]}}