{"id":6343,"date":"2017-05-31T13:46:08","date_gmt":"2017-05-31T16:46:08","guid":{"rendered":"http:\/\/www.jornaldaconstrucaocivil.com.br\/?p=6343"},"modified":"2017-05-31T13:46:08","modified_gmt":"2017-05-31T16:46:08","slug":"nota-publica-sem-direito-a-terra-em-vida-massacre-e-morte-indigna-pastorais-do-campo","status":"publish","type":"post","link":"https:\/\/construcaocivil.siriusmarketingedesign.com.br\/?p=6343","title":{"rendered":"Nota P\u00fablica &#8211; Sem direito \u00e0 terra em vida, massacre e morte indigna (Pastorais do Campo)"},"content":{"rendered":"<p><span style=\"color: #000080;\"><em><strong>Sem direito \u00e0 terra em vida, massacre e morte indigna<\/strong><\/em><\/span><\/p>\n<p style=\"text-align: right;\">Guardai o ju\u00edzo e fazei justi\u00e7a. Porque a minha salva\u00e7\u00e3o est\u00e1 prestes a vir,<\/p>\n<p style=\"text-align: right;\">e a minha justi\u00e7a para se manifestar. (B\u00cdBLIA, Isa\u00edas 56,1)<\/p>\n<p style=\"text-align: justify;\"><span style=\"color: #993300;\">Maio, 2017<\/span><span style=\"color: #000000;\"> &#8211; As Pastorais Sociais do Campo subscritas vimos mais uma vez a p\u00fablico denunciar e clamar por justi\u00e7a diante da tr\u00e1gica e assustadora escalada da viol\u00eancia no campo. Em 35 dias, foram tr\u00eas massacres concretizados e uma tentativa, quase um por semana, com 22 trabalhadores em luta pela terra mortos.<\/span><\/p>\n<p style=\"text-align: justify;\"><span style=\"color: #000000;\">O primeiro foi em Colniza \u2013 MT, em 20 de abril, com 09 torturados e mortos por jagun\u00e7os encapuzados, sendo o l\u00edder dos posseiros degolado. Em Vilhena \u2013 RO, no dia 29 de abril, foram encontrados 03 corpos carbonizados dentro de um carro, na mesma fazenda em que 05 trabalhadores foram mortos e tr\u00eas dos quais queimados ainda vivos em 2015, um crime impune. O ataque aos \u00edndios Gamela aconteceu no dia 30 de abril, em Viana \u2013 MA, com 22 feridos, 02 com m\u00e3os decepadas, por populares insuflados por ruralistas e pol\u00edticos, com envolvimento da Pol\u00edcia Militar, conforme registro de uma viatura na a\u00e7\u00e3o.<\/span><\/p>\n<p style=\"text-align: justify;\"><span style=\"color: #000000;\">O mais recente foi o que aconteceu em Pau d\u2019Arco, no sul do Par\u00e1, no dia 24 de maio, quando foram mortos 09 homens e 01 mulher, esta lideran\u00e7a de um movimento, pelas Pol\u00edcias Civil e Militar.<\/span><\/p>\n<p style=\"text-align: justify;\"><span style=\"color: #000000;\">A vers\u00e3o oficial dos \u00f3rg\u00e3os p\u00fablicos do estado foi a de que as mortes ocorreram em confronto armado, pois os policiais teriam sido recebidos \u00e0 bala. Esta vers\u00e3o pretende fazer crer que o povo brasileiro \u00e9 imbecil e que n\u00e3o tem capacidade de discernimento. Como num confronto armado, nenhum dos 29 policiais envolvidos na a\u00e7\u00e3o, sequer foi ferido? Por que a cena do crime foi desmontada, com os pr\u00f3prios policiais transportando os corpos para a cidade?<\/span><\/p>\n<p style=\"text-align: justify;\"><span style=\"color: #000000;\">Estas circunst\u00e2ncias, bem como o depoimento de alguns sobreviventes do massacre, feita a integrantes do Minist\u00e9rio P\u00fablico e a outras entidades que investigam o ocorrido, indicam que houve uma execu\u00e7\u00e3o fria e planejada.<\/span><\/p>\n<p style=\"text-align: justify;\"><span style=\"color: #000000;\">N\u00e3o h\u00e1 outro modo de interpretar a fragilidade na tentativa de revestir a chacina de Pau d\u2019Arco de alguma legalidade de<span style=\"color: #0000ff;\"> \u201ccumprimento de mandados de pris\u00e3o\u201d<\/span> e de<span style=\"color: #0000ff;\"> \u201cpresta\u00e7\u00e3o de socorro\u201d<\/span> \u00e0 retirada dos corpos das v\u00edtimas. Na verdade, o que se fez foi apagar vest\u00edgios e encobrir um massacre premeditado e cruelmente realizado, \u00e0s gargalhadas, conforme testemunhas. A barb\u00e1rie se consumou com o tratamento dispensado aos corpos das v\u00edtimas jogados como animais em carrocerias de camionetes, levados a dist\u00e2ncias de at\u00e9 350 km para per\u00edcias e devolvidos do mesmo modo aos familiares, largados ao ch\u00e3o de uma funer\u00e1ria, j\u00e1 putrefatos, para serem enterrados \u00e0s pressas e \u00e0 custa deles, sem chance nem de um m\u00ednimo vel\u00f3rio.<\/span><\/p>\n<p style=\"text-align: justify;\"><span style=\"color: #000000;\">A diversidade dos autores revela a barb\u00e1rie generalizada provocada pela irresolu\u00e7\u00e3o da quest\u00e3o da terra, com agravamento brutal de suas consequ\u00eancias, sobretudo nos \u00faltimos tr\u00eas anos. O ano de 2017 promete superar 2016, que foi recordista em ocorr\u00eancias de conflitos por terra no Brasil nos \u00faltimos 32 anos. Foram 1.079 ocorr\u00eancias desse\u00a0 tipo de conflito, quase tr\u00eas por dia, o maior n\u00famero desde 1985, quando a CPT come\u00e7ou a publicar sistematicamente este registro. Camponeses assassinados j\u00e1 s\u00e3o 37 nestes cinco meses de 2017, 08 a mais que em igual per\u00edodo no ano passado, quando houve o registro de 29 assassinatos. Qual ser\u00e1 o pr\u00f3ximo caso? Outro massacre?<\/span><\/p>\n<p style=\"text-align: justify;\"><span style=\"color: #000000;\">\u00c9 evidente que esta exacerba\u00e7\u00e3o dos conflitos agr\u00e1rios em n\u00famero e viol\u00eancia, tem liga\u00e7\u00e3o com a crise pol\u00edtica e com o avan\u00e7o das for\u00e7as do agroneg\u00f3cio sobre os Poderes do Estado brasileiro. Os desmandos autorit\u00e1rios da c\u00fapula da Rep\u00fablica, com seu jogo de poder servil aos interesses da minoria do Capital, vilipendiam os direitos sociais e relativizam os direitos humanos. O Estado brasileiro tem conseguido ultrapassar os limites do desrespeito \u00e0 cidadania e aos interesses do povo, numa democracia de fachada, cinismo e desfa\u00e7atez, que se alimenta de desmandos criminosos impunes. A desobedi\u00eancia ou manipula\u00e7\u00e3o da legalidade \u00e9 senha para os excessos, para o descaramento na repress\u00e3o aos pobres, \u00e9 licen\u00e7a para matar e tripudiar sobre eles. Uma viol\u00eancia extrema que, neste clima reinante, torna-se funcional, pedag\u00f3gica. Nega-se aos camponeses, sem-terra, pescadores, quilombolas, ind\u00edgenas, o m\u00ednimo de dignidade e qualquer tra\u00e7o de igualdade, de perten\u00e7a \u00e0 humanidade. Para o lavrador, como canta Chico Buarque,<span style=\"color: #0000ff;\"> \u201c\u00e9 a terra que querias ver dividida\u201d<\/span>.<\/span><\/p>\n<p style=\"text-align: justify;\"><span style=\"color: #000000;\">O fascismo, que fermentava nos subterr\u00e2neos das rela\u00e7\u00f5es p\u00fablicas no Brasil, veio \u00e0 tona. \u00c9 o que se comprova em falas e atos, como a manifesta\u00e7\u00e3o de ruralistas e parlamentares, no dia 29 de maio, em Reden\u00e7\u00e3o, no sul do Par\u00e1, em solidariedade aos policiais que praticaram o massacre, proclamados her\u00f3is da causa ruralista.<\/span><\/p>\n<p style=\"text-align: justify;\"><span style=\"color: #000000;\">Felizmente a maioria das pessoas em nosso pa\u00eds est\u00e1 se dando conta de que o Agro \u00e9 homic\u00eddio, como o comprovam os crescentes n\u00fameros de assassinatos registrados. \u00c9 massacre, \u00e9 suic\u00eddio, provocado, sobretudo, pelo uso irracional de agrot\u00f3xicos. \u00c9 ecoc\u00eddio, pois \u00e9 respons\u00e1vel pela crescente e veloz destrui\u00e7\u00e3o do meio ambiente. \u00c9 hidroc\u00eddio, pois \u00e9 respons\u00e1vel pelo secamento de milhares de fontes de \u00e1gua.<\/span><\/p>\n<p style=\"text-align: justify;\"><span style=\"color: #000000;\">Diante das evid\u00eancias do massacre perpetrado, reconhecido pelo Conselho Nacional dos Direitos Humanos, pela investiga\u00e7\u00e3o do Minist\u00e9rio P\u00fablico, e por \u00f3rg\u00e3os da imprensa que se deslocaram ao local do conflito, o Estado decidiu afastar de suas fun\u00e7\u00f5es os policiais envolvidos. Mas o que a sociedade espera \u00e9 que sejam presos e processados por crime contra a humanidade, tanto pela morte das pessoas quanto pelo tratamento dispensado aos corpos das v\u00edtimas.<\/span><\/p>\n<p style=\"text-align: justify;\"><span style=\"color: #000000;\">Conhecendo de longa data como o Par\u00e1 tem tratado casos semelhantes exigimos que o caso seja federalizado, para que se possa fazer justi\u00e7a.<\/span><\/p>\n<p style=\"text-align: justify;\"><span style=\"color: #000000;\">Contamos com todos que se compadecem com os que, na cidade e no campo, s\u00e3o os que mais sofrem com o descalabro desta situa\u00e7\u00e3o. Juntos exijamos e cobremos que aconte\u00e7am o direito, a justi\u00e7a e a dignidade em defesa da Vida e do Bem Viver de todos. Deus nos proteja e ajude!<\/span><\/p>\n<p>&nbsp;<\/p>\n<p style=\"text-align: right;\">Bras\u00edlia, 31 de maio de 2017.<\/p>\n<p><span style=\"color: #000080;\">Comiss\u00e3o Pastoral da Terra \u2013 CPT<\/span><\/p>\n<p><span style=\"color: #000080;\">Conselho Pastoral dos Pescadores \u2013 CPP<\/span><\/p>\n<p><span style=\"color: #000080;\">Servi\u00e7o Pastoral do Migrante \u2013 SPM<\/span><\/p>\n<p><span style=\"color: #000080;\">C\u00e1ritas Brasileira<\/span><\/p>\n<p><span style=\"color: #000080;\">Conselho Indigenista Mission\u00e1rio \u2013 CIMI<\/span><\/p>\n<p>&nbsp;<\/p>\n","protected":false},"excerpt":{"rendered":"<p>Sem direito \u00e0 terra em vida, massacre e morte indigna Guardai o ju\u00edzo e fazei justi\u00e7a. Porque a minha salva\u00e7\u00e3o est\u00e1 prestes a vir, e a minha justi\u00e7a para se manifestar. (B\u00cdBLIA, Isa\u00edas 56,1) Maio, 2017 &#8211; As Pastorais Sociais do Campo subscritas vimos mais uma vez a p\u00fablico denunciar e clamar por justi\u00e7a diante [&hellip;]<\/p>\n","protected":false},"author":1,"featured_media":0,"comment_status":"open","ping_status":"open","sticky":false,"template":"","format":"standard","meta":{"_uag_custom_page_level_css":"","footnotes":""},"categories":[27],"tags":[1847,2179,2427,2500,2787,2802,5554,7237,7376,8592,8620,10826,10921,12429],"class_list":["post-6343","post","type-post","status-publish","format-standard","hentry","category-acontece","tag-caritas-brasileira","tag-chacina-de-pau-darco","tag-colniza-mt","tag-comissao-pastoral-da-terra-cpt","tag-conselho-indigenista-missionario-cimi","tag-conselho-pastoral-dos-pescadores-cpp","tag-governo-federal","tag-maranhao","tag-mato-grosso","tag-pais-da-impunidade","tag-para","tag-sem-terra","tag-servico-pastoral-do-migrante-spm","tag-violencia-no-campo"],"blocksy_meta":[],"spectra_blocks_featured_image_url":null,"spectra_blocks_author_info":{"display_name":"Jornal da Constru\u00e7\u00e3o Civil","avatar_url":"https:\/\/secure.gravatar.com\/avatar\/973c9774fd44ddaceb026973c4962faa70fc512bc4c9da68e8ebb40fecee6540?s=96&d=mm&r=g","author_link":"https:\/\/construcaocivil.siriusmarketingedesign.com.br\/?author=1","description":"Desde de 2013, levando muitas informa\u00e7\u00f5es, lan\u00e7amentos e produtos de qualidade para toda cadeia produtiva da constru\u00e7\u00e3o. O Futuro da constru\u00e7\u00e3o passa por aqui,"},"uagb_featured_image_src":{"full":false,"thumbnail":false,"medium":false,"medium_large":false,"large":false,"1536x1536":false,"2048x2048":false},"uagb_author_info":{"display_name":"Jornal da Constru\u00e7\u00e3o Civil","author_link":"https:\/\/construcaocivil.siriusmarketingedesign.com.br\/?author=1"},"uagb_comment_info":0,"uagb_excerpt":"Sem direito \u00e0 terra em vida, massacre e morte indigna Guardai o ju\u00edzo e fazei justi\u00e7a. Porque a minha salva\u00e7\u00e3o est\u00e1 prestes a vir, e a minha justi\u00e7a para se manifestar. (B\u00cdBLIA, Isa\u00edas 56,1) Maio, 2017 &#8211; As Pastorais Sociais do Campo subscritas vimos mais uma vez a p\u00fablico denunciar e clamar por justi\u00e7a diante&hellip;","_links":{"self":[{"href":"https:\/\/construcaocivil.siriusmarketingedesign.com.br\/index.php?rest_route=\/wp\/v2\/posts\/6343","targetHints":{"allow":["GET"]}}],"collection":[{"href":"https:\/\/construcaocivil.siriusmarketingedesign.com.br\/index.php?rest_route=\/wp\/v2\/posts"}],"about":[{"href":"https:\/\/construcaocivil.siriusmarketingedesign.com.br\/index.php?rest_route=\/wp\/v2\/types\/post"}],"author":[{"embeddable":true,"href":"https:\/\/construcaocivil.siriusmarketingedesign.com.br\/index.php?rest_route=\/wp\/v2\/users\/1"}],"replies":[{"embeddable":true,"href":"https:\/\/construcaocivil.siriusmarketingedesign.com.br\/index.php?rest_route=%2Fwp%2Fv2%2Fcomments&post=6343"}],"version-history":[{"count":0,"href":"https:\/\/construcaocivil.siriusmarketingedesign.com.br\/index.php?rest_route=\/wp\/v2\/posts\/6343\/revisions"}],"wp:attachment":[{"href":"https:\/\/construcaocivil.siriusmarketingedesign.com.br\/index.php?rest_route=%2Fwp%2Fv2%2Fmedia&parent=6343"}],"wp:term":[{"taxonomy":"category","embeddable":true,"href":"https:\/\/construcaocivil.siriusmarketingedesign.com.br\/index.php?rest_route=%2Fwp%2Fv2%2Fcategories&post=6343"},{"taxonomy":"post_tag","embeddable":true,"href":"https:\/\/construcaocivil.siriusmarketingedesign.com.br\/index.php?rest_route=%2Fwp%2Fv2%2Ftags&post=6343"}],"curies":[{"name":"wp","href":"https:\/\/api.w.org\/{rel}","templated":true}]}}