{"id":6364,"date":"2017-06-01T20:43:13","date_gmt":"2017-06-01T23:43:13","guid":{"rendered":"http:\/\/www.jornaldaconstrucaocivil.com.br\/?p=6364"},"modified":"2017-06-01T20:43:13","modified_gmt":"2017-06-01T23:43:13","slug":"jcb-do-brasil-marca-presenca-na-construction-expo-2017","status":"publish","type":"post","link":"https:\/\/construcaocivil.siriusmarketingedesign.com.br\/?p=6364","title":{"rendered":"JCB do Brasil marca presen\u00e7a na Construction Expo 2017"},"content":{"rendered":"<p style=\"text-align: justify;\"><span style=\"color: #000080;\"><em><strong>De 07 a 09 de junho a empresa apresentar\u00e1, junto com a Automec, algumas de suas principais m\u00e1quinas e solu\u00e7\u00f5es para o setor de Constru\u00e7\u00e3o e Infraestrutura<\/strong><\/em><\/span><\/p>\n<p style=\"text-align: justify;\"><span style=\"color: #000000;\"><span style=\"color: #993300;\">S\u00e3o Paulo, de junho de 2017<\/span> \u2013 A JCB, l\u00edder mundial em vendas de retroescavadeiras e Loadall, participa da terceira edi\u00e7\u00e3o da Construction Expo 2017 (Feira Internacional de Edifica\u00e7\u00f5es e Obras de Infraestrutura \u2013 Servi\u00e7os, Materiais e Equipamentos), realizada entre os dias 07 a 09 de junho, no S\u00e3o Paulo Expo, na capital paulista.<\/span><\/p>\n<p style=\"text-align: justify;\"><span style=\"color: #000000;\">A edi\u00e7\u00e3o deste ano ser\u00e1 marcada pela participa\u00e7\u00e3o conjunta da empresa de origem inglesa com a Automec, Distribuidor JCB para os segmentos de Constru\u00e7\u00e3o e Ind\u00fastria, que atua h\u00e1 mais de 60 anos no estado de S\u00e3o Paulo. Juntos, f\u00e1brica e Distribuidor apresentar\u00e3o diversos produtos do consagrado portf\u00f3lio JCB, al\u00e9m de solu\u00e7\u00f5es especialmente desenvolvidas para o setor de Constru\u00e7\u00e3o com foco na retomada da economia brasileira.<\/span><\/p>\n<p style=\"text-align: justify;\"><span style=\"color: #000000;\">Alisson Brandes, Diretor de Vendas e Marketing JCB, destaca que a presen\u00e7a da marca em feiras como esta \u00e9 fundamental. <span style=\"color: #000080;\"><em>&#8220;Estamos comprometidos com o mercado nacional, principalmente no que tange setores como constru\u00e7\u00e3o e infraestrutura, t\u00e3o fundamentais para o Brasil. Acreditamos em um processo de recupera\u00e7\u00e3o da economia, que trar\u00e1 \u00f3timas oportunidades para a JCB no m\u00e9dio e longo prazo. Prova disso est\u00e1 em nosso planejamento estrat\u00e9gico que prev\u00ea, at\u00e9 2018, um investimento de R$50 milh\u00f5es no lan\u00e7amento de novas m\u00e1quinas com conte\u00fado local, no desenvolvimento de tecnologias e inova\u00e7\u00e3o em nossa planta, consolida\u00e7\u00e3o da rede de Distribuidores e p\u00f3s-venda.&#8221;<\/em><\/span><\/span><\/p>\n<p style=\"text-align: justify;\"><span style=\"color: #000000;\">Organizada pela Sobratema (Associa\u00e7\u00e3o Brasileira de Tecnologias para Constru\u00e7\u00e3o e Minera\u00e7\u00e3o), a feira busca fomentar a cadeia de neg\u00f3cios da constru\u00e7\u00e3o, dando espa\u00e7o para a apresenta\u00e7\u00e3o das a\u00e7\u00f5es que visam a retomada do setor.<\/span><\/p>\n<p style=\"text-align: justify;\"><span style=\"color: #000000;\">Para Alisson Brandes, o evento tamb\u00e9m ser\u00e1 uma oportunidade para a concretiza\u00e7\u00e3o de novas parcerias e fortalecimento das j\u00e1 existentes, assim como reafirmar nosso compromisso com o mercado brasileiro. <span style=\"color: #000080;\"><em>&#8220;Estamos em total sintonia com as principais tend\u00eancias do mercado internacional. Eventos como a Construction Expo abrem espa\u00e7o para levarmos aos nossos clientes e parceiros as melhores solu\u00e7\u00f5es em equipamento e tecnologia que atendem as necessidades dos nossos clientes em suas mais diversas aplica\u00e7\u00f5es.&#8221;<\/em><\/span>, finaliza.<\/span><\/p>\n<p>&nbsp;<\/p>\n","protected":false},"excerpt":{"rendered":"<p>De 07 a 09 de junho a empresa apresentar\u00e1, junto com a Automec, algumas de suas principais m\u00e1quinas e solu\u00e7\u00f5es para o setor de Constru\u00e7\u00e3o e Infraestrutura S\u00e3o Paulo, de junho de 2017 \u2013 A JCB, l\u00edder mundial em vendas de retroescavadeiras e Loadall, participa da terceira edi\u00e7\u00e3o da Construction Expo 2017 (Feira Internacional de [&hellip;]<\/p>\n","protected":false},"author":1,"featured_media":0,"comment_status":"open","ping_status":"open","sticky":false,"template":"","format":"standard","meta":{"_uag_custom_page_level_css":"","footnotes":""},"categories":[27],"tags":[2884,2897,2922,3920,6096,6497,7210,7470],"class_list":["post-6364","post","type-post","status-publish","format-standard","hentry","category-acontece","tag-construcao-e-industria","tag-construcao-pesada","tag-construction-expo-2017","tag-edificacoes-e-obras-de-infraestrutura","tag-infraestrutura","tag-jcb-maquinas","tag-maquinas-e-equipamentos","tag-mercado"],"blocksy_meta":[],"spectra_blocks_featured_image_url":null,"spectra_blocks_author_info":{"display_name":"Jornal da Constru\u00e7\u00e3o Civil","avatar_url":"https:\/\/secure.gravatar.com\/avatar\/973c9774fd44ddaceb026973c4962faa70fc512bc4c9da68e8ebb40fecee6540?s=96&d=mm&r=g","author_link":"https:\/\/construcaocivil.siriusmarketingedesign.com.br\/?author=1","description":"Desde de 2013, levando muitas informa\u00e7\u00f5es, lan\u00e7amentos e produtos de qualidade para toda cadeia produtiva da constru\u00e7\u00e3o. O Futuro da constru\u00e7\u00e3o passa por aqui,"},"uagb_featured_image_src":{"full":false,"thumbnail":false,"medium":false,"medium_large":false,"large":false,"1536x1536":false,"2048x2048":false},"uagb_author_info":{"display_name":"Jornal da Constru\u00e7\u00e3o Civil","author_link":"https:\/\/construcaocivil.siriusmarketingedesign.com.br\/?author=1"},"uagb_comment_info":0,"uagb_excerpt":"De 07 a 09 de junho a empresa apresentar\u00e1, junto com a Automec, algumas de suas principais m\u00e1quinas e solu\u00e7\u00f5es para o setor de Constru\u00e7\u00e3o e Infraestrutura S\u00e3o Paulo, de junho de 2017 \u2013 A JCB, l\u00edder mundial em vendas de retroescavadeiras e Loadall, participa da terceira edi\u00e7\u00e3o da Construction Expo 2017 (Feira Internacional de&hellip;","_links":{"self":[{"href":"https:\/\/construcaocivil.siriusmarketingedesign.com.br\/index.php?rest_route=\/wp\/v2\/posts\/6364","targetHints":{"allow":["GET"]}}],"collection":[{"href":"https:\/\/construcaocivil.siriusmarketingedesign.com.br\/index.php?rest_route=\/wp\/v2\/posts"}],"about":[{"href":"https:\/\/construcaocivil.siriusmarketingedesign.com.br\/index.php?rest_route=\/wp\/v2\/types\/post"}],"author":[{"embeddable":true,"href":"https:\/\/construcaocivil.siriusmarketingedesign.com.br\/index.php?rest_route=\/wp\/v2\/users\/1"}],"replies":[{"embeddable":true,"href":"https:\/\/construcaocivil.siriusmarketingedesign.com.br\/index.php?rest_route=%2Fwp%2Fv2%2Fcomments&post=6364"}],"version-history":[{"count":0,"href":"https:\/\/construcaocivil.siriusmarketingedesign.com.br\/index.php?rest_route=\/wp\/v2\/posts\/6364\/revisions"}],"wp:attachment":[{"href":"https:\/\/construcaocivil.siriusmarketingedesign.com.br\/index.php?rest_route=%2Fwp%2Fv2%2Fmedia&parent=6364"}],"wp:term":[{"taxonomy":"category","embeddable":true,"href":"https:\/\/construcaocivil.siriusmarketingedesign.com.br\/index.php?rest_route=%2Fwp%2Fv2%2Fcategories&post=6364"},{"taxonomy":"post_tag","embeddable":true,"href":"https:\/\/construcaocivil.siriusmarketingedesign.com.br\/index.php?rest_route=%2Fwp%2Fv2%2Ftags&post=6364"}],"curies":[{"name":"wp","href":"https:\/\/api.w.org\/{rel}","templated":true}]}}