{"id":6366,"date":"2017-06-02T14:02:40","date_gmt":"2017-06-02T17:02:40","guid":{"rendered":"http:\/\/www.jornaldaconstrucaocivil.com.br\/?p=6366"},"modified":"2017-06-02T14:02:40","modified_gmt":"2017-06-02T17:02:40","slug":"vendas-do-varejo-de-material-de-construcao-crescem-5-em-maio","status":"publish","type":"post","link":"https:\/\/construcaocivil.siriusmarketingedesign.com.br\/?p=6366","title":{"rendered":"Vendas do varejo de material de constru\u00e7\u00e3o crescem 5% em maio"},"content":{"rendered":"<p style=\"text-align: justify;\"><span style=\"color: #000080;\"><em><strong>De janeiro a maio, setor registra alta de 6%. No acumulado dos \u00faltimos 12 meses, no entanto, \u00edndice \u00e9 de -6%<\/strong><\/em><\/span><\/p>\n<p style=\"text-align: justify;\"><span style=\"color: #000000;\"><span style=\"color: #993300;\">Junho, 2017<\/span> &#8211; As vendas no varejo de material de constru\u00e7\u00e3o no m\u00eas de maio tiveram desempenho 5% superior ao registrado em abril. Na compara\u00e7\u00e3o com maio de 2016, o volume de vendas no m\u00eas foi 9% superior. Os dados s\u00e3o da Pesquisa Tracking mensal da Anamaco, que entrevistou 530 lojistas entre os dias 26 a 31 de maio.<\/span><\/p>\n<figure id=\"attachment_5657\" aria-describedby=\"caption-attachment-5657\" style=\"width: 351px\" class=\"wp-caption alignleft\"><a href=\"http:\/\/www.jornaldaconstrucaocivil.com.br\/wp-content\/uploads\/2017\/04\/FREI-CANECA-LOJA.jpg\"><img loading=\"lazy\" decoding=\"async\" class=\"wp-image-5657\" src=\"http:\/\/www.jornaldaconstrucaocivil.com.br\/wp-content\/uploads\/2017\/04\/FREI-CANECA-LOJA.jpg\" alt=\"FREI-CANECA-LOJA\" width=\"351\" height=\"281\" \/><\/a><figcaption id=\"caption-attachment-5657\" class=\"wp-caption-text\">Arquivo &#8211; JCC<\/figcaption><\/figure>\n<p style=\"text-align: justify;\"><span style=\"color: #000000;\">De acordo com o relat\u00f3rio, o setor apresenta 6% de crescimento de janeiro a maio. J\u00e1 no acumulado dos \u00faltimos 12 meses, o dado \u00e9 negativo: -6%.<span style=\"color: #000080;\"><em> &#8220;Depois de dois dos piores anos da hist\u00f3ria do nosso setor, estamos apresentando um ritmo constante de recupera\u00e7\u00e3o que foi bastante influenciado pela libera\u00e7\u00e3o dos recursos das contas inativas do FGTS. Segundo o IBGE e a Pesquisa Mensal do Com\u00e9rcio, dos R$ 5,5 bilh\u00f5es liberados em mar\u00e7o, mais de R$ 594 milh\u00f5es (cerca de 22,4% do total) foram gastos no nosso setor e isso teve uma influ\u00eancia muito positiva nas nossas vendas&#8221;<\/em><\/span>, explica Cl\u00e1udio Conz, presidente da Anamaco.<\/span><\/p>\n<p style=\"text-align: justify;\"><span style=\"color: #000000;\">Conz ressalta que o setor vem reagindo modestamente desde o final do ano passado.<span style=\"color: #000080;\"><em> &#8220;Quando voc\u00ea tem dois anos de retra\u00e7\u00e3o econ\u00f4mica, qualquer recupera\u00e7\u00e3o precisa ser muito estudada e comemorada, e temos dado sinais que nos deixam muito otimistas. Temos feito um trabalho constante, e nossos n\u00fameros sempre melhoram quando h\u00e1 um aumento de oferta de cr\u00e9dito no mercado. Al\u00e9m da libera\u00e7\u00e3o dos recursos das contas inativas do FGTS,\u00a0 o Cart\u00e3o Reforma \u00e9 outra medida que deve impactar positivamente o nosso desempenho, afinal o programa deve atingir o teto de R$ 1 bilh\u00e3o s\u00f3 em 2017&#8221;<\/em><\/span>, completa.<\/span><\/p>\n<p style=\"text-align: justify;\"><span style=\"color: #000000;\">De acordo com a pesquisa da Anamaco, todas as regi\u00f5es apresentaram resultados favor\u00e1veis, com destaque para o Norte e Centro-Oeste onde 46% e 43% dos lojistas, respectivamente, tiveram volume de vendas em m\u00e9dia 16% superior a abril. No Nordeste, 76% dos entrevistados registraram aumento de vendas entre 10% e 20% no per\u00edodo. J\u00e1 no Sul, 50% dos lojistas afirmou que teve aumento de vendas de at\u00e9 10%, enquanto que 86% dos comerciantes do Sudeste registraram alta de 10% a 20%.<\/span><\/p>\n<p style=\"text-align: justify;\"><span style=\"color: #000000;\">Para junho, 54% dos lojistas espera que o volume de vendas continue crescendo no m\u00eas. O mercado, por\u00e9m, mostra-se sens\u00edvel \u00e0 instabilidade pol\u00edtica. O pessimismo do setor com rela\u00e7\u00e3o \u00e0s a\u00e7\u00f5es do Governo nos pr\u00f3ximos 12 meses cresceu de 29% para 46%.<\/span><\/p>\n<p style=\"text-align: justify;\"><span style=\"color: #000000;\">Apesar disso, 12% dos entrevistados pretendem contratar novos funcion\u00e1rios j\u00e1 em maio (aumento de 2% com rela\u00e7\u00e3o a abril) e 1\/3 dos lojistas pretende fazer novos investimentos ainda em 2017.<\/span><\/p>\n<p style=\"text-align: justify;\"><span style=\"color: #000000;\">A Pesquisa Tracking Anamaco tem o apoio da Anfacer, Abrafati e Instituto Crisotila Brasil.\u00a0<\/span><\/p>\n<p style=\"text-align: justify;\">Fonte:Imprensa\/Anamaco<\/p>\n","protected":false},"excerpt":{"rendered":"<p>De janeiro a maio, setor registra alta de 6%. No acumulado dos \u00faltimos 12 meses, no entanto, \u00edndice \u00e9 de -6% Junho, 2017 &#8211; As vendas no varejo de material de constru\u00e7\u00e3o no m\u00eas de maio tiveram desempenho 5% superior ao registrado em abril. Na compara\u00e7\u00e3o com maio de 2016, o volume de vendas no [&hellip;]<\/p>\n","protected":false},"author":1,"featured_media":5657,"comment_status":"open","ping_status":"open","sticky":false,"template":"","format":"standard","meta":{"_uag_custom_page_level_css":"","footnotes":""},"categories":[33],"tags":[338,726,1888,3170,5020,6027,6212,7362,10289,12211,12336],"class_list":["post-6366","post","type-post","status-publish","format-standard","has-post-thumbnail","hentry","category-mercado","tag-abrafati","tag-anfacer","tag-cartao-reforma","tag-crescimento-lento","tag-fgts","tag-industria-da-construcao-civil","tag-instituto-crisotila-brasil","tag-material-de-construcao","tag-retracao-economica","tag-varejo","tag-vendas-por-todo-pais"],"blocksy_meta":[],"spectra_blocks_featured_image_url":[],"spectra_blocks_author_info":{"display_name":"Jornal da Constru\u00e7\u00e3o Civil","avatar_url":"https:\/\/secure.gravatar.com\/avatar\/973c9774fd44ddaceb026973c4962faa70fc512bc4c9da68e8ebb40fecee6540?s=96&d=mm&r=g","author_link":"https:\/\/construcaocivil.siriusmarketingedesign.com.br\/?author=1","description":"Desde de 2013, levando muitas informa\u00e7\u00f5es, lan\u00e7amentos e produtos de qualidade para toda cadeia produtiva da constru\u00e7\u00e3o. O Futuro da constru\u00e7\u00e3o passa por aqui,"},"uagb_featured_image_src":{"full":false,"thumbnail":false,"medium":false,"medium_large":false,"large":false,"1536x1536":false,"2048x2048":false},"uagb_author_info":{"display_name":"Jornal da Constru\u00e7\u00e3o Civil","author_link":"https:\/\/construcaocivil.siriusmarketingedesign.com.br\/?author=1"},"uagb_comment_info":0,"uagb_excerpt":"De janeiro a maio, setor registra alta de 6%. No acumulado dos \u00faltimos 12 meses, no entanto, \u00edndice \u00e9 de -6% Junho, 2017 &#8211; As vendas no varejo de material de constru\u00e7\u00e3o no m\u00eas de maio tiveram desempenho 5% superior ao registrado em abril. Na compara\u00e7\u00e3o com maio de 2016, o volume de vendas no&hellip;","_links":{"self":[{"href":"https:\/\/construcaocivil.siriusmarketingedesign.com.br\/index.php?rest_route=\/wp\/v2\/posts\/6366","targetHints":{"allow":["GET"]}}],"collection":[{"href":"https:\/\/construcaocivil.siriusmarketingedesign.com.br\/index.php?rest_route=\/wp\/v2\/posts"}],"about":[{"href":"https:\/\/construcaocivil.siriusmarketingedesign.com.br\/index.php?rest_route=\/wp\/v2\/types\/post"}],"author":[{"embeddable":true,"href":"https:\/\/construcaocivil.siriusmarketingedesign.com.br\/index.php?rest_route=\/wp\/v2\/users\/1"}],"replies":[{"embeddable":true,"href":"https:\/\/construcaocivil.siriusmarketingedesign.com.br\/index.php?rest_route=%2Fwp%2Fv2%2Fcomments&post=6366"}],"version-history":[{"count":0,"href":"https:\/\/construcaocivil.siriusmarketingedesign.com.br\/index.php?rest_route=\/wp\/v2\/posts\/6366\/revisions"}],"wp:attachment":[{"href":"https:\/\/construcaocivil.siriusmarketingedesign.com.br\/index.php?rest_route=%2Fwp%2Fv2%2Fmedia&parent=6366"}],"wp:term":[{"taxonomy":"category","embeddable":true,"href":"https:\/\/construcaocivil.siriusmarketingedesign.com.br\/index.php?rest_route=%2Fwp%2Fv2%2Fcategories&post=6366"},{"taxonomy":"post_tag","embeddable":true,"href":"https:\/\/construcaocivil.siriusmarketingedesign.com.br\/index.php?rest_route=%2Fwp%2Fv2%2Ftags&post=6366"}],"curies":[{"name":"wp","href":"https:\/\/api.w.org\/{rel}","templated":true}]}}