{"id":6373,"date":"2017-06-02T14:35:35","date_gmt":"2017-06-02T17:35:35","guid":{"rendered":"http:\/\/www.jornaldaconstrucaocivil.com.br\/?p=6373"},"modified":"2017-06-02T14:35:35","modified_gmt":"2017-06-02T17:35:35","slug":"marica-realiza-xxviii-exposicao-oficial-de-orquideas","status":"publish","type":"post","link":"https:\/\/construcaocivil.siriusmarketingedesign.com.br\/?p=6373","title":{"rendered":"Maric\u00e1 realiza XXVIII exposi\u00e7\u00e3o oficial de orqu\u00eddeas"},"content":{"rendered":"<p style=\"text-align: justify;\"><span style=\"color: #000000;\"><span style=\"color: #0000ff;\">Junho, 2017<\/span> &#8211; O C\u00edrculo Orquid\u00f3filo Maricaense (Comar), com apoio da Secretaria de Agricultura, Pecu\u00e1ria e Pesca, e da Associa\u00e7\u00e3o de Produtores de Orqu\u00eddeas do Estado do Rio de Janeiro (APPERJ), realiza a XXVIII Exposi\u00e7\u00e3o Oficial de Orqu\u00eddeas de Maric\u00e1, nesta sexta (02\/06), s\u00e1bado (03\/06) e domingo (04\/06). O evento, que em suas duas \u00faltimas edi\u00e7\u00f5es foi realizado na Pra\u00e7a Orlando de Barros Pimentel (Centro), desta vez ser\u00e1 sediado no Complexo Esportivo Leonel de Moura Brizola, no Flamengo.<\/span><\/p>\n<figure id=\"attachment_6374\" aria-describedby=\"caption-attachment-6374\" style=\"width: 302px\" class=\"wp-caption alignleft\"><a href=\"http:\/\/www.jornaldaconstrucaocivil.com.br\/wp-content\/uploads\/2017\/06\/DSC_0588-1024x678.jpg\"><img loading=\"lazy\" decoding=\"async\" class=\"wp-image-6374\" src=\"http:\/\/www.jornaldaconstrucaocivil.com.br\/wp-content\/uploads\/2017\/06\/DSC_0588-1024x678-1024x678.jpg\" width=\"302\" height=\"200\" \/><\/a><figcaption id=\"caption-attachment-6374\" class=\"wp-caption-text\"><span style=\"color: #0000ff;\">Maric\u00e1 realiza XXVIII exposi\u00e7\u00e3o oficial de orqu\u00eddeas.<\/span> Cr\u00e9ditos: Divulga\u00e7\u00e3o<\/figcaption><\/figure>\n<p style=\"text-align: justify;\"><span style=\"color: #000000;\">Durante o evento, o p\u00fablico poder\u00e1 apreciar a beleza dessa planta e conhecer seus diferentes g\u00eaneros e esp\u00e9cies, perfumes, cores e formatos, al\u00e9m disso poder\u00e1 saber mais sobre seu cultivo e preserva\u00e7\u00e3o. Dentro da programa\u00e7\u00e3o ser\u00e1 realizada uma oficina sobre o cuidado com as plantas.<\/span><\/p>\n<p style=\"text-align: justify;\"><span style=\"color: #000000;\">Segundo a presidente da Comar, Val\u00e9ria Abreu, a parceria com o Prefeitura de Maric\u00e1 tem dado bons frutos. Variedades como o grupo das Laelias (tenebrosa, aurea, rubra, lobata, purpurata e carnea), ou Ecyclia (gran\u00edtica, \u2018alba\u2019, phoenicea), e muitas outras, estar\u00e3o compondo o acervo da exposi\u00e7\u00e3o.<\/span><\/p>\n<p style=\"text-align: justify;\"><strong><span style=\"color: #000000;\">Servi\u00e7o:<\/span><\/strong><\/p>\n<p style=\"text-align: justify;\"><strong><span style=\"color: #000000;\">Complexo Esportivo Leonel de Moura Brizola<\/span><\/strong><\/p>\n<p style=\"text-align: justify;\"><strong><span style=\"color: #000000;\">Av. Roberto Silveira, s\/n, Flamengo &#8211; Maric\u00e1 \/RJ<\/span><\/strong><\/p>\n<p style=\"text-align: justify;\"><strong><span style=\"color: #000000;\">(2\u00aa entrada de Maric\u00e1, sentido Regi\u00e3o dos Lagos)<\/span><\/strong><\/p>\n<p style=\"text-align: justify;\"><strong><span style=\"color: #000000;\">Dia 02\/06 (sexta-feira)<\/span><\/strong><\/p>\n<p style=\"text-align: justify;\"><span style=\"color: #993300;\">Das 16h \u00e0s 20h<\/span><\/p>\n<p style=\"text-align: justify;\"><strong><span style=\"color: #000000;\">Dia 03\/06 (s\u00e1bado)<\/span><\/strong><\/p>\n<p style=\"text-align: justify;\"><span style=\"color: #993300;\">Das 09h \u00e0s 17h<\/span><\/p>\n<p style=\"text-align: justify;\"><span style=\"color: #0000ff;\">(Oficinas de cultivo \u00e0s 15h)<\/span><\/p>\n<p style=\"text-align: justify;\"><strong><span style=\"color: #000000;\">Dia 04\/06 (domingo)<\/span><\/strong><\/p>\n<p style=\"text-align: justify;\"><span style=\"color: #993300;\">Das 09h \u00e0s 17h<\/span><\/p>\n<p style=\"text-align: justify;\"><span style=\"color: #000000;\">Entrada franca. Contribua levando 1kg de alimento n\u00e3o perec\u00edvel.<\/span><\/p>\n<p style=\"text-align: justify;\">Fonte: Imprensa\/Prefeitura de Maric\u00e1<\/p>\n","protected":false},"excerpt":{"rendered":"<p>Junho, 2017 &#8211; O C\u00edrculo Orquid\u00f3filo Maricaense (Comar), com apoio da Secretaria de Agricultura, Pecu\u00e1ria e Pesca, e da Associa\u00e7\u00e3o de Produtores de Orqu\u00eddeas do Estado do Rio de Janeiro (APPERJ), realiza a XXVIII Exposi\u00e7\u00e3o Oficial de Orqu\u00eddeas de Maric\u00e1, nesta sexta (02\/06), s\u00e1bado (03\/06) e domingo (04\/06). O evento, que em suas duas \u00faltimas [&hellip;]<\/p>\n","protected":false},"author":1,"featured_media":6374,"comment_status":"open","ping_status":"open","sticky":false,"template":"","format":"standard","meta":{"_uag_custom_page_level_css":"","footnotes":""},"categories":[27],"tags":[529,1031,2313,4772,7295,12554],"class_list":["post-6373","post","type-post","status-publish","format-standard","has-post-thumbnail","hentry","category-acontece","tag-agricultura","tag-associacao-de-produtores-de-orquideas-do-estado-do-rio-de-janeiro","tag-circulo-orquidofilo-maricaense-comar","tag-exposicao-de-orquideas","tag-marica-rj","tag-xxviii-exposicao-oficial-de-orquideas-de-marica"],"blocksy_meta":[],"spectra_blocks_featured_image_url":[],"spectra_blocks_author_info":{"display_name":"Jornal da Constru\u00e7\u00e3o Civil","avatar_url":"https:\/\/secure.gravatar.com\/avatar\/973c9774fd44ddaceb026973c4962faa70fc512bc4c9da68e8ebb40fecee6540?s=96&d=mm&r=g","author_link":"https:\/\/construcaocivil.siriusmarketingedesign.com.br\/?author=1","description":"Desde de 2013, levando muitas informa\u00e7\u00f5es, lan\u00e7amentos e produtos de qualidade para toda cadeia produtiva da constru\u00e7\u00e3o. O Futuro da constru\u00e7\u00e3o passa por aqui,"},"uagb_featured_image_src":{"full":false,"thumbnail":false,"medium":false,"medium_large":false,"large":false,"1536x1536":false,"2048x2048":false},"uagb_author_info":{"display_name":"Jornal da Constru\u00e7\u00e3o Civil","author_link":"https:\/\/construcaocivil.siriusmarketingedesign.com.br\/?author=1"},"uagb_comment_info":0,"uagb_excerpt":"Junho, 2017 &#8211; O C\u00edrculo Orquid\u00f3filo Maricaense (Comar), com apoio da Secretaria de Agricultura, Pecu\u00e1ria e Pesca, e da Associa\u00e7\u00e3o de Produtores de Orqu\u00eddeas do Estado do Rio de Janeiro (APPERJ), realiza a XXVIII Exposi\u00e7\u00e3o Oficial de Orqu\u00eddeas de Maric\u00e1, nesta sexta (02\/06), s\u00e1bado (03\/06) e domingo (04\/06). O evento, que em suas duas \u00faltimas&hellip;","_links":{"self":[{"href":"https:\/\/construcaocivil.siriusmarketingedesign.com.br\/index.php?rest_route=\/wp\/v2\/posts\/6373","targetHints":{"allow":["GET"]}}],"collection":[{"href":"https:\/\/construcaocivil.siriusmarketingedesign.com.br\/index.php?rest_route=\/wp\/v2\/posts"}],"about":[{"href":"https:\/\/construcaocivil.siriusmarketingedesign.com.br\/index.php?rest_route=\/wp\/v2\/types\/post"}],"author":[{"embeddable":true,"href":"https:\/\/construcaocivil.siriusmarketingedesign.com.br\/index.php?rest_route=\/wp\/v2\/users\/1"}],"replies":[{"embeddable":true,"href":"https:\/\/construcaocivil.siriusmarketingedesign.com.br\/index.php?rest_route=%2Fwp%2Fv2%2Fcomments&post=6373"}],"version-history":[{"count":0,"href":"https:\/\/construcaocivil.siriusmarketingedesign.com.br\/index.php?rest_route=\/wp\/v2\/posts\/6373\/revisions"}],"wp:attachment":[{"href":"https:\/\/construcaocivil.siriusmarketingedesign.com.br\/index.php?rest_route=%2Fwp%2Fv2%2Fmedia&parent=6373"}],"wp:term":[{"taxonomy":"category","embeddable":true,"href":"https:\/\/construcaocivil.siriusmarketingedesign.com.br\/index.php?rest_route=%2Fwp%2Fv2%2Fcategories&post=6373"},{"taxonomy":"post_tag","embeddable":true,"href":"https:\/\/construcaocivil.siriusmarketingedesign.com.br\/index.php?rest_route=%2Fwp%2Fv2%2Ftags&post=6373"}],"curies":[{"name":"wp","href":"https:\/\/api.w.org\/{rel}","templated":true}]}}