{"id":6378,"date":"2017-06-05T13:41:34","date_gmt":"2017-06-05T16:41:34","guid":{"rendered":"http:\/\/www.jornaldaconstrucaocivil.com.br\/?p=6378"},"modified":"2017-06-05T13:41:34","modified_gmt":"2017-06-05T16:41:34","slug":"novo-salao-conceito-amauri-guedes-hairdresser","status":"publish","type":"post","link":"https:\/\/construcaocivil.siriusmarketingedesign.com.br\/?p=6378","title":{"rendered":"Novo sal\u00e3o conceito Amauri Guedes Hairdresser"},"content":{"rendered":"<figure id=\"attachment_6379\" aria-describedby=\"caption-attachment-6379\" style=\"width: 293px\" class=\"wp-caption alignleft\"><a href=\"http:\/\/www.jornaldaconstrucaocivil.com.br\/wp-content\/uploads\/2017\/06\/BB-Amauri-Guedes-Hairdresser_Sal\u00e3o-Barra_Cr\u00e9dito-Leo-Samm.jpg\"><img loading=\"lazy\" decoding=\"async\" class=\"wp-image-6379\" src=\"http:\/\/www.jornaldaconstrucaocivil.com.br\/wp-content\/uploads\/2017\/06\/BB-Amauri-Guedes-Hairdresser_Sal\u00e3o-Barra_Cr\u00e9dito-Leo-Samm.jpg\" alt=\"Amauri Guedes Hairdresser - Sal\u00e3o Barra. Cr\u00e9dito Leo Samm\" width=\"293\" height=\"194\" \/><\/a><figcaption id=\"caption-attachment-6379\" class=\"wp-caption-text\"><span style=\"color: #993300;\">Amauri Guedes Hairdresser &#8211; Sal\u00e3o Barra.<\/span> Cr\u00e9dito Leo Samm<\/figcaption><\/figure>\n<p style=\"text-align: justify;\"><span style=\"color: #000000;\"><span style=\"color: #993300;\">Rio, junho, 2017<\/span> &#8211; Na quinta-feira, 8 de junho, o hairstylist Amauri Guedes inaugura oficialmente seu novo sal\u00e3o conceito com proposta exclusiva no Vogue Square. O espa\u00e7o de dois andares e 230m\u00b2 \u00e9 focado na beleza e bem-estar, e al\u00e9m dos tradicionais servi\u00e7os oferecidos em sal\u00f5es de beleza, ele conta tamb\u00e9m com um SPA exclusivo. Para atender o exigente p\u00fablico do bairro, Amauri conta com uma equipe de 50 profissionais altamente qualificados e experientes. O projeto \u00e9 assinado pelo arquiteto Luciano Reis, especializado em sal\u00f5es de beleza.<\/span><\/p>\n<p style=\"text-align: justify;\"><strong><span style=\"color: #000000;\">Servi\u00e7o<\/span><\/strong><\/p>\n<p style=\"text-align: justify;\"><strong><span style=\"color: #000000;\">Amauri Guedes Hairdresser<\/span><\/strong><\/p>\n<p style=\"text-align: justify;\"><strong><span style=\"color: #000000;\">Endere\u00e7o: Vogue Square \u2013 Avenida das Am\u00e9ricas, 8585 loja 120 |<\/span><\/strong><\/p>\n<p style=\"text-align: justify;\"><strong><span style=\"color: #000000;\">Telefone: 3030-7818; 3030-7819; 3030-7820<\/span><\/strong><\/p>\n","protected":false},"excerpt":{"rendered":"<p>Rio, junho, 2017 &#8211; Na quinta-feira, 8 de junho, o hairstylist Amauri Guedes inaugura oficialmente seu novo sal\u00e3o conceito com proposta exclusiva no Vogue Square. O espa\u00e7o de dois andares e 230m\u00b2 \u00e9 focado na beleza e bem-estar, e al\u00e9m dos tradicionais servi\u00e7os oferecidos em sal\u00f5es de beleza, ele conta tamb\u00e9m com um SPA exclusivo. [&hellip;]<\/p>\n","protected":false},"author":1,"featured_media":6379,"comment_status":"open","ping_status":"open","sticky":false,"template":"","format":"standard","meta":{"_uag_custom_page_level_css":"","footnotes":""},"categories":[28],"tags":[1140,1332,5743,8252,9698,10375,10579,12460],"class_list":["post-6378","post","type-post","status-publish","format-standard","has-post-thumbnail","hentry","category-arquitetura","tag-avenida-das-americas-rj","tag-beleza-e-bem-estar","tag-hairdresser","tag-novo-conceito-de-salao","tag-projeto-do-arquiteto-luciano-reis","tag-rio-de-janeiro","tag-saloes-de-beleza","tag-vogue-square"],"blocksy_meta":[],"spectra_blocks_featured_image_url":[],"spectra_blocks_author_info":{"display_name":"Jornal da Constru\u00e7\u00e3o Civil","avatar_url":"https:\/\/secure.gravatar.com\/avatar\/973c9774fd44ddaceb026973c4962faa70fc512bc4c9da68e8ebb40fecee6540?s=96&d=mm&r=g","author_link":"https:\/\/construcaocivil.siriusmarketingedesign.com.br\/?author=1","description":"Desde de 2013, levando muitas informa\u00e7\u00f5es, lan\u00e7amentos e produtos de qualidade para toda cadeia produtiva da constru\u00e7\u00e3o. O Futuro da constru\u00e7\u00e3o passa por aqui,"},"uagb_featured_image_src":{"full":false,"thumbnail":false,"medium":false,"medium_large":false,"large":false,"1536x1536":false,"2048x2048":false},"uagb_author_info":{"display_name":"Jornal da Constru\u00e7\u00e3o Civil","author_link":"https:\/\/construcaocivil.siriusmarketingedesign.com.br\/?author=1"},"uagb_comment_info":0,"uagb_excerpt":"Rio, junho, 2017 &#8211; Na quinta-feira, 8 de junho, o hairstylist Amauri Guedes inaugura oficialmente seu novo sal\u00e3o conceito com proposta exclusiva no Vogue Square. O espa\u00e7o de dois andares e 230m\u00b2 \u00e9 focado na beleza e bem-estar, e al\u00e9m dos tradicionais servi\u00e7os oferecidos em sal\u00f5es de beleza, ele conta tamb\u00e9m com um SPA exclusivo.&hellip;","_links":{"self":[{"href":"https:\/\/construcaocivil.siriusmarketingedesign.com.br\/index.php?rest_route=\/wp\/v2\/posts\/6378","targetHints":{"allow":["GET"]}}],"collection":[{"href":"https:\/\/construcaocivil.siriusmarketingedesign.com.br\/index.php?rest_route=\/wp\/v2\/posts"}],"about":[{"href":"https:\/\/construcaocivil.siriusmarketingedesign.com.br\/index.php?rest_route=\/wp\/v2\/types\/post"}],"author":[{"embeddable":true,"href":"https:\/\/construcaocivil.siriusmarketingedesign.com.br\/index.php?rest_route=\/wp\/v2\/users\/1"}],"replies":[{"embeddable":true,"href":"https:\/\/construcaocivil.siriusmarketingedesign.com.br\/index.php?rest_route=%2Fwp%2Fv2%2Fcomments&post=6378"}],"version-history":[{"count":0,"href":"https:\/\/construcaocivil.siriusmarketingedesign.com.br\/index.php?rest_route=\/wp\/v2\/posts\/6378\/revisions"}],"wp:attachment":[{"href":"https:\/\/construcaocivil.siriusmarketingedesign.com.br\/index.php?rest_route=%2Fwp%2Fv2%2Fmedia&parent=6378"}],"wp:term":[{"taxonomy":"category","embeddable":true,"href":"https:\/\/construcaocivil.siriusmarketingedesign.com.br\/index.php?rest_route=%2Fwp%2Fv2%2Fcategories&post=6378"},{"taxonomy":"post_tag","embeddable":true,"href":"https:\/\/construcaocivil.siriusmarketingedesign.com.br\/index.php?rest_route=%2Fwp%2Fv2%2Ftags&post=6378"}],"curies":[{"name":"wp","href":"https:\/\/api.w.org\/{rel}","templated":true}]}}