{"id":6387,"date":"2017-06-05T13:06:02","date_gmt":"2017-06-05T16:06:02","guid":{"rendered":"http:\/\/www.jornaldaconstrucaocivil.com.br\/?p=6387"},"modified":"2017-06-05T13:06:02","modified_gmt":"2017-06-05T16:06:02","slug":"o-brasil-nao-pode-parar","status":"publish","type":"post","link":"https:\/\/construcaocivil.siriusmarketingedesign.com.br\/?p=6387","title":{"rendered":"O Brasil n\u00e3o pode parar!"},"content":{"rendered":"<p style=\"text-align: justify;\"><span style=\"color: #000080;\"><em><strong>Posicionamento da Ind\u00fastria da Constru\u00e7\u00e3o<\/strong><\/em><\/span><\/p>\n<figure id=\"attachment_6388\" aria-describedby=\"caption-attachment-6388\" style=\"width: 351px\" class=\"wp-caption alignleft\"><a href=\"http:\/\/www.jornaldaconstrucaocivil.com.br\/wp-content\/uploads\/2017\/06\/AA-CBIC-PRESIDENTE.jpg\"><img loading=\"lazy\" decoding=\"async\" class=\"wp-image-6388\" src=\"http:\/\/www.jornaldaconstrucaocivil.com.br\/wp-content\/uploads\/2017\/06\/AA-CBIC-PRESIDENTE.jpg\" alt=\"AA CBIC - PRESIDENTE\" width=\"351\" height=\"234\" \/><\/a><figcaption id=\"caption-attachment-6388\" class=\"wp-caption-text\"><span style=\"color: #993300;\">O presidente da CBIC Jos\u00e9 Carlos Martins.<\/span><\/figcaption><\/figure>\n<p style=\"text-align: justify;\"><span style=\"color: #000000;\"><span style=\"color: #993300;\">Junho, 2017<\/span> &#8211; Essa \u00e9 a s\u00edntese da reflex\u00e3o que a constru\u00e7\u00e3o civil vem fazendo, refor\u00e7ada perante a eclos\u00e3o de nova turbul\u00eancia pol\u00edtica em maio, e levou aos dirigentes do Executivo e Legislativo federais para sensibiliz\u00e1-los quanto \u00e0 necessidade de impedirmos um ciclo de paralisia que atrase a agenda que pode recolocar o pa\u00eds na dire\u00e7\u00e3o da estabilidade e recupera\u00e7\u00e3o econ\u00f4mica. Ap\u00f3s quase tr\u00eas anos de retra\u00e7\u00e3o \u2013 com infla\u00e7\u00e3o alta, escalada do desemprego e juros estratosf\u00e9ricos \u2013\u00a0 registramos atividade positiva e um ambiente mais prop\u00edcio \u00e0 retomada do investimento e gera\u00e7\u00e3o de emprego. T\u00eanues, mas de grande import\u00e2ncia, esses sinais n\u00e3o podem ser freados por outra crise. \u00c9 preciso aprovar as reformas e aprofundar as medidas macroecon\u00f4micas que possam acelerar a retomada da economia. O cidad\u00e3o, que quer e precisa trabalhar, n\u00e3o aguenta mais. O pequeno e m\u00e9dio empres\u00e1rio, representados pela CBIC, n\u00e3o aguentam mais!<\/span><\/p>\n<p style=\"text-align: justify;\"><span style=\"color: #0000ff;\">Fonte: CBIC\u00a0<\/span><\/p>\n","protected":false},"excerpt":{"rendered":"<p>Posicionamento da Ind\u00fastria da Constru\u00e7\u00e3o Junho, 2017 &#8211; Essa \u00e9 a s\u00edntese da reflex\u00e3o que a constru\u00e7\u00e3o civil vem fazendo, refor\u00e7ada perante a eclos\u00e3o de nova turbul\u00eancia pol\u00edtica em maio, e levou aos dirigentes do Executivo e Legislativo federais para sensibiliz\u00e1-los quanto \u00e0 necessidade de impedirmos um ciclo de paralisia que atrase a agenda que [&hellip;]<\/p>\n","protected":false},"author":1,"featured_media":6388,"comment_status":"open","ping_status":"open","sticky":false,"template":"","format":"standard","meta":{"_uag_custom_page_level_css":"","footnotes":""},"categories":[27],"tags":[2029,2753,2826,3217,5394,6310,6555,10279,10290],"class_list":["post-6387","post","type-post","status-publish","format-standard","has-post-thumbnail","hentry","category-acontece","tag-cbic","tag-congresso-federal","tag-construcao-civil","tag-crise-politica","tag-geracao-de-empregos","tag-investimentos","tag-jose-carlos-martins-presidente-cbic","tag-retomada-do-crescimento","tag-retracao-na-economia"],"blocksy_meta":[],"spectra_blocks_featured_image_url":[],"spectra_blocks_author_info":{"display_name":"Jornal da Constru\u00e7\u00e3o Civil","avatar_url":"https:\/\/secure.gravatar.com\/avatar\/973c9774fd44ddaceb026973c4962faa70fc512bc4c9da68e8ebb40fecee6540?s=96&d=mm&r=g","author_link":"https:\/\/construcaocivil.siriusmarketingedesign.com.br\/?author=1","description":"Desde de 2013, levando muitas informa\u00e7\u00f5es, lan\u00e7amentos e produtos de qualidade para toda cadeia produtiva da constru\u00e7\u00e3o. O Futuro da constru\u00e7\u00e3o passa por aqui,"},"uagb_featured_image_src":{"full":false,"thumbnail":false,"medium":false,"medium_large":false,"large":false,"1536x1536":false,"2048x2048":false},"uagb_author_info":{"display_name":"Jornal da Constru\u00e7\u00e3o Civil","author_link":"https:\/\/construcaocivil.siriusmarketingedesign.com.br\/?author=1"},"uagb_comment_info":0,"uagb_excerpt":"Posicionamento da Ind\u00fastria da Constru\u00e7\u00e3o Junho, 2017 &#8211; Essa \u00e9 a s\u00edntese da reflex\u00e3o que a constru\u00e7\u00e3o civil vem fazendo, refor\u00e7ada perante a eclos\u00e3o de nova turbul\u00eancia pol\u00edtica em maio, e levou aos dirigentes do Executivo e Legislativo federais para sensibiliz\u00e1-los quanto \u00e0 necessidade de impedirmos um ciclo de paralisia que atrase a agenda que&hellip;","_links":{"self":[{"href":"https:\/\/construcaocivil.siriusmarketingedesign.com.br\/index.php?rest_route=\/wp\/v2\/posts\/6387","targetHints":{"allow":["GET"]}}],"collection":[{"href":"https:\/\/construcaocivil.siriusmarketingedesign.com.br\/index.php?rest_route=\/wp\/v2\/posts"}],"about":[{"href":"https:\/\/construcaocivil.siriusmarketingedesign.com.br\/index.php?rest_route=\/wp\/v2\/types\/post"}],"author":[{"embeddable":true,"href":"https:\/\/construcaocivil.siriusmarketingedesign.com.br\/index.php?rest_route=\/wp\/v2\/users\/1"}],"replies":[{"embeddable":true,"href":"https:\/\/construcaocivil.siriusmarketingedesign.com.br\/index.php?rest_route=%2Fwp%2Fv2%2Fcomments&post=6387"}],"version-history":[{"count":0,"href":"https:\/\/construcaocivil.siriusmarketingedesign.com.br\/index.php?rest_route=\/wp\/v2\/posts\/6387\/revisions"}],"wp:attachment":[{"href":"https:\/\/construcaocivil.siriusmarketingedesign.com.br\/index.php?rest_route=%2Fwp%2Fv2%2Fmedia&parent=6387"}],"wp:term":[{"taxonomy":"category","embeddable":true,"href":"https:\/\/construcaocivil.siriusmarketingedesign.com.br\/index.php?rest_route=%2Fwp%2Fv2%2Fcategories&post=6387"},{"taxonomy":"post_tag","embeddable":true,"href":"https:\/\/construcaocivil.siriusmarketingedesign.com.br\/index.php?rest_route=%2Fwp%2Fv2%2Ftags&post=6387"}],"curies":[{"name":"wp","href":"https:\/\/api.w.org\/{rel}","templated":true}]}}