{"id":6393,"date":"2017-06-05T13:42:26","date_gmt":"2017-06-05T16:42:26","guid":{"rendered":"http:\/\/www.jornaldaconstrucaocivil.com.br\/?p=6393"},"modified":"2017-06-05T13:42:26","modified_gmt":"2017-06-05T16:42:26","slug":"grupo-amazonas-fecha-parceria-com-cc-casa-construcao","status":"publish","type":"post","link":"https:\/\/construcaocivil.siriusmarketingedesign.com.br\/?p=6393","title":{"rendered":"Grupo Amazonas fecha parceria com C&#038;C \u2013 Casa &#038; Constru\u00e7\u00e3o"},"content":{"rendered":"<p style=\"text-align: justify;\"><span style=\"color: #000080;\"><em><strong>Diversos itens do segmento de adesivos e selantes estar\u00e3o dispon\u00edveis aos consumidores da rede de home centers, ampliando a presen\u00e7a da marca nos mercados paulista e fluminense<\/strong><\/em><\/span><\/p>\n<p style=\"text-align: justify;\"><span style=\"color: #000000;\"><span style=\"color: #993300;\">Junho, 2017<\/span> &#8211; Com base nas estrat\u00e9gias definidas para expandir a presen\u00e7a de sua marca no varejo de material de constru\u00e7\u00e3o, o Grupo Amazonas fechou parceria com a C&amp;C &#8211; Casa e Constru\u00e7\u00e3o, rede com mais de 40 lojas nos Estados de S\u00e3o Paulo, Rio de Janeiro e Esp\u00edrito Santo. Desde o m\u00eas de abril uma extensa linha de produtos do segmento de adesivos e selantes passam a ser comercializados nestas lojas. A iniciativa \u00e9 mais um passo na consolida\u00e7\u00e3o da marca na Regi\u00e3o Sudeste do Pa\u00eds.<\/span><\/p>\n<figure id=\"attachment_6394\" aria-describedby=\"caption-attachment-6394\" style=\"width: 286px\" class=\"wp-caption alignleft\"><a href=\"http:\/\/www.jornaldaconstrucaocivil.com.br\/wp-content\/uploads\/2017\/06\/AT-AMAZONAS.jpg\"><img loading=\"lazy\" decoding=\"async\" class=\"wp-image-6394\" src=\"http:\/\/www.jornaldaconstrucaocivil.com.br\/wp-content\/uploads\/2017\/06\/AT-AMAZONAS-614x1024.jpg\" alt=\"AT AMAZONAS\" width=\"286\" height=\"477\" \/><\/a><figcaption id=\"caption-attachment-6394\" class=\"wp-caption-text\"><span style=\"color: #800000;\">Grupo Amazonas fecha parceria com C&amp;C \u2013 Casa &amp; Constru\u00e7\u00e3o<\/span>. Divulga\u00e7\u00e3o<\/figcaption><\/figure>\n<p style=\"text-align: justify;\"><span style=\"color: #000000;\">A C&amp;C \u00e9 a primeira rede de home center a oferecer os produtos Amazonas nos Estados do Sudeste, a exemplo do que j\u00e1 ocorre com revendedores de grande porte com abrang\u00eancia regional no Norte e Nordeste. <span style=\"color: #000080;\"><em>\u201cTrata-se de uma das principais revendas de materiais de constru\u00e7\u00e3o do Pa\u00eds, com forte atua\u00e7\u00e3o no maior mercado consumidor, fatores fundamentais para comemorarmos essa uni\u00e3o\u201d<\/em><\/span>, afirma o gerente de Neg\u00f3cio da \u00e1rea de Constru\u00e7\u00e3o, Matheus Giolo Romeiro.<\/span><\/p>\n<p style=\"text-align: justify;\"><span style=\"color: #000000;\">Para ele, a presen\u00e7a da marca nesse tipo de revenda de material de constru\u00e7\u00e3o \u00e9 fundamental para o desenvolvimento dos neg\u00f3cios e maior conquista de mercado.<span style=\"color: #000080;\"><em> \u201cO home center \u00e9 hoje uma vitrine no mercado de constru\u00e7\u00e3o, um canal formador de opini\u00e3o para o varejo, como se fosse um selo de qualidade\u201d<\/em><\/span>, explica.<span style=\"color: #000080;\"><em> \u201cEstar na C&amp;C \u00e9 uma das iniciativas para a pulveriza\u00e7\u00e3o de nossa linha voltada \u00e0 constru\u00e7\u00e3o na Regi\u00e3o Sudeste, onde buscamos aumentar nossa participa\u00e7\u00e3o\u201d<\/em><\/span>, completa.<\/span><\/p>\n<p style=\"text-align: justify;\"><span style=\"color: #000000;\">A estrat\u00e9gia refor\u00e7a o posicionamento da empresa em atender \u00e0s necessidades de consumidores de todas as faixas de consumo. Com a entrada da marca na C&amp;C, os produtos fabricados pelo Grupo Amazonas tornam-se acess\u00edveis a um espectro maior de perfis de consumidores, com linhas marcadas pela qualidade e elevado desempenho.<\/span><\/p>\n<p style=\"text-align: justify;\"><strong><span style=\"color: #000000;\">Aten\u00e7\u00e3o aos pontos de venda<\/span><\/strong><\/p>\n<p style=\"text-align: justify;\"><span style=\"color: #000000;\">Aos consumidores das lojas C&amp;C, estar\u00e3o dispon\u00edveis diversos itens do portf\u00f3lio Amazonas: a linha de colas &#8211; Madeira, Branca, Branca Extra, Acr\u00edlico Plus -; Silicone Ac\u00e9tico \u2013 Preto, Branco e Transparente \u2013 e Neutro; Selante Base \u00c1gua \u2013 Branco, Bege e Marrom \u2013 e de PU; Cola Instant\u00e2nea \u2013 Flex\u00edvel, Cal\u00e7ados, Universal e Madeira -, de Contato, Spray e Vinil; Aguarr\u00e1s; Thinner; Veda Calha; Sela Trinca; PUR 8030; Espuma Expansiva e Duralit \u2013 Massa e Ep\u00f3xi L\u00edquido.<\/span><\/p>\n<p>&nbsp;<\/p>\n","protected":false},"excerpt":{"rendered":"<p>Diversos itens do segmento de adesivos e selantes estar\u00e3o dispon\u00edveis aos consumidores da rede de home centers, ampliando a presen\u00e7a da marca nos mercados paulista e fluminense Junho, 2017 &#8211; Com base nas estrat\u00e9gias definidas para expandir a presen\u00e7a de sua marca no varejo de material de constru\u00e7\u00e3o, o Grupo Amazonas fechou parceria com a [&hellip;]<\/p>\n","protected":false},"author":1,"featured_media":0,"comment_status":"open","ping_status":"open","sticky":false,"template":"","format":"standard","meta":{"_uag_custom_page_level_css":"","footnotes":""},"categories":[33],"tags":[433,1531,1532,3836,4403,5650,6903,6994,7362,8144,8170,12216,12232],"class_list":["post-6393","post","type-post","status-publish","format-standard","hentry","category-mercado","tag-acrilico-plus","tag-branca","tag-branca-extra","tag-duralit","tag-epoxi-liquido","tag-grupo-amazonas","tag-linha-de-colas-madeira","tag-lojas-cc","tag-material-de-construcao","tag-nordeste","tag-norte","tag-varejo-material-de-construcao","tag-veda-calha"],"blocksy_meta":[],"spectra_blocks_featured_image_url":null,"spectra_blocks_author_info":{"display_name":"Jornal da Constru\u00e7\u00e3o Civil","avatar_url":"https:\/\/secure.gravatar.com\/avatar\/973c9774fd44ddaceb026973c4962faa70fc512bc4c9da68e8ebb40fecee6540?s=96&d=mm&r=g","author_link":"https:\/\/construcaocivil.siriusmarketingedesign.com.br\/?author=1","description":"Desde de 2013, levando muitas informa\u00e7\u00f5es, lan\u00e7amentos e produtos de qualidade para toda cadeia produtiva da constru\u00e7\u00e3o. O Futuro da constru\u00e7\u00e3o passa por aqui,"},"uagb_featured_image_src":{"full":false,"thumbnail":false,"medium":false,"medium_large":false,"large":false,"1536x1536":false,"2048x2048":false},"uagb_author_info":{"display_name":"Jornal da Constru\u00e7\u00e3o Civil","author_link":"https:\/\/construcaocivil.siriusmarketingedesign.com.br\/?author=1"},"uagb_comment_info":0,"uagb_excerpt":"Diversos itens do segmento de adesivos e selantes estar\u00e3o dispon\u00edveis aos consumidores da rede de home centers, ampliando a presen\u00e7a da marca nos mercados paulista e fluminense Junho, 2017 &#8211; Com base nas estrat\u00e9gias definidas para expandir a presen\u00e7a de sua marca no varejo de material de constru\u00e7\u00e3o, o Grupo Amazonas fechou parceria com a&hellip;","_links":{"self":[{"href":"https:\/\/construcaocivil.siriusmarketingedesign.com.br\/index.php?rest_route=\/wp\/v2\/posts\/6393","targetHints":{"allow":["GET"]}}],"collection":[{"href":"https:\/\/construcaocivil.siriusmarketingedesign.com.br\/index.php?rest_route=\/wp\/v2\/posts"}],"about":[{"href":"https:\/\/construcaocivil.siriusmarketingedesign.com.br\/index.php?rest_route=\/wp\/v2\/types\/post"}],"author":[{"embeddable":true,"href":"https:\/\/construcaocivil.siriusmarketingedesign.com.br\/index.php?rest_route=\/wp\/v2\/users\/1"}],"replies":[{"embeddable":true,"href":"https:\/\/construcaocivil.siriusmarketingedesign.com.br\/index.php?rest_route=%2Fwp%2Fv2%2Fcomments&post=6393"}],"version-history":[{"count":0,"href":"https:\/\/construcaocivil.siriusmarketingedesign.com.br\/index.php?rest_route=\/wp\/v2\/posts\/6393\/revisions"}],"wp:attachment":[{"href":"https:\/\/construcaocivil.siriusmarketingedesign.com.br\/index.php?rest_route=%2Fwp%2Fv2%2Fmedia&parent=6393"}],"wp:term":[{"taxonomy":"category","embeddable":true,"href":"https:\/\/construcaocivil.siriusmarketingedesign.com.br\/index.php?rest_route=%2Fwp%2Fv2%2Fcategories&post=6393"},{"taxonomy":"post_tag","embeddable":true,"href":"https:\/\/construcaocivil.siriusmarketingedesign.com.br\/index.php?rest_route=%2Fwp%2Fv2%2Ftags&post=6393"}],"curies":[{"name":"wp","href":"https:\/\/api.w.org\/{rel}","templated":true}]}}